{"id":60175,"date":"2023-05-18T02:55:00","date_gmt":"2023-05-18T02:55:00","guid":{"rendered":"http:\/\/hoycordobaweb.com\/index.php\/2023\/05\/18\/declararon-culpables-a-cuatro-policias-por-la-masacre-de-san-miguel-del-monte\/"},"modified":"2023-05-18T02:55:00","modified_gmt":"2023-05-18T02:55:00","slug":"declararon-culpables-a-cuatro-policias-por-la-masacre-de-san-miguel-del-monte","status":"publish","type":"post","link":"http:\/\/hoycordobaweb.com\/index.php\/2023\/05\/18\/declararon-culpables-a-cuatro-policias-por-la-masacre-de-san-miguel-del-monte\/","title":{"rendered":"Declararon culpables a cuatro polic\u00edas por la \u00abMasacre de San Miguel del Monte\u00bb"},"content":{"rendered":"<p><img src=\"http:\/\/hoycordobaweb.com\/wp-content\/uploads\/2023\/05\/declararon-culpables-a-cuatro-policias-por-la-masacre-de-san-miguel-del-monte.jpg\"><\/p>\n<figure class=\"mb-3\"><img loading=\"lazy\" data-src=\"http:\/\/hoycordobaweb.com\/wp-content\/uploads\/2023\/05\/declararon-culpables-a-cuatro-policias-por-la-masacre-de-san-miguel-del-monte-2.jpg\" src=\"https:\/\/www.telam.com.ar\/assets\/img\/not_image.png\" class=\" lazy \" width=\"100%\" height=\"100%\" alt=\"Foto Eva Cabrera\"><figcaption> Foto: Eva Cabrera. <\/figcaption><\/figure>\n<p>Un jurado popular declar\u00f3 culpables a cuatro polic\u00edas por haber provocado lo que se denomin\u00f3 la \u00abMasacre de San Miguel del Monte\u00bb, en la que murieron cuatro j\u00f3venes que chocaron con un auto cuando eran perseguidos a los tiros en mayo del 2019.<\/p>\n<p>Tras m\u00e1s de ocho horas de deliberaci\u00f3n, <strong>los polic\u00edas Rub\u00e9n Garc\u00eda y Leonardo Ecilap\u00e9<\/strong> fueron considerados por unanimidad de los 12 jurados populares coautores del delito de \u00abhomicidio agravado por el abuso de la funci\u00f3n policial y por ser cometido mediante el empleo de arma de fuego\u00bb en perjuicio de <strong>Danilo Sansone (13), Camila L\u00f3pez (13), Gonzalo Dom\u00ednguez (14) y An\u00edbal Su\u00e1rez (22)<\/strong>, por lo que recibir\u00e1n como pena la prisi\u00f3n perpetua.<\/p>\n<p>En tanto, por mayor\u00eda de 10 de los miembros del jurado, <strong>los polic\u00edas Manuel Monreal y Mariano Ib\u00e1\u00f1ez fueron declarados culpables del delito de \u00abtentativa de homicidio agravado por el abuso de la funci\u00f3n policial y por ser cometido mediante el empleo de arma de fuego\u00bb de las mismas v\u00edctimas<\/strong>, que prev\u00e9 una pena de entre 18 y 25 a\u00f1os de prisi\u00f3n.<\/p>\n<figure class=\"mb-3\"><img loading=\"lazy\" data-src=\"http:\/\/hoycordobaweb.com\/wp-content\/uploads\/2023\/05\/declararon-culpables-a-cuatro-policias-por-la-masacre-de-san-miguel-del-monte-3.jpg\" src=\"https:\/\/www.telam.com.ar\/assets\/img\/not_image.png\" class=\" lazy \" width=\"100%\" height=\"100%\" alt=\"Foto Eva Cabrera\"><figcaption> Foto: Eva Cabrera. <\/figcaption><\/figure>\n<p>Adem\u00e1s, los cuatro polic\u00edas de la provincia de Buenos Aires fueron considerados culpables de la \u00abtentativa de homicidio agravado por su condici\u00f3n de miembros de una fuerza de seguridad\u00bb de Roc\u00edo Quagliarello, la \u00fanica sobreviviente de la masacre que ten\u00eda 13 a\u00f1os al momento del hecho.<\/p>\n<p>En el cierre de la jornada, la jueza Carolina Crispiani, a cargo del Tribunal Oral en lo Criminal 4 (TOC) de La Plata. indic\u00f3 que<strong> la audiencia de cesura, donde comunicar\u00e1 las penas de los cuatro polic\u00edas, se realizar\u00e1 el pr\u00f3ximo 2 de junio, mientras que los fundamentos de la sentencia se conocer\u00e1n una semana despu\u00e9s.<\/strong><\/p>\n<h2 class>Una jornada importante en el proceso judicial<\/h2>\n<p>La lectura del veredicto -que fue transmitida en directo por el canal de YouTube de la Suprema Corte de Justicia Bonaerense- <strong>comenz\u00f3 pasadas las 21.45 en la Sala A de los tribunales platenses con las palabras de apertura de la jueza Carilona Crispiani<\/strong>, a cargo del Tribunal Oral en lo Criminal 4 (TOC4) de La Plata.<\/p>\n<p>La sala de audiencias estuvo colmada por decenas de familiares de las v\u00edctimas y por la sobreviviente Roc\u00edo, quienes escucharon con l\u00e1grimas en los ojos y celebraron con abrazos y gritos los veredictos condenatorios.<\/p>\n<p><strong>\u00abSiento mucho orgullo por el jurado. Ten\u00eda mucha fe, cre\u00eda en la Justicia y as\u00ed fue\u00bb, dijo a T\u00e9lam Susana R\u00edos<\/strong>, la madre de Gonzalo Dom\u00ednguez, una de las v\u00edctimas.<\/p>\n<p>A su lado, y a los gritos en medio de la sala de audiencias, Hugo Su\u00e1rez, t\u00edo de An\u00edbal Su\u00e1rez asegur\u00f3 que su sobrino \u00abno era ning\u00fan asesino. La Polic\u00eda lo asesin\u00f3\u00bb.<\/p>\n<figure class=\"mb-3\"><img loading=\"lazy\" data-src=\"http:\/\/hoycordobaweb.com\/wp-content\/uploads\/2023\/05\/declararon-culpables-a-cuatro-policias-por-la-masacre-de-san-miguel-del-monte-4.jpg\" src=\"https:\/\/www.telam.com.ar\/assets\/img\/not_image.png\" class=\" lazy \" width=\"100%\" height=\"100%\" alt=\"Foto Eva Cabrera\"><figcaption> Foto: Eva Cabrera. <\/figcaption><\/figure>\n<p>Mientras, Juan Carlos Sansone, padre de Danilo, abrazaba llorando a otro de sus hijos mientras le dec\u00eda: \u00abHicimos todo hijo, tu mam\u00e1 te necesita\u00bb.<\/p>\n<p>Por su parte, el fiscal del juicio, Mariano Sibuet se\u00f1al\u00f3 a esta agencia que <strong>\u00ablas v\u00edctimas necesitaban este acto de reparaci\u00f3n<\/strong>\u00ab.<\/p>\n<p><strong>\u00abEn lo personal, fue mucho tiempo de preparaci\u00f3n de este debate. Tuve mucha interacci\u00f3n con la familia, he viajado a Monte en varias ocasiones. Los familiares me dieron una visi\u00f3n para entender lo que hab\u00eda pasado y me permitieron transmit\u00edrselo al jurado\u00bb<\/strong>, cont\u00f3 el representante del Ministerio P\u00fablico.<\/p>\n<p>Afuera, en la puerta de los Tribunales ubicados en la calle 8 entre 56 y 57, de La Plata, permanec\u00edan m\u00e1s de un centenar de personas con bombos y carteles que dec\u00edan \u00abA los pibes los mat\u00f3 la polic\u00eda\u00bb y \u00abSan Miguel del Monte pide justicia\u00bb.<\/p>\n<p>Durante la jornada de <strong>este martes se realizaron los alegatos de clausura de las partes, en los cuales el fiscal Sibuet<\/strong> hab\u00eda pedido al jurado popular que considere \u00abculpables\u00bb a Ecilap\u00e9, Monreal, Ib\u00e1\u00f1ez y Garc\u00eda, al se\u00f1alar que \u00abmostraron desprecio a las vidas de las v\u00edctimas\u00bb y que \u00abcada uno de ellos hizo un aporte esencial\u00bb para provocar el desenlace fatal.<\/p>\n<p>En la misma l\u00ednea, los abogados querellantes que representan a las familias de las v\u00edctimas coincidieron en que lo sucedido la noche del 20 mayo del 2019 fue un \u00abhomicidio brutal\u00bb y una \u00abmatanza injustificada\u00bb.<\/p>\n<p>En sentido contrario, <strong>los defensores de los uniformados sostuvieron la inocencia de ellos, ya que endilgaron la responsabilidad de los hechos a An\u00edbal, conductor del veh\u00edculo en el que viajaban las v\u00edctimas y consideraron que los agentes actuaron \u00aben cumplimiento de su deber\u00bb al intentar identificar a los j\u00f3venes antes de la persecuci\u00f3n<\/strong>.<\/p>\n<figure class=\"mb-3\"><img loading=\"lazy\" data-src=\"http:\/\/hoycordobaweb.com\/wp-content\/uploads\/2023\/05\/declararon-culpables-a-cuatro-policias-por-la-masacre-de-san-miguel-del-monte-5.jpg\" src=\"https:\/\/www.telam.com.ar\/assets\/img\/not_image.png\" class=\" lazy \" width=\"100%\" height=\"100%\" alt=\"Foto Eva Cabrera\"><figcaption> Foto: Eva Cabrera. <\/figcaption><\/figure>\n<p>Tras los alegatos, los polic\u00edas tuvieron la oportunidad de decir sus palabras finales, en las que <strong>se disculparon con los familiares de Danilo, Camila, An\u00edbal y Gonzalo<\/strong>, les dieron su \u00abm\u00e1s sentido p\u00e9same\u00bb, aunque sostuvieron que no son asesinos.<\/p>\n<h2 class>El hecho que se juzg\u00f3<\/h2>\n<p>La denominada \u00abMasacre de Monte\u00bb <strong>ocurri\u00f3 la madrugada del 20 de mayo de 2019, cuando efectivos de la comisar\u00eda local persiguieron a lo largo de la colectora de la ruta 3 a un Fiat 147 en el que viajaban cuatro adolescentes, tres de 13 a\u00f1os y uno de 14, junto a un joven de 22.<\/strong><\/p>\n<p>Los cinco chicos escuchaban m\u00fasica cuando los oficiales comenzaron a perseguirlos sin motivos y, de acuerdo con los registros de las c\u00e1maras de seguridad del municipio, a dispararles, lo que provoc\u00f3 que el auto en el que iban chocara contra el acoplado de un cami\u00f3n que estaba detenido en la ruta y cuatro de los cinco ocupantes murieran en el acto.<\/p>\n<div class=\"card col-md-10 offset-md-1 mb-4\">\n<h3 class=\"pt-2\">Relacionadas<\/h3>\n<\/p><\/div>\n","protected":false},"excerpt":{"rendered":"<p>Foto: Eva Cabrera. Un jurado popular declar\u00f3 culpables a cuatro polic\u00edas por haber provocado lo que se denomin\u00f3 la \u00abMasacre de San Miguel del Monte\u00bb, en la que murieron cuatro j\u00f3venes que chocaron con un auto cuando eran perseguidos a los tiros en mayo del 2019. Tras m\u00e1s de ocho horas de deliberaci\u00f3n, los polic\u00edas [&hellip;]<\/p>\n","protected":false},"author":1,"featured_media":60176,"comment_status":"open","ping_status":"closed","sticky":false,"template":"","format":"standard","meta":[],"categories":[19],"tags":[],"_links":{"self":[{"href":"http:\/\/hoycordobaweb.com\/index.php\/wp-json\/wp\/v2\/posts\/60175"}],"collection":[{"href":"http:\/\/hoycordobaweb.com\/index.php\/wp-json\/wp\/v2\/posts"}],"about":[{"href":"http:\/\/hoycordobaweb.com\/index.php\/wp-json\/wp\/v2\/types\/post"}],"author":[{"embeddable":true,"href":"http:\/\/hoycordobaweb.com\/index.php\/wp-json\/wp\/v2\/users\/1"}],"replies":[{"embeddable":true,"href":"http:\/\/hoycordobaweb.com\/index.php\/wp-json\/wp\/v2\/comments?post=60175"}],"version-history":[{"count":0,"href":"http:\/\/hoycordobaweb.com\/index.php\/wp-json\/wp\/v2\/posts\/60175\/revisions"}],"wp:featuredmedia":[{"embeddable":true,"href":"http:\/\/hoycordobaweb.com\/index.php\/wp-json\/wp\/v2\/media\/60176"}],"wp:attachment":[{"href":"http:\/\/hoycordobaweb.com\/index.php\/wp-json\/wp\/v2\/media?parent=60175"}],"wp:term":[{"taxonomy":"category","embeddable":true,"href":"http:\/\/hoycordobaweb.com\/index.php\/wp-json\/wp\/v2\/categories?post=60175"},{"taxonomy":"post_tag","embeddable":true,"href":"http:\/\/hoycordobaweb.com\/index.php\/wp-json\/wp\/v2\/tags?post=60175"}],"curies":[{"name":"wp","href":"https:\/\/api.w.org\/{rel}","templated":true}]}}