{"id":6017,"date":"2020-11-25T23:18:00","date_gmt":"2020-11-25T23:18:00","guid":{"rendered":"http:\/\/hoycordobaweb.com\/index.php\/2020\/11\/25\/penitenciarios-buscan-despegarse-del-espionaje-pero-no-explican-la-informacion-en-manos-de-la-afi\/"},"modified":"2020-11-25T23:18:00","modified_gmt":"2020-11-25T23:18:00","slug":"penitenciarios-buscan-despegarse-del-espionaje-pero-no-explican-la-informacion-en-manos-de-la-afi","status":"publish","type":"post","link":"http:\/\/hoycordobaweb.com\/index.php\/2020\/11\/25\/penitenciarios-buscan-despegarse-del-espionaje-pero-no-explican-la-informacion-en-manos-de-la-afi\/","title":{"rendered":"Penitenciarios buscan despegarse del espionaje, pero no explican la informaci\u00f3n en manos de la AFI"},"content":{"rendered":"<p><img src=\"http:\/\/hoycordobaweb.com\/wp-content\/uploads\/2020\/11\/penitenciarios-buscan-despegarse-del-espionaje-pero-no-explican-la-informacion-en-manos-de-la-afi.jpg\"><\/p>\n<div class=\"image\" id=\"image\"> <img src=\"http:\/\/hoycordobaweb.com\/wp-content\/uploads\/2020\/11\/penitenciarios-buscan-despegarse-del-espionaje-pero-no-explican-la-informacion-en-manos-de-la-afi-2.jpg\" alt title><\/div>\n<p>El exdirector de An\u00e1lisis de Informaci\u00f3n del Servicio Penitenciario Federal (SPF), <strong>Cristian Suriano, neg\u00f3 haber participado de maniobras de espionaje ilegal sobre exfuncionarios, empresarios y sindicalistas que estuvieron presos en el Penal de Ezeiza<\/strong>, pero no pudo justificar por qu\u00e9 algunos informes producidos por el \u00e1rea que encabezaba terminaron en tel\u00e9fonos celulares de miembros de la Agencia Federal de Inteligencia (AFI) durante el gobierno de Mauricio Macri.<\/p>\n<p>El exjefe del \u00e1rea de inteligencia del SPF \u2013seg\u00fan se conoce a la direcci\u00f3n de An\u00e1lisis de Informaci\u00f3n- acept\u00f3 responder preguntas del juez y de los fiscales en el marco de la causa por espionaje ilegal que tramita en Lomas de Zamora.<\/p>\n<p>En esa sede judicial, <strong>Suriano sostuvo que la informaci\u00f3n que recababa estaba vinculada a su funci\u00f3n formal y ten\u00eda que ver con evaluar los riesgos y la peligrosidad que representaban los detenidos<\/strong>, seg\u00fan pudo reconstruir T\u00e9lam.<\/p>\n<p>Durante la indagatoria, que dur\u00f3 alrededor de tres horas y se hizo a trav\u00e9s de la plataforma virtual Zoom, el exfuncionario asegur\u00f3 que la informaci\u00f3n recabada en penales del SPF correspond\u00eda a los 1800 presos calificados como de riesgo o peligrosidad.<\/p>\n<p>Sin embargo,<strong> no pudo explicar por qu\u00e9 en el grupo de whatsapp identificado como \u201cC\u00edrculo de Confianza\u201d solo circulaban informaci\u00f3n sobre los detenidos dentro del programa IRIC, en su mayor\u00eda exfuncionarios de los gobiernos de N\u00e9stor y Cristina Fern\u00e1ndez de Kirchner<\/strong>.<\/p>\n<p>Aunque su reconoci\u00f3 su relaci\u00f3n con el exagente de la AFI y exmiembro del SPF, Jorge \u201cturco\u201d S\u00e1ez, tambi\u00e9n imputado por espionaje ilegal, afirm\u00f3 que no intercambiaba con \u00e9l informaci\u00f3n, sino que pod\u00edan juntarse a compartir un rato porque se conoc\u00edan hac\u00eda tiempo y S\u00e1ez era reconocido por su papel como especialista en recaptura de evadidos.<\/p>\n<p>Suriano tambi\u00e9n busc\u00f3 desvincularse de la decisi\u00f3n de colocar al narcotraficante Mario Segovia en el pabell\u00f3n IRIC, junto a exfuncionarios, en lo que fue la excusa para intervenir los tel\u00e9fonos p\u00fablicos de esa zona del penal de Ezeiza y le apunt\u00f3 por ese movimiento a la exdirectora de esa c\u00e1rcel, Sonia \u00c1lvarez, seg\u00fan pudo establecer T\u00e9lam en base a testimonios suministrados por fuentes con acceso al expediente.<\/p>\n<p>El exdirector de reuni\u00f3n de An\u00e1lisis del SPF <strong>respondi\u00f3 tambi\u00e9n sobre la visita que realiz\u00f3 al Penal de Ezeiza un grupo de exagentes de la AFI encabezados por el procesado exdirector de Operaciones Especiales, Alan Ruiz, y lo enmarc\u00f3 dentro del convenio para intercambio de tecnolog\u00eda suscripto entre el SPF y la AFI a trav\u00e9s de sus entonces titulares, Emiliano Blanco y Gustavo Arribas<\/strong>, respectivamente.<\/p>\n<p>Hoy tambi\u00e9n declar\u00f3 ante el juez federal de Lomas de Zamora, Juan Pablo Aug\u00e9, y los fiscales Santiago Eyherabide y Cecilia Incardona, el ex n\u00famero dos de Suriano en el \u00e1rea de inteligencia del SPF, Juan Carlos Silveira, indicaron fuentes judiciales.<\/p>\n<p>Ambos est\u00e1n acusados de haber dispuesto y orientado \u201clos recursos t\u00e9cnicos y humanos, para concretar uno de los circuitos que permitieron la obtenci\u00f3n, r\u00e1pida, segura y efectiva de la informaci\u00f3n vedada por ley, de la que al menos una parte sustancial termin\u00f3 luego en manos de agentes de AFI y con prop\u00f3sitos de espionaje adicionales\u201d.<\/p>\n<p>\u201cEsta informaci\u00f3n lleg\u00f3 a manos del Director de Operaciones Especiales Alan Ruiz, Mercedes Funes Silva, Denise Aya Tenorio, Leandro Araque y Facundo Melo, al menos\u201d, hab\u00edan se\u00f1alado los fiscales cuando requirieron que las indagatorias de los exagentes del SPF en el marco del denominado \u201cLegajo 9\u201d que investiga supuestas maniobras de espionaje ilegal desplegadas contra personas privadas de su libertad, su entornos y hasta sus abogados.<\/p>\n<p><strong>Para llevar a cabo la sistematizaci\u00f3n de la informaci\u00f3n recolectada a trav\u00e9s del espionaje, \u201cse estableci\u00f3 un mecanismo de identificaci\u00f3n por colores a las personas detenidas, se les asign\u00f3 un Agente de AFI \u2018responsable\u00b4 por cada detenido y se fijaron objetivos ulteriores de vulneraci\u00f3n de su informaci\u00f3n, mucho m\u00e1s profundo y abarcativo y que en parte tambi\u00e9n pod\u00eda ser abastecido desde informaci\u00f3n proveniente del SPF\u201d<\/strong>, seg\u00fan surge de la imputaci\u00f3n.<\/p>\n<p>Entre las v\u00edctimas del espionaje ilegal desplegado contra personas que est\u00e1n o estuvieron detenidas se encuentran el exsecretario de Transporte, Ricardo Jaime; los empresarios L\u00e1zaro B\u00e1ez, Gerardo Ferreyra, Fabi\u00e1n De Sousa y Crist\u00f3bal L\u00f3pez, el abogado Jorge Chueco, el ex ministro de Planificaci\u00f3n Federal, Julio De Vido; el exfuncionario Carlos Santiago Kirchner, el exjefe del ej\u00e9rcito C\u00e9sar Milani, y el exvicepresidente Amado Boudou. <\/p>\n","protected":false},"excerpt":{"rendered":"<p>El exdirector de An\u00e1lisis de Informaci\u00f3n del Servicio Penitenciario Federal (SPF), Cristian Suriano, neg\u00f3 haber participado de maniobras de espionaje ilegal sobre exfuncionarios, empresarios y sindicalistas que estuvieron presos en el Penal de Ezeiza, pero no pudo justificar por qu\u00e9 algunos informes producidos por el \u00e1rea que encabezaba terminaron en tel\u00e9fonos celulares de miembros de [&hellip;]<\/p>\n","protected":false},"author":1,"featured_media":6018,"comment_status":"open","ping_status":"closed","sticky":false,"template":"","format":"standard","meta":[],"categories":[19],"tags":[],"_links":{"self":[{"href":"http:\/\/hoycordobaweb.com\/index.php\/wp-json\/wp\/v2\/posts\/6017"}],"collection":[{"href":"http:\/\/hoycordobaweb.com\/index.php\/wp-json\/wp\/v2\/posts"}],"about":[{"href":"http:\/\/hoycordobaweb.com\/index.php\/wp-json\/wp\/v2\/types\/post"}],"author":[{"embeddable":true,"href":"http:\/\/hoycordobaweb.com\/index.php\/wp-json\/wp\/v2\/users\/1"}],"replies":[{"embeddable":true,"href":"http:\/\/hoycordobaweb.com\/index.php\/wp-json\/wp\/v2\/comments?post=6017"}],"version-history":[{"count":0,"href":"http:\/\/hoycordobaweb.com\/index.php\/wp-json\/wp\/v2\/posts\/6017\/revisions"}],"wp:featuredmedia":[{"embeddable":true,"href":"http:\/\/hoycordobaweb.com\/index.php\/wp-json\/wp\/v2\/media\/6018"}],"wp:attachment":[{"href":"http:\/\/hoycordobaweb.com\/index.php\/wp-json\/wp\/v2\/media?parent=6017"}],"wp:term":[{"taxonomy":"category","embeddable":true,"href":"http:\/\/hoycordobaweb.com\/index.php\/wp-json\/wp\/v2\/categories?post=6017"},{"taxonomy":"post_tag","embeddable":true,"href":"http:\/\/hoycordobaweb.com\/index.php\/wp-json\/wp\/v2\/tags?post=6017"}],"curies":[{"name":"wp","href":"https:\/\/api.w.org\/{rel}","templated":true}]}}