{"id":60161,"date":"2023-05-17T23:37:37","date_gmt":"2023-05-17T23:37:37","guid":{"rendered":"https:\/\/www.ole.com.ar\/futbol-internacional\/julian-alvarez-lautaro-martinez-campeones-champions-mundial_0_fcaLlqfnUB.html"},"modified":"2023-05-17T23:37:37","modified_gmt":"2023-05-17T23:37:37","slug":"los-11-campeones-de-la-champions-y-del-mundial-en-la-misma-temporada","status":"publish","type":"post","link":"http:\/\/hoycordobaweb.com\/index.php\/2023\/05\/17\/los-11-campeones-de-la-champions-y-del-mundial-en-la-misma-temporada\/","title":{"rendered":"Los 11 campeones de la Champions y del Mundial en la misma temporada"},"content":{"rendered":"<p><img src=\"http:\/\/hoycordobaweb.com\/wp-content\/uploads\/2023\/05\/los-11-campeones-de-la-champions-y-del-mundial-en-la-misma-temporada.jpg\"><\/p>\n<p><time class=\"createDate\" datetime=\"2023-05-17T20:37:37-03:00\">17\/05\/2023 20:37hs.<\/time><time class=\"modificatedDate\" datetime=\"2023\/05\/17T20:37:37-03:00\"><\/time><\/p>\n<div id=\"storyBody\">\n<div class=\"custom-text \" readability=\"40\">\n<p><strong>Ganar la Copa del Mundo no es para cualquiera: de millones de futbolistas, s\u00f3lo 471 alcanzaron la gloria m\u00e1xima<\/strong>. M\u00e1s dif\u00edcil es, tambi\u00e9n, haber alzado la Champions Leaguge: 80 fueron los privilegiados. Pero hacerlo en la misma temporada es s\u00f3lo para un grupo muy reducido.<strong> Apenas 11 jugadores experimentaron el famoso doblete. Y el 10 de junio, en Estambul, Juli\u00e1n \u00c1lvarez o Lautaro Mart\u00ednez se sumar\u00e1n a la lista.<\/strong><\/p>\n<\/div>\n<div class=\"sc-e7b891c4-0 jPbnQF\"><img alt=\"El Ara\u00f1a y el Toro, campeones del mundo en Qatar. (REUTERS)\" src=\"http:\/\/hoycordobaweb.com\/wp-content\/uploads\/2023\/05\/los-11-campeones-de-la-champions-y-del-mundial-en-la-misma-temporada-2.jpg\" width=\"72\" height=\"10\" decoding=\"async\" data-nimg=\"future\" loading=\"lazy\"><span class=\"epigraphe\">El Ara\u00f1a y el Toro, campeones del mundo en Qatar. (REUTERS)<\/span><\/div>\n<div class=\"sc-a7166897-0 exHLBh\" readability=\"6\">\n<section readability=\"2\"><picture><img alt=\"\u00bfPor qu\u00e9 los hinchas del City festejan de espalda?\" src=\"http:\/\/hoycordobaweb.com\/wp-content\/uploads\/2023\/05\/los-11-campeones-de-la-champions-y-del-mundial-en-la-misma-temporada-3.jpg\" width=\"29\" height=\"29\" decoding=\"async\" data-nimg=\"future\" loading=\"lazy\"><\/picture>\n<p><span>Mir\u00e1 tambi\u00e9n<\/span><\/p>\n<hr>\n<h3>\u00bfPor qu\u00e9 los hinchas del City festejan de espalda?<\/h3>\n<\/p>\n<\/section>\n<\/div>\n<p><h2><strong><em>EL SELECTO CLUB DE LOS 11<\/em><\/strong><\/h2>\n<\/p>\n<div class=\"custom-text \" readability=\"45\">\n<p><strong>Sepp Maier, Paul Breitner, Hans-Georg Schwarzenbeck, Franz Beckenbauer, Gerd M\u00fcller, Uli Hoeness y Jupp Kapellmann (1974)<\/strong>: estos siete futbolistas formaron parte de la primera Copa de Europa del Bayern Munich, gan\u00e1ndole 4-0 al Atl\u00e9tico de Madrid, en Bruselas, en el partido de desempate (empataron 1-1 en el primero). Poco m\u00e1s de un mes despu\u00e9s, los mismos ganaron la Copa del Mundo con Alemania Federal, 2-1 ante la Holanda de Johan Cruyff.<\/p>\n<\/div>\n<div class=\"custom-text \" readability=\"39\">\n<p><strong>Christian Karembeu (1998)<\/strong>: Este volante franc\u00e9s comparti\u00f3 mediocampo con Fernando Redondo y Clarence Seedorf en la final de Champions que el Real Madrid le gan\u00f3 1-0 a la Juventus, en Amsterdam. A los dos meses, con la 19 en la espalda, se consagr\u00f3 campe\u00f3n del Mundial de Francia, goleando 3-0 a Brasil en la final del Stade de France.<\/p>\n<\/div>\n<div class=\"sc-e7b891c4-0 jPbnQF\"><img alt=\"Franz Beckenbauer, capit\u00e1n y campe\u00f3n en Alemania 1974.\" src=\"http:\/\/hoycordobaweb.com\/wp-content\/uploads\/2023\/05\/los-11-campeones-de-la-champions-y-del-mundial-en-la-misma-temporada-4.jpg\" width=\"72\" height=\"10\" decoding=\"async\" data-nimg=\"future\" loading=\"lazy\"><span class=\"epigraphe\">Franz Beckenbauer, capit\u00e1n y campe\u00f3n en Alemania 1974.<\/span><\/div>\n<div class=\"sc-a7166897-0 exHLBh\" readability=\"7.5\">\n<section readability=\"5\"><picture><img alt=\"Bielsa fue presentado y habl\u00f3 de todo: jugadores, &quot;pelear un Mundial&quot;, an\u00e9cdotas y m\u00e1s\" src=\"http:\/\/hoycordobaweb.com\/wp-content\/uploads\/2023\/05\/los-11-campeones-de-la-champions-y-del-mundial-en-la-misma-temporada-5.jpg\" width=\"29\" height=\"29\" decoding=\"async\" data-nimg=\"future\" loading=\"lazy\"><\/picture>\n<p><span>Mir\u00e1 tambi\u00e9n<\/span><\/p>\n<hr>\n<h3>Bielsa fue presentado y habl\u00f3 de todo: jugadores, \u00abpelear un Mundial\u00bb, an\u00e9cdotas y m\u00e1s<\/h3>\n<\/p>\n<\/section>\n<\/div>\n<div class=\"custom-text \" readability=\"41\">\n<p><strong>Roberto Carlos (2002)<\/strong>: No eran los Gal\u00e1cticos, pero casi. Con Vicente Del Bosque como entrenador, el lateral izquierdo se qued\u00f3 con la Champions del 2002, tras ganarle 2-1 el partido decisivo al Bayer Leverkusen (s\u00ed, el d\u00eda de la famosa volea de Zidane). Al poco tiempo, en Corea-Jap\u00f3n, su Canarinha venci\u00f3 2-0 a Alemania y consigui\u00f3 la quinta y hasta ahora \u00faltima estrella de su historia.<\/p>\n<\/div>\n<div class=\"custom-text \" readability=\"39\">\n<p><strong>Sami Khedira (2014)<\/strong>: En un partido hist\u00f3rico en Lisboa, comparti\u00f3 el doble cinco con Luka Modric y dio vuelta la final de la Champions ante el Atl\u00e9tico de Madrid, para terminar goleando 4-1. A los d\u00edas, en la Copa del Mundo de Brasil, super\u00f3 1-0 a la Argentina de Lionel Messi y le regal\u00f3 a Alemania su cuarto Mundial. Como bonus crack: fue una de las figuras en el 7-1 ante Brasil.<\/p>\n<\/div>\n<div class=\"custom-text \" readability=\"39\">\n<p><strong>R\u00e4pha\u00ebl Varane (2018)<\/strong>: Hasta el 10 de junio gozar\u00e1 de ser el \u00faltimo de esta lista. En el Real Madrid, conform\u00f3 una zaga central con Sergio Ramos que termin\u00f3 consagr\u00e1ndose en la final de la Orejona vs. Liverpool, 3-1. Despu\u00e9s, la romper\u00eda en la Copa del Mundo de Rusia y ganar\u00eda la 2\u00aa estrella de Les Bleus, pasando por arriba a Croacia con un rotundo 4-2.<\/p>\n<\/div>\n<div class=\"sc-e7b891c4-0 jPbnQF\"><img alt=\"Varane, en 2018, consigui\u00f3 su cuarta Champions en Kiev.\" src=\"http:\/\/hoycordobaweb.com\/wp-content\/uploads\/2023\/05\/los-11-campeones-de-la-champions-y-del-mundial-en-la-misma-temporada-6.jpg\" width=\"72\" height=\"10\" decoding=\"async\" data-nimg=\"future\" loading=\"lazy\"><span class=\"epigraphe\">Varane, en 2018, consigui\u00f3 su cuarta Champions en Kiev.<\/span><\/div>\n<div class=\"sc-a7166897-0 exHLBh\" readability=\"6\">\n<section readability=\"2\"><picture><img alt=\"Bernardo Silva: doblete al Real Madrid y \u00bfse va para reemplazar a Messi en el PSG?\" src=\"http:\/\/hoycordobaweb.com\/wp-content\/uploads\/2023\/05\/los-11-campeones-de-la-champions-y-del-mundial-en-la-misma-temporada-7.jpg\" width=\"29\" height=\"29\" decoding=\"async\" data-nimg=\"future\" loading=\"lazy\"><\/picture>\n<p><span>Mir\u00e1 tambi\u00e9n<\/span><\/p>\n<hr>\n<h3>Bernardo Silva: doblete al Real Madrid y \u00bfse va para reemplazar a Messi en el PSG?<\/h3>\n<\/p>\n<\/section>\n<\/div>\n<div class=\"sc-a7166897-0 exHLBh\" readability=\"6\">\n<section readability=\"2\"><picture><img alt=\"\u00bfAlexis S\u00e1nchez vuelve a Arsenal en la pr\u00f3xima temporada?\" src=\"http:\/\/hoycordobaweb.com\/wp-content\/uploads\/2023\/05\/los-11-campeones-de-la-champions-y-del-mundial-en-la-misma-temporada-8.jpg\" width=\"29\" height=\"29\" decoding=\"async\" data-nimg=\"future\" loading=\"lazy\"><\/picture>\n<p><span>Mir\u00e1 tambi\u00e9n<\/span><\/p>\n<hr>\n<h3>\u00bfAlexis S\u00e1nchez vuelve a Arsenal en la pr\u00f3xima temporada?<\/h3>\n<\/p>\n<\/section>\n<\/div>\n<\/div>\n","protected":false},"excerpt":{"rendered":"<p>17\/05\/2023 20:37hs. Ganar la Copa del Mundo no es para cualquiera: de millones de futbolistas, s\u00f3lo 471 alcanzaron la gloria m\u00e1xima. M\u00e1s dif\u00edcil es, tambi\u00e9n, haber alzado la Champions Leaguge: 80 fueron los privilegiados. Pero hacerlo en la misma temporada es s\u00f3lo para un grupo muy reducido. Apenas 11 jugadores experimentaron el famoso doblete. Y [&hellip;]<\/p>\n","protected":false},"author":1,"featured_media":60162,"comment_status":"open","ping_status":"closed","sticky":false,"template":"","format":"standard","meta":[],"categories":[16],"tags":[],"_links":{"self":[{"href":"http:\/\/hoycordobaweb.com\/index.php\/wp-json\/wp\/v2\/posts\/60161"}],"collection":[{"href":"http:\/\/hoycordobaweb.com\/index.php\/wp-json\/wp\/v2\/posts"}],"about":[{"href":"http:\/\/hoycordobaweb.com\/index.php\/wp-json\/wp\/v2\/types\/post"}],"author":[{"embeddable":true,"href":"http:\/\/hoycordobaweb.com\/index.php\/wp-json\/wp\/v2\/users\/1"}],"replies":[{"embeddable":true,"href":"http:\/\/hoycordobaweb.com\/index.php\/wp-json\/wp\/v2\/comments?post=60161"}],"version-history":[{"count":0,"href":"http:\/\/hoycordobaweb.com\/index.php\/wp-json\/wp\/v2\/posts\/60161\/revisions"}],"wp:featuredmedia":[{"embeddable":true,"href":"http:\/\/hoycordobaweb.com\/index.php\/wp-json\/wp\/v2\/media\/60162"}],"wp:attachment":[{"href":"http:\/\/hoycordobaweb.com\/index.php\/wp-json\/wp\/v2\/media?parent=60161"}],"wp:term":[{"taxonomy":"category","embeddable":true,"href":"http:\/\/hoycordobaweb.com\/index.php\/wp-json\/wp\/v2\/categories?post=60161"},{"taxonomy":"post_tag","embeddable":true,"href":"http:\/\/hoycordobaweb.com\/index.php\/wp-json\/wp\/v2\/tags?post=60161"}],"curies":[{"name":"wp","href":"https:\/\/api.w.org\/{rel}","templated":true}]}}