{"id":60142,"date":"2023-05-17T20:01:00","date_gmt":"2023-05-17T20:01:00","guid":{"rendered":"http:\/\/hoycordobaweb.com\/index.php\/2023\/05\/17\/matias-soule-develo-en-que-equipo-del-futbol-argentino-le-gustaria-jugar-en-el-futuro\/"},"modified":"2023-05-17T20:01:00","modified_gmt":"2023-05-17T20:01:00","slug":"matias-soule-develo-en-que-equipo-del-futbol-argentino-le-gustaria-jugar-en-el-futuro","status":"publish","type":"post","link":"http:\/\/hoycordobaweb.com\/index.php\/2023\/05\/17\/matias-soule-develo-en-que-equipo-del-futbol-argentino-le-gustaria-jugar-en-el-futuro\/","title":{"rendered":"Mat\u00edas Soul\u00e9 devel\u00f3 en qu\u00e9 equipo del <b>f\u00fatbol argentino<\/b> le gustar\u00eda jugar en el futuro"},"content":{"rendered":"<p>El delantero de la Juventus y la Selecci\u00f3n <b>Argentina<\/b> Sub 20 tambi\u00e9n revel\u00f3 qui\u00e9n fue su \u00eddolo futbol\u00edstico durante su infancia. Por Canal26. <\/p>\n","protected":false},"excerpt":{"rendered":"<p>El delantero de la Juventus y la Selecci\u00f3n Argentina Sub 20 tambi\u00e9n revel\u00f3 qui\u00e9n fue su \u00eddolo futbol\u00edstico durante su infancia. Por Canal26.<\/p>\n","protected":false},"author":1,"featured_media":0,"comment_status":"closed","ping_status":"closed","sticky":false,"template":"","format":"standard","meta":[],"categories":[22],"tags":[],"_links":{"self":[{"href":"http:\/\/hoycordobaweb.com\/index.php\/wp-json\/wp\/v2\/posts\/60142"}],"collection":[{"href":"http:\/\/hoycordobaweb.com\/index.php\/wp-json\/wp\/v2\/posts"}],"about":[{"href":"http:\/\/hoycordobaweb.com\/index.php\/wp-json\/wp\/v2\/types\/post"}],"author":[{"embeddable":true,"href":"http:\/\/hoycordobaweb.com\/index.php\/wp-json\/wp\/v2\/users\/1"}],"replies":[{"embeddable":true,"href":"http:\/\/hoycordobaweb.com\/index.php\/wp-json\/wp\/v2\/comments?post=60142"}],"version-history":[{"count":0,"href":"http:\/\/hoycordobaweb.com\/index.php\/wp-json\/wp\/v2\/posts\/60142\/revisions"}],"wp:attachment":[{"href":"http:\/\/hoycordobaweb.com\/index.php\/wp-json\/wp\/v2\/media?parent=60142"}],"wp:term":[{"taxonomy":"category","embeddable":true,"href":"http:\/\/hoycordobaweb.com\/index.php\/wp-json\/wp\/v2\/categories?post=60142"},{"taxonomy":"post_tag","embeddable":true,"href":"http:\/\/hoycordobaweb.com\/index.php\/wp-json\/wp\/v2\/tags?post=60142"}],"curies":[{"name":"wp","href":"https:\/\/api.w.org\/{rel}","templated":true}]}}