{"id":60123,"date":"2023-05-17T01:44:00","date_gmt":"2023-05-17T01:44:00","guid":{"rendered":"http:\/\/hoycordobaweb.com\/index.php\/2023\/05\/17\/el-ministerio-de-cultura-ayudo-a-una-joven-violinista-a-seguir-sus-estudios-en-eeuu\/"},"modified":"2023-05-17T01:44:00","modified_gmt":"2023-05-17T01:44:00","slug":"el-ministerio-de-cultura-ayudo-a-una-joven-violinista-a-seguir-sus-estudios-en-eeuu","status":"publish","type":"post","link":"http:\/\/hoycordobaweb.com\/index.php\/2023\/05\/17\/el-ministerio-de-cultura-ayudo-a-una-joven-violinista-a-seguir-sus-estudios-en-eeuu\/","title":{"rendered":"El Ministerio de Cultura ayud\u00f3 a una joven violinista a seguir sus estudios en EEUU"},"content":{"rendered":"<p><img src=\"http:\/\/hoycordobaweb.com\/wp-content\/uploads\/2023\/05\/el-ministerio-de-cultura-ayudo-a-una-joven-violinista-a-seguir-sus-estudios-en-eeuu.jpg\"><\/p>\n<figure class=\"mb-3\"><img loading=\"lazy\" data-src=\"http:\/\/hoycordobaweb.com\/wp-content\/uploads\/2023\/05\/el-ministerio-de-cultura-ayudo-a-una-joven-violinista-a-seguir-sus-estudios-en-eeuu-2.jpg\" src=\"https:\/\/www.telam.com.ar\/assets\/img\/not_image.png\" class=\" lazy \" width=\"100%\" height=\"100%\" alt=\"Pelicano fue la becaria ms joven en la historia en recibir la Beca Teresa Grneisen del Mozarteum Argentina Foto Archivo\"><figcaption> Pelicano fue la becaria m\u00e1s joven en la historia en recibir la Beca Teresa Gr\u00fcneisen del Mozarteum Argentina \/ Foto: Archivo. <\/figcaption><\/figure>\n<p>El Ministerio de Cultura de la Naci\u00f3n colabor\u00f3 para que la violinista argentina Pilar Policano, de 15 a\u00f1os, pueda continuar con sus estudios en el prestigioso Perlman Music Program de Nueva York, en el cual qued\u00f3 seleccionada.<\/p>\n<p>\u00abCon la firme convicci\u00f3n de que hay que acompa\u00f1ar a las y los artistas argentinos para que puedan desarrollar su carrera, sobre todo en los primeros a\u00f1os de formaci\u00f3n, el Ministerio brind\u00f3 apoyo a Pilar Policano luego de que haya sido admitida, entre miles de postulantes del mundo, para desarrollase en uno de los programas m\u00e1s prestigiosos del mundo a cargo del c\u00e9lebre violinista Itzhak Perlman\u00bb, destac\u00f3 la cartera a cargo de Trist\u00e1n Bauer.<\/p>\n<blockquote class=\"twitter-tweet\" readability=\"10.72625698324\">\n<p lang=\"es\" dir=\"ltr\">\u00a1Una embajadora de nuestra cultura! \ud83c\udde6\ud83c\uddf7<\/p>\n<p>Nos enorgullece poder brindar apoyo y acompa\u00f1ar a la joven violinista bonaerense, Pilar Policano, que fue admitida para participar en el Perlman Music Program de Nueva York, uno de los programas de estudio m\u00e1s prestigiosos del mundo. <a href=\"https:\/\/t.co\/z9CGXz6hQA\">pic.twitter.com\/z9CGXz6hQA<\/a><\/p>\n<p>\u2014 Cultura Naci\u00f3n (@CulturaNacionAR) <a href=\"https:\/\/twitter.com\/CulturaNacionAR\/status\/1658524763206057989?ref_src=twsrc%5Etfw\">May 16, 2023<\/a><\/p><\/blockquote>\n<p><strong>Nacida en Remedios de Escalada<\/strong>, Provincia de Buenos Aires, desde muy peque\u00f1a estuvo en contacto con la m\u00fasica: <strong>su madre, Laura Minniti, es la directora de una orquesta-escuela del conurbano bonaerense<\/strong>. A los seis a\u00f1os comenz\u00f3 sus estudios de viol\u00edn en la Orquesta-escuela de Lan\u00fas y desde los once a\u00f1os continu\u00f3 bajo la gu\u00eda del maestro Rafael Gintoli.<\/p>\n<p><strong>Su primera presentaci\u00f3n como solista con orquesta fue a los 9 a\u00f1os y a los 14 toc\u00f3 el complejo \u00abConcierto para viol\u00edn\u00bb, de Jean Sibelius<\/strong>. Luego se present\u00f3 junto a la <em>Orquesta Filarm\u00f3nica de Buenos Aires<\/em> en el Teatro Col\u00f3n, con <em>Orquesta Sinf\u00f3nica Nacional Argentina<\/em> en el Centro Cultural Kirchner, con la <em>Orquesta de la Radio y TV Serbia <\/em>en Belgrado, la <em>Orquesta Uniart Paris <\/em>(Francia) entre otras.<\/p>\n<p>Despu\u00e9s de ganar la <strong>Beca Teresa Gr\u00fcneisen del Mozarteum Argentina<\/strong>, siendo <strong>la becaria m\u00e1s joven en la historia <\/strong>de esta instituci\u00f3n en recibirla, se mud\u00f3 junto a toda su familia a Viena para tomar clases con <em>Boris Kuschnir<\/em>. Un recorrido similar al que hicieron Daniel Barenboim y Martha Argerich.<\/p>\n<div class=\"video_repositive\"> <a class=\"video_sticky\" href=\"javascript:void();\" onclick=\"removeStuckVideo(true);\"><i class=\"far fa-window-close\"><\/i><\/a> <\/p>\n<div id=\"rXnLepspFDg\" class=\"video_telam\" readability=\"6\">\n<div class=\"feature_article_inner\" readability=\"32\">\n<p><h2 class=\"text-center\">La violinista Pilar Policano<\/h2>\n<\/p><\/div>\n<p>VER VIDEO <i class=\"fas fa-play\"><\/i><\/p>\n<\/p><\/div><\/div>\n<p>Con 15 a\u00f1os ya gan\u00f3 numerosos concursos internacionales, entre ellos, el<em> Grand Prix en la V Yankelevitch International Violin Competition<\/em> (Omsk) y el <em>primer lugar en la categor\u00eda Junior del International Violino Competition<\/em>, San Petersburgo, premio otorgado por decisi\u00f3n un\u00e1nime del jurado, entre muchos otros.<\/p>\n<p>Actualmente, vive junto a su familia en Austria, y hace poco<strong> toc\u00f3 el viol\u00edn ante el Papa Francisco <\/strong>en la gira que el Sumo Pont\u00edfice realiz\u00f3 por Hungr\u00eda. <\/p>\n","protected":false},"excerpt":{"rendered":"<p>Pelicano fue la becaria m\u00e1s joven en la historia en recibir la Beca Teresa Gr\u00fcneisen del Mozarteum Argentina \/ Foto: Archivo. El Ministerio de Cultura de la Naci\u00f3n colabor\u00f3 para que la violinista argentina Pilar Policano, de 15 a\u00f1os, pueda continuar con sus estudios en el prestigioso Perlman Music Program de Nueva York, en el [&hellip;]<\/p>\n","protected":false},"author":1,"featured_media":60124,"comment_status":"open","ping_status":"closed","sticky":false,"template":"","format":"standard","meta":[],"categories":[19],"tags":[],"_links":{"self":[{"href":"http:\/\/hoycordobaweb.com\/index.php\/wp-json\/wp\/v2\/posts\/60123"}],"collection":[{"href":"http:\/\/hoycordobaweb.com\/index.php\/wp-json\/wp\/v2\/posts"}],"about":[{"href":"http:\/\/hoycordobaweb.com\/index.php\/wp-json\/wp\/v2\/types\/post"}],"author":[{"embeddable":true,"href":"http:\/\/hoycordobaweb.com\/index.php\/wp-json\/wp\/v2\/users\/1"}],"replies":[{"embeddable":true,"href":"http:\/\/hoycordobaweb.com\/index.php\/wp-json\/wp\/v2\/comments?post=60123"}],"version-history":[{"count":0,"href":"http:\/\/hoycordobaweb.com\/index.php\/wp-json\/wp\/v2\/posts\/60123\/revisions"}],"wp:featuredmedia":[{"embeddable":true,"href":"http:\/\/hoycordobaweb.com\/index.php\/wp-json\/wp\/v2\/media\/60124"}],"wp:attachment":[{"href":"http:\/\/hoycordobaweb.com\/index.php\/wp-json\/wp\/v2\/media?parent=60123"}],"wp:term":[{"taxonomy":"category","embeddable":true,"href":"http:\/\/hoycordobaweb.com\/index.php\/wp-json\/wp\/v2\/categories?post=60123"},{"taxonomy":"post_tag","embeddable":true,"href":"http:\/\/hoycordobaweb.com\/index.php\/wp-json\/wp\/v2\/tags?post=60123"}],"curies":[{"name":"wp","href":"https:\/\/api.w.org\/{rel}","templated":true}]}}