{"id":60088,"date":"2023-05-16T20:52:12","date_gmt":"2023-05-16T20:52:12","guid":{"rendered":"http:\/\/hoycordobaweb.com\/index.php\/2023\/05\/16\/confirmado-un-colombiano-regresa-a-boca-por-peticion-especial-de-almiron-antena-2\/"},"modified":"2023-05-16T20:52:12","modified_gmt":"2023-05-16T20:52:12","slug":"confirmado-un-colombiano-regresa-a-boca-por-peticion-especial-de-almiron-antena-2","status":"publish","type":"post","link":"http:\/\/hoycordobaweb.com\/index.php\/2023\/05\/16\/confirmado-un-colombiano-regresa-a-boca-por-peticion-especial-de-almiron-antena-2\/","title":{"rendered":"Confirmado: un colombiano regresa a Boca por petici\u00f3n &#039;especial&#039; de Almir\u00f3n &#8211; Antena 2"},"content":{"rendered":"<p>Boca Juniors &#8211; Liga de Argentina. AFP. <b>F\u00fatbol Argentino<\/b> &#8230; Boca Juniors es uno de los equipos m\u00e1s importantes de Argentina y su protagonismo se&nbsp;&#8230; <\/p>\n","protected":false},"excerpt":{"rendered":"<p>Boca Juniors &#8211; Liga de Argentina. AFP. F\u00fatbol Argentino &#8230; Boca Juniors es uno de los equipos m\u00e1s importantes de Argentina y su protagonismo se&nbsp;&#8230;<\/p>\n","protected":false},"author":1,"featured_media":0,"comment_status":"closed","ping_status":"closed","sticky":false,"template":"","format":"standard","meta":[],"categories":[22],"tags":[],"_links":{"self":[{"href":"http:\/\/hoycordobaweb.com\/index.php\/wp-json\/wp\/v2\/posts\/60088"}],"collection":[{"href":"http:\/\/hoycordobaweb.com\/index.php\/wp-json\/wp\/v2\/posts"}],"about":[{"href":"http:\/\/hoycordobaweb.com\/index.php\/wp-json\/wp\/v2\/types\/post"}],"author":[{"embeddable":true,"href":"http:\/\/hoycordobaweb.com\/index.php\/wp-json\/wp\/v2\/users\/1"}],"replies":[{"embeddable":true,"href":"http:\/\/hoycordobaweb.com\/index.php\/wp-json\/wp\/v2\/comments?post=60088"}],"version-history":[{"count":0,"href":"http:\/\/hoycordobaweb.com\/index.php\/wp-json\/wp\/v2\/posts\/60088\/revisions"}],"wp:attachment":[{"href":"http:\/\/hoycordobaweb.com\/index.php\/wp-json\/wp\/v2\/media?parent=60088"}],"wp:term":[{"taxonomy":"category","embeddable":true,"href":"http:\/\/hoycordobaweb.com\/index.php\/wp-json\/wp\/v2\/categories?post=60088"},{"taxonomy":"post_tag","embeddable":true,"href":"http:\/\/hoycordobaweb.com\/index.php\/wp-json\/wp\/v2\/tags?post=60088"}],"curies":[{"name":"wp","href":"https:\/\/api.w.org\/{rel}","templated":true}]}}