{"id":60044,"date":"2023-05-15T22:35:55","date_gmt":"2023-05-15T22:35:55","guid":{"rendered":"https:\/\/www.ole.com.ar\/futbol-internacional\/bielsa-uruguay-tuits-celeste-tecnico_0_1kalbWX8iL.html"},"modified":"2023-05-15T22:35:55","modified_gmt":"2023-05-15T22:35:55","slug":"los-ingeniosos-tuits-con-los-que-uruguay-oficializo-a-bielsa","status":"publish","type":"post","link":"http:\/\/hoycordobaweb.com\/index.php\/2023\/05\/15\/los-ingeniosos-tuits-con-los-que-uruguay-oficializo-a-bielsa\/","title":{"rendered":"Los ingeniosos tuits con los que Uruguay oficializ\u00f3 a Bielsa"},"content":{"rendered":"<p><img src=\"http:\/\/hoycordobaweb.com\/wp-content\/uploads\/2023\/05\/los-ingeniosos-tuits-con-los-que-uruguay-oficializo-a-bielsa.jpg\"><\/p>\n<div><img src=\"http:\/\/hoycordobaweb.com\/wp-content\/uploads\/2023\/05\/los-ingeniosos-tuits-con-los-que-uruguay-oficializo-a-bielsa.jpg\" class=\"ff-og-image-inserted\"><\/div>\n<div readability=\"9.7983193277311\">\n<p>La designaci\u00f3n de<a href=\"https:\/\/www.ole.com.ar\/tema\/marcelo-bielsa.html\" title=\"Marcelo Bielsa\" alt=\"Marcelo Bielsa\" class=\"slug\"><strong> Marcelo Bielsa<\/strong><\/a> como<a href=\"https:\/\/www.ole.com.ar\/futbol-internacional\/bielsa-uruguay-tecnico-oficial_0_lsIcs0fcF3.html\" target=\"_blank\" rel=\"noopener noreferrer\"> nuevo t\u00e9cnico de Uruguay<\/a> ya estaba resuelta desde la semana \u00faltima, ya que los dirigentes de la Asociaci\u00f3n (AUF) hab\u00edan confirmado que el abogado del rosarino hab\u00edan confirmado el acuerdo por el contrato hasta el final del Mundial 2026. Este mi\u00e9rcoles a las 12.30 ser\u00e1 la presentaci\u00f3n en el estadio Centenario.<\/p>\n<\/div>\n<div readability=\"16\">\n<p><strong>Pero ya este lunes la AUF difundi\u00f3 los tuits con la confirmaci\u00f3n, muy ingeniosos.<\/strong> Primero, un video con declaraciones de Diego Lugano, ex capit\u00e1n de la Celeste, en respaldo del Loco, y de anuncios period\u00edsticos sobre la contrataci\u00f3n. Al final, una frase del Loco: \u00abComprometerse a luchar dignamente por lo m\u00e1ximo que est\u00e1 en juego\u00bb.<\/p>\n<\/div>\n<div readability=\"14\">\n<p>Luego, otro tuit con la imagen de una heladera como las que usaba el entrenador en Leeds para sentarse durante los partidos. Despu\u00e9s, pisadas en un rect\u00e1ngulo, por la costumbre del DT de caminar de un lugar a otro en la zona de los bancos de suplentes. Unos minutos m\u00e1s tarde, una pizarra con canchas y sistemas t\u00e1cticos.<\/p>\n<\/div>\n<div readability=\"12\">\n<p>Al final, un video con im\u00e1genes del centro deportivo en el que se entrena la Celeste, con la leyenda \u00abBienvenido Bielsa\u00bb sobre una de las canchas de entrenamiento. \u00abEl p\u00fablico reclama juego y emociones\u00bb, escribi\u00f3 la AUF.<\/p>\n<\/div>\n","protected":false},"excerpt":{"rendered":"<p>La designaci\u00f3n de Marcelo Bielsa como nuevo t\u00e9cnico de Uruguay ya estaba resuelta desde la semana \u00faltima, ya que los dirigentes de la Asociaci\u00f3n (AUF) hab\u00edan confirmado que el abogado del rosarino hab\u00edan confirmado el acuerdo por el contrato hasta el final del Mundial 2026. Este mi\u00e9rcoles a las 12.30 ser\u00e1 la presentaci\u00f3n en el [&hellip;]<\/p>\n","protected":false},"author":1,"featured_media":60045,"comment_status":"open","ping_status":"closed","sticky":false,"template":"","format":"standard","meta":[],"categories":[16],"tags":[],"_links":{"self":[{"href":"http:\/\/hoycordobaweb.com\/index.php\/wp-json\/wp\/v2\/posts\/60044"}],"collection":[{"href":"http:\/\/hoycordobaweb.com\/index.php\/wp-json\/wp\/v2\/posts"}],"about":[{"href":"http:\/\/hoycordobaweb.com\/index.php\/wp-json\/wp\/v2\/types\/post"}],"author":[{"embeddable":true,"href":"http:\/\/hoycordobaweb.com\/index.php\/wp-json\/wp\/v2\/users\/1"}],"replies":[{"embeddable":true,"href":"http:\/\/hoycordobaweb.com\/index.php\/wp-json\/wp\/v2\/comments?post=60044"}],"version-history":[{"count":0,"href":"http:\/\/hoycordobaweb.com\/index.php\/wp-json\/wp\/v2\/posts\/60044\/revisions"}],"wp:featuredmedia":[{"embeddable":true,"href":"http:\/\/hoycordobaweb.com\/index.php\/wp-json\/wp\/v2\/media\/60045"}],"wp:attachment":[{"href":"http:\/\/hoycordobaweb.com\/index.php\/wp-json\/wp\/v2\/media?parent=60044"}],"wp:term":[{"taxonomy":"category","embeddable":true,"href":"http:\/\/hoycordobaweb.com\/index.php\/wp-json\/wp\/v2\/categories?post=60044"},{"taxonomy":"post_tag","embeddable":true,"href":"http:\/\/hoycordobaweb.com\/index.php\/wp-json\/wp\/v2\/tags?post=60044"}],"curies":[{"name":"wp","href":"https:\/\/api.w.org\/{rel}","templated":true}]}}