{"id":60021,"date":"2023-05-15T09:46:00","date_gmt":"2023-05-15T09:46:00","guid":{"rendered":"https:\/\/fm-comunicar.com.ar\/contenido\/20209\/puesto-viejo-inauguro-la-sede-del-centro-vecinal"},"modified":"2023-05-15T09:46:00","modified_gmt":"2023-05-15T09:46:00","slug":"puesto-viejo-inauguro-la-sede-del-centro-vecinal","status":"publish","type":"post","link":"http:\/\/hoycordobaweb.com\/index.php\/2023\/05\/15\/puesto-viejo-inauguro-la-sede-del-centro-vecinal\/","title":{"rendered":"Puesto Viejo inaugur\u00f3 la sede del centro vecinal"},"content":{"rendered":"<p>Es un edificio de 160 m2 ubicado a un costado de la plaza. Tiene un sal\u00f3n para eventos, cocina con asador y ba\u00f1os. Cost\u00f3 25 millones de pesos.<img src=\"http:\/\/hoycordobaweb.com\/wp-content\/uploads\/2023\/05\/puesto-viejo-inauguro-la-sede-del-centro-vecinal.jpg\"><\/p>\n","protected":false},"excerpt":{"rendered":"<p>Es un edificio de 160 m2 ubicado a un costado de la plaza. Tiene un sal\u00f3n para eventos, cocina con asador y ba\u00f1os. Cost\u00f3 25 millones de pesos.<\/p>\n","protected":false},"author":1,"featured_media":60022,"comment_status":"closed","ping_status":"closed","sticky":false,"template":"","format":"standard","meta":[],"categories":[18],"tags":[],"_links":{"self":[{"href":"http:\/\/hoycordobaweb.com\/index.php\/wp-json\/wp\/v2\/posts\/60021"}],"collection":[{"href":"http:\/\/hoycordobaweb.com\/index.php\/wp-json\/wp\/v2\/posts"}],"about":[{"href":"http:\/\/hoycordobaweb.com\/index.php\/wp-json\/wp\/v2\/types\/post"}],"author":[{"embeddable":true,"href":"http:\/\/hoycordobaweb.com\/index.php\/wp-json\/wp\/v2\/users\/1"}],"replies":[{"embeddable":true,"href":"http:\/\/hoycordobaweb.com\/index.php\/wp-json\/wp\/v2\/comments?post=60021"}],"version-history":[{"count":0,"href":"http:\/\/hoycordobaweb.com\/index.php\/wp-json\/wp\/v2\/posts\/60021\/revisions"}],"wp:featuredmedia":[{"embeddable":true,"href":"http:\/\/hoycordobaweb.com\/index.php\/wp-json\/wp\/v2\/media\/60022"}],"wp:attachment":[{"href":"http:\/\/hoycordobaweb.com\/index.php\/wp-json\/wp\/v2\/media?parent=60021"}],"wp:term":[{"taxonomy":"category","embeddable":true,"href":"http:\/\/hoycordobaweb.com\/index.php\/wp-json\/wp\/v2\/categories?post=60021"},{"taxonomy":"post_tag","embeddable":true,"href":"http:\/\/hoycordobaweb.com\/index.php\/wp-json\/wp\/v2\/tags?post=60021"}],"curies":[{"name":"wp","href":"https:\/\/api.w.org\/{rel}","templated":true}]}}