{"id":59950,"date":"2023-05-13T17:20:53","date_gmt":"2023-05-13T17:20:53","guid":{"rendered":"https:\/\/www.trendencias.com\/celebrities\/dura-infancia-fernando-tejero-bullying-dos-colegios-identidad-falsa"},"modified":"2023-05-13T17:20:53","modified_gmt":"2023-05-13T17:20:53","slug":"la-dura-infancia-de-fernando-tejero-bullying-en-dos-colegios-y-una-identidad-falsa","status":"publish","type":"post","link":"http:\/\/hoycordobaweb.com\/index.php\/2023\/05\/13\/la-dura-infancia-de-fernando-tejero-bullying-en-dos-colegios-y-una-identidad-falsa\/","title":{"rendered":"La dura infancia de Fernando Tejero: bullying en dos colegios y una identidad falsa"},"content":{"rendered":"<p><strong>Fernando Tejero <\/strong>no para de triunfar en el terreno profesional desde que el papel de Emilio (el portero) en <a href=\"https:\/\/www.espinof.com\/series-de-ficcion\/aqui-no-hay-quien-viva-sus-siete-versiones-internacionales-verdadero-multiverso-locura\">&#8216;Aqu\u00ed no hay quien viva&#8217;<\/a> comienza a abrirle puertas en el mundo de la interpretaci\u00f3n y le convierte en uno de los actores m\u00e1s queridos y reconocidos de nuestro pa\u00eds. Sin embargo, la vida no siempre le ha sonre\u00eddo con tanta intensidad, tal y como ha recordado \u00e9l mismo en el programa de LaSexta &#8216;El camino a casa&#8217;, presentado por el escritor <a href=\"https:\/\/www.trendencias.com\/ocio\/los-13-grandes-libros-que-estrenamos-esta-primavera\">Albert Espinosa<\/a>, donde el actor ha hablado de <strong>su dura infancia<\/strong>.<\/p>\n<p><!-- BREAK 1 --><\/p>\n<div class=\"article-asset article-asset-normal article-asset-center\">\n<div class=\"desvio-container\">\n<div class=\"desvio\">\n<div class=\"desvio-figure js-desvio-figure\"> <a href=\"https:\/\/www.trendencias.com\/celebrities\/fernando-tejero-desvela-episodio-duro-su-infancia-abusaron-mi-sexualmente\"> <img alt=\"Fernando Tejero desvela el episodio m\u00e1s duro de su infancia: &quot;Abusaron de m\u00ed sexualmente&quot; \" src=\"http:\/\/hoycordobaweb.com\/wp-content\/uploads\/2023\/05\/la-dura-infancia-de-fernando-tejero-bullying-en-dos-colegios-y-una-identidad-falsa.jpg\"> <\/a> <\/div><\/div><\/div>\n<\/div>\n<p>En un paseo hacia sus or\u00edgenes, Tejero ha rememorado el trayecto que un\u00eda el segundo de los colegios en los que estudi\u00f3 con su casa cuando tan solo era un cr\u00edo: \u00abAqu\u00ed fui el chico nuevo. <strong>Llegu\u00e9 en sexto y para m\u00ed fue un cambio muy muy duro, muy dr\u00e1stico<\/strong>\u00ab, contaba se\u00f1alando la escuela donde estudiaba antes de encontrar su aut\u00e9ntica pasi\u00f3n en el arte dram\u00e1tico.<\/p>\n<p><!-- BREAK 2 --> <\/p>\n<p>Un colegio donde sus compa\u00f1eros se lo hacen pasar realmente mal: \u00abAntes no ten\u00eda nombre, no se le llamaba bullying. De peque\u00f1o, ten\u00eda mucha pluma y me llamaban marica, maric\u00f3n, mariquita. Sufr\u00ed. De hecho,<strong> empec\u00e9 a tartamudear por aquella \u00e9poca<\/strong>\u00ab, ha reflexionado el cordob\u00e9s.<\/p>\n<p><!-- BREAK 3 --> <\/p>\n<p>Es por eso que Fernando recuerda que empieza a camuflar su personalidad: \u00absuspend\u00eda m\u00e1s que nunca\u00bb e incluso se cambiaba la voz para disimular su orientaci\u00f3n sexual. Un recuerdo que le ha marcado de por vida: \u00abComo consecuencia de aquello todav\u00eda tengo much\u00edsima inseguridad.<strong> En la primera pel\u00edcula que rod\u00e9 me sent\u00eda un in\u00fatil<\/strong>\u00ab, ha asegurado refiri\u00e9ndose a &#8216;Los lunes al sol&#8217;.<\/p>\n<p><!-- BREAK 4 --> <\/p>\n<p>\u00abCuando escuch\u00e9 &#8216;acci\u00f3n&#8217; la primera vez, en <a href=\"https:\/\/www.espinof.com\/otros\/mis-secuencias-magicas-de-cine-el-santa-de-bardem-y-la-fabula-de-la-cigarra-y-la-hormiga-de-los-lunes-al-sol\"><em>Los lunes al sol<\/em><\/a>, casi me caigo al suelo del miedo que ten\u00eda, porque me sent\u00eda un in\u00fatil de cara a la sociedad, porque <strong>me hab\u00edan hecho sentir as\u00ed, me hab\u00edan hecho sentir diferente<\/strong>. Me hab\u00edan hecho sentir un despojo humano\u00bb, ha acabado diciendo en lo que parece ser su entrevista m\u00e1s personal hasta la fecha.<\/p>\n<p><!-- BREAK 5 --><\/p>\n<p>Fotos | GTRES<\/p>\n<p>En Trendencias | <a href=\"https:\/\/www.trendencias.com\/gourmet\/15-recetas-pasta-italiana-que-no-aburrirte-nunca\">20 recetas de pasta italiana con las que no aburrirte nunca<\/a><\/p>\n<p><!-- BREAK 6 --> <\/p>\n","protected":false},"excerpt":{"rendered":"<p>Fernando Tejero no para de triunfar en el terreno profesional desde que el papel de Emilio (el portero) en &#8216;Aqu\u00ed no hay quien viva&#8217; comienza a abrirle puertas en el mundo de la interpretaci\u00f3n y le convierte en uno de los actores m\u00e1s queridos y reconocidos de nuestro pa\u00eds. Sin embargo, la vida no siempre [&hellip;]<\/p>\n","protected":false},"author":1,"featured_media":59951,"comment_status":"closed","ping_status":"closed","sticky":false,"template":"","format":"standard","meta":[],"categories":[1],"tags":[],"_links":{"self":[{"href":"http:\/\/hoycordobaweb.com\/index.php\/wp-json\/wp\/v2\/posts\/59950"}],"collection":[{"href":"http:\/\/hoycordobaweb.com\/index.php\/wp-json\/wp\/v2\/posts"}],"about":[{"href":"http:\/\/hoycordobaweb.com\/index.php\/wp-json\/wp\/v2\/types\/post"}],"author":[{"embeddable":true,"href":"http:\/\/hoycordobaweb.com\/index.php\/wp-json\/wp\/v2\/users\/1"}],"replies":[{"embeddable":true,"href":"http:\/\/hoycordobaweb.com\/index.php\/wp-json\/wp\/v2\/comments?post=59950"}],"version-history":[{"count":0,"href":"http:\/\/hoycordobaweb.com\/index.php\/wp-json\/wp\/v2\/posts\/59950\/revisions"}],"wp:featuredmedia":[{"embeddable":true,"href":"http:\/\/hoycordobaweb.com\/index.php\/wp-json\/wp\/v2\/media\/59951"}],"wp:attachment":[{"href":"http:\/\/hoycordobaweb.com\/index.php\/wp-json\/wp\/v2\/media?parent=59950"}],"wp:term":[{"taxonomy":"category","embeddable":true,"href":"http:\/\/hoycordobaweb.com\/index.php\/wp-json\/wp\/v2\/categories?post=59950"},{"taxonomy":"post_tag","embeddable":true,"href":"http:\/\/hoycordobaweb.com\/index.php\/wp-json\/wp\/v2\/tags?post=59950"}],"curies":[{"name":"wp","href":"https:\/\/api.w.org\/{rel}","templated":true}]}}