{"id":59932,"date":"2023-05-13T23:52:18","date_gmt":"2023-05-13T23:52:18","guid":{"rendered":"https:\/\/www.ole.com.ar\/boca-juniors\/boca-belgrano-liga-profesional-hora-tv-formaciones_0_6IHMNeutgT.html"},"modified":"2023-05-13T23:52:18","modified_gmt":"2023-05-13T23:52:18","slug":"boca-belgrano-hora-tv-y-probables-formaciones","status":"publish","type":"post","link":"http:\/\/hoycordobaweb.com\/index.php\/2023\/05\/13\/boca-belgrano-hora-tv-y-probables-formaciones\/","title":{"rendered":"Boca &#8211; Belgrano: hora, TV y probables formaciones"},"content":{"rendered":"<p><img src=\"http:\/\/hoycordobaweb.com\/wp-content\/uploads\/2023\/05\/boca-belgrano-hora-tv-y-probables-formaciones.jpg\"><\/p>\n<p><time class=\"createDate\" datetime=\"2023-05-13T20:52:18-03:00\">13\/05\/2023 20:52hs.<\/time><time class=\"modificatedDate\" datetime=\"2023\/05\/13T20:52:18-03:00\"><\/time><\/p>\n<div id=\"storyBody\">\n<div class=\"custom-text \" readability=\"38.823529411765\">\n<p><a href=\"https:\/\/www.ole.com.ar\/tema\/boca-juniors.html\" title=\"Boca Juniors\" alt=\"Boca Juniors\" class=\"slug\"><strong>Boca <\/strong><\/a>enfrentar\u00e1 como local <a href=\"https:\/\/www.ole.com.ar\/tema\/belgrano-de-cordoba.html\" title=\"Belgrano de C\u00f3rdoba\" alt=\"Belgrano de C\u00f3rdoba\" class=\"slug\"><strong>Belgrano<\/strong><\/a> por la fecha 16 de la Liga Profesional y buscar\u00e1 recuperarse luego de la derrota sobre la hora ante River, en donde le expulsaron a tres futbolistas. Vas a poder seguir el partido a trav\u00e9s de <strong>Ol\u00e9<\/strong>, con todo lo que pase minuto a minuto. Despu\u00e9s vas a encontrar el an\u00e1lisis, las declaraciones de los protagonistas, el resumen, las noticias m\u00e1s destacadas y los videos.<\/p>\n<\/div>\n<p><h2><strong>\u00bfA QU\u00c9 HORA JUEGAN BOCA &#8211; BELGRANO?<\/strong><\/h2>\n<\/p>\n<div class=\"custom-text \" readability=\"35\">\n<p>El partido se disputar\u00e1 el pr\u00f3ximo <strong>domingo 14 de mayo a las 19.00 (horario de Argentina)<\/strong> en La Bombonera. El \u00e1rbitro del encuentro ser\u00e1 <strong>Fernando Espinoza<\/strong>, quien ser\u00e1 asistido por Gabriel Chade y Eduardo Lucero. El cuarto juez ser\u00e1 Am\u00e9rico Monsalvo.<\/p>\n<\/div>\n<div class=\"sc-a7166897-0 exHLBh\" readability=\"6\">\n<section readability=\"2\"><picture><img alt=\"M\u00e9todo Almir\u00f3n: las charlas del DT con los referentes\" src=\"http:\/\/hoycordobaweb.com\/wp-content\/uploads\/2023\/05\/boca-belgrano-hora-tv-y-probables-formaciones-2.jpg\" width=\"29\" height=\"29\" decoding=\"async\" data-nimg=\"future\" loading=\"lazy\"><\/picture>\n<p><span>Mir\u00e1 tambi\u00e9n<\/span><\/p>\n<hr>\n<h3>M\u00e9todo Almir\u00f3n: las charlas del DT con los referentes<\/h3>\n<\/p>\n<\/section>\n<\/div>\n<p><h2><strong>HORARIO BOCA &#8211; BELGRANO, SEG\u00daN PA\u00cdS <\/strong><\/h2>\n<\/p>\n<div class=\"custom-text \">\n<p>Brasil: 19.00<\/p>\n<\/div>\n<div class=\"custom-text \">\n<p>Uruguay: 19.00<\/p>\n<\/div>\n<div class=\"custom-text \">\n<p>Paraguay: 19.00<\/p>\n<\/div>\n<div class=\"custom-text \">\n<p>Chile: 19.00<\/p>\n<\/div>\n<div class=\"sc-a7166897-0 exHLBh\" readability=\"6.5\">\n<section readability=\"3\"><picture><img alt=\"Tevez llen\u00f3 de elogios a Messi y le peg\u00f3 al PSG: &quot;Un club que no lo cuid\u00f3 desde el primer momento&quot;\" src=\"http:\/\/hoycordobaweb.com\/wp-content\/uploads\/2023\/05\/boca-belgrano-hora-tv-y-probables-formaciones-3.jpg\" width=\"29\" height=\"29\" decoding=\"async\" data-nimg=\"future\" loading=\"lazy\"><\/picture>\n<p><span>Mir\u00e1 tambi\u00e9n<\/span><\/p>\n<hr>\n<h3>Tevez llen\u00f3 de elogios a Messi y le peg\u00f3 al PSG: \u00abUn club que no lo cuid\u00f3 desde el primer momento\u00bb<\/h3>\n<\/p>\n<\/section>\n<\/div>\n<div class=\"custom-text \">\n<p>Venezuela: 18.00<\/p>\n<\/div>\n<div class=\"custom-text \">\n<p>Bolivia: 18.00<\/p>\n<\/div>\n<div class=\"custom-text \">\n<p>Colombia: 17.00<\/p>\n<\/div>\n<div class=\"custom-text \">\n<p>Ecuador: 17.00<\/p>\n<\/div>\n<div class=\"custom-text \">\n<p>Per\u00fa: 17.00<\/p>\n<\/div>\n<div class=\"custom-text \">\n<p>M\u00e9xico: 16.00<\/p>\n<\/div>\n<p><h2><strong>\u00bfPOR D\u00d3NDE VER BOCA &#8211; BELGRANO?<\/strong><\/h2>\n<\/p>\n<div class=\"custom-text \" readability=\"34\">\n<p>El partido ser\u00e1 transmitido por la pantalla de<strong> ESPN Premium<\/strong>. Tambi\u00e9n vas a poder seguir el minuto a minuto por la web de <strong>Ol\u00e9<\/strong>, como siempre.<\/p>\n<\/div>\n<p><h2><strong>\u00bfC\u00d3MO LLEGA BOCA?<\/strong><\/h2>\n<\/p>\n<div class=\"custom-text \" readability=\"33.280423280423\">\n<p>El equipo de Almir\u00f3n llega complicado a este duelo debido a que cuenta con una enorme cantidad de bajas tras el Supercl\u00e1sico que se qued\u00f3 en N\u00fa\u00f1ez luego de la victoria de River por 1-0. El Xeneize no podr\u00e1 contar con<strong> Nicol\u00e1s Valentini, Miguel Merentiel y Ezequiel Fern\u00e1ndez<\/strong>, ya que fueron expulsados por Dar\u00edo Herrera despu\u00e9s de<a href=\"https:\/\/www.ole.com.ar\/river-plate\/provocacion-palavecino_3_buUg1ZKzUV.html\" target=\"_blank\" rel=\"noopener noreferrer\"> la provocaci\u00f3n de Agust\u00edn Palavecino<\/a>.<\/p>\n<\/div>\n<div class=\"custom-text \" readability=\"41\">\n<p>Por otra parte, el entrenador tampoco podr\u00e1 tener en cuenta a <strong>Alan Varela y Pol Fern\u00e1ndez<\/strong>, quienes llegaron a la quinta amarilla en El Monumental, pero<strong> recuperar\u00e1 a Mart\u00edn Payero<\/strong>, que hab\u00eda sido expulsado en la victoria ante Racing. Los de La Ribera se encuentran actualmente en la posici\u00f3n n\u00famero 14, con<strong> cinco victorias, tres empates y siete derrotas<\/strong>. <\/p>\n<\/div>\n<div class=\"sc-e7b891c4-0 jPbnQF\"><img alt=\"Otro Boca River que termina a las pi\u00f1as ara\u00f1ando el final... \" src=\"http:\/\/hoycordobaweb.com\/wp-content\/uploads\/2023\/05\/boca-belgrano-hora-tv-y-probables-formaciones-4.jpg\" width=\"72\" height=\"10\" decoding=\"async\" data-nimg=\"future\" loading=\"lazy\"><span class=\"epigraphe\">Otro Boca River que termina a las pi\u00f1as ara\u00f1ando el final&#8230; <\/span><\/div>\n<div class=\"sc-a7166897-0 exHLBh\" readability=\"6\">\n<section readability=\"2\"><picture><img alt=\"Tevez: &quot;Boca se la tiene que bancar&quot;\" src=\"http:\/\/hoycordobaweb.com\/wp-content\/uploads\/2023\/05\/boca-belgrano-hora-tv-y-probables-formaciones-5.jpg\" width=\"29\" height=\"29\" decoding=\"async\" data-nimg=\"future\" loading=\"lazy\"><\/picture>\n<p><span>Mir\u00e1 tambi\u00e9n<\/span><\/p>\n<hr>\n<h3>Tevez: \u00abBoca se la tiene que bancar\u00bb<\/h3>\n<\/p>\n<\/section>\n<\/div>\n<p><h2><strong>\u00bfC\u00d3MO LLEGA BELGRANO?<\/strong><\/h2>\n<\/p>\n<div class=\"custom-text \" readability=\"38\">\n<p>El Pirata<strong> viene de ganarle a Atl\u00e9tico Tucum\u00e1n por la m\u00ednima <\/strong>en un partido complicad\u00edsimo en C\u00f3rdoba, en donde el delantero<strong> Pablo Vegetti volvi\u00f3 a convertir, alcanz\u00f3 los nueve goles en el campeonato<\/strong> y qued\u00f3 a solo uno de Michael Santos. Adem\u00e1s, agarra al rival tras una derrota en el Supercl\u00e1sico&#8230;<\/p>\n<\/div>\n<div class=\"custom-text \" readability=\"36\">\n<p>Los de Farr\u00e9<strong> vienen haciendo una excelente campa\u00f1a tras su regreso a primera<\/strong>: hasta el momento <strong>obtuvieron ocho victorias, tres empates y cuatro derrotas<\/strong>, que lo ubican en la sexta posici\u00f3n de la Liga Profesional. <\/p>\n<\/div>\n<div class=\"sc-e7b891c4-0 jPbnQF\"><img alt=\"Otro gol m\u00e1s de Vegetti. \" src=\"http:\/\/hoycordobaweb.com\/wp-content\/uploads\/2023\/05\/boca-belgrano-hora-tv-y-probables-formaciones-6.jpg\" width=\"72\" height=\"10\" decoding=\"async\" data-nimg=\"future\" loading=\"lazy\"><span class=\"epigraphe\">Otro gol m\u00e1s de Vegetti. <\/span><\/div>\n<p><h2><strong>PROBABLES FORMACIONES<\/strong><\/h2>\n<\/p>\n<div class=\"custom-text \" readability=\"40\">\n<p><strong>Boca<\/strong>: Sergio Romero; Marcelo Weigandt, Facundo Roncaglia, Nicol\u00e1s Figal, Frank Fabra; Luis Adv\u00edncula, Mart\u00edn Payero, Cristian Medina, Oscar Romero; Sebasti\u00e1n Villa y Dar\u00edo Benedetto. <strong>DT<\/strong>: Jorge Almir\u00f3n.<\/p>\n<\/div>\n<div class=\"custom-text \" readability=\"40\">\n<p><strong>Belgrano<\/strong>: Nahuel Losada; Juan Barinaga, Erik Godoy, Yonathan Cabral, Lucas Diarte; Santiago Andr\u00e9s Longo, Bruno Zapelli, Ariel Rojas, Ulises S\u00e1nchez; Iv\u00e1n Ortigoza y Pablo Vegetti. <strong>DT<\/strong>: Guillermo Farr\u00e9.<\/p>\n<\/div>\n<p><h2><strong>Mir\u00e1 el reglamento de la Liga Profesional<\/strong><\/h2>\n<\/p>\n<div class=\"custom-text \" readability=\"39\">\n<p>Est\u00e1 la tabla de promedios que<strong> definir\u00e1 dos descensos y la anual que decidir\u00e1 el restante equipo que bajar\u00e1 a la Primera Nacional<\/strong>. Esta \u00faltima, tambi\u00e9n define la clasificaci\u00f3n a las copas Libertadores y Sudamericana:<strong> del 1\u00b0 al 3\u00b0 puesto clasifican a la Libertadores, mientras que del 4\u00b0 al 9\u00b0 van a la Sudamericana<\/strong>. Luego est\u00e1n los equipos que se consagren campeones de la Liga Profesional, Copa de la Liga Profesional y Copa Argentina, que tambi\u00e9n ir\u00e1n a la m\u00e1xima competici\u00f3n del continente.<\/p>\n<\/div>\n<\/div>\n","protected":false},"excerpt":{"rendered":"<p>13\/05\/2023 20:52hs. Boca enfrentar\u00e1 como local Belgrano por la fecha 16 de la Liga Profesional y buscar\u00e1 recuperarse luego de la derrota sobre la hora ante River, en donde le expulsaron a tres futbolistas. Vas a poder seguir el partido a trav\u00e9s de Ol\u00e9, con todo lo que pase minuto a minuto. Despu\u00e9s vas a [&hellip;]<\/p>\n","protected":false},"author":1,"featured_media":59933,"comment_status":"open","ping_status":"closed","sticky":false,"template":"","format":"standard","meta":[],"categories":[16],"tags":[],"_links":{"self":[{"href":"http:\/\/hoycordobaweb.com\/index.php\/wp-json\/wp\/v2\/posts\/59932"}],"collection":[{"href":"http:\/\/hoycordobaweb.com\/index.php\/wp-json\/wp\/v2\/posts"}],"about":[{"href":"http:\/\/hoycordobaweb.com\/index.php\/wp-json\/wp\/v2\/types\/post"}],"author":[{"embeddable":true,"href":"http:\/\/hoycordobaweb.com\/index.php\/wp-json\/wp\/v2\/users\/1"}],"replies":[{"embeddable":true,"href":"http:\/\/hoycordobaweb.com\/index.php\/wp-json\/wp\/v2\/comments?post=59932"}],"version-history":[{"count":0,"href":"http:\/\/hoycordobaweb.com\/index.php\/wp-json\/wp\/v2\/posts\/59932\/revisions"}],"wp:featuredmedia":[{"embeddable":true,"href":"http:\/\/hoycordobaweb.com\/index.php\/wp-json\/wp\/v2\/media\/59933"}],"wp:attachment":[{"href":"http:\/\/hoycordobaweb.com\/index.php\/wp-json\/wp\/v2\/media?parent=59932"}],"wp:term":[{"taxonomy":"category","embeddable":true,"href":"http:\/\/hoycordobaweb.com\/index.php\/wp-json\/wp\/v2\/categories?post=59932"},{"taxonomy":"post_tag","embeddable":true,"href":"http:\/\/hoycordobaweb.com\/index.php\/wp-json\/wp\/v2\/tags?post=59932"}],"curies":[{"name":"wp","href":"https:\/\/api.w.org\/{rel}","templated":true}]}}