{"id":59896,"date":"2023-05-12T20:33:08","date_gmt":"2023-05-12T20:33:08","guid":{"rendered":"https:\/\/www.trendencias.com\/moda-famosas\/tamara-falco-borda-este-look-total-black-pantalones-zara-su-ultima-aparicion-hormiguero"},"modified":"2023-05-12T20:33:08","modified_gmt":"2023-05-12T20:33:08","slug":"tamara-falco-lo-borda-con-este-look-total-black-con-pantalones-de-zara-en-su-ultima-aparicion-en-el-hormiguero","status":"publish","type":"post","link":"http:\/\/hoycordobaweb.com\/index.php\/2023\/05\/12\/tamara-falco-lo-borda-con-este-look-total-black-con-pantalones-de-zara-en-su-ultima-aparicion-en-el-hormiguero\/","title":{"rendered":"Tamara Falc\u00f3 lo borda con este look total black con pantalones de Zara en su \u00faltima aparici\u00f3n en &#8216;El Hormiguero&#8217;"},"content":{"rendered":"<p>Como cada jueves, la <em>socialit\u00e9<\/em> madrile\u00f1a hizo acto de presencia en <em>El Hormiguero<\/em> para participar en su secci\u00f3n semanal. La marquesa, a la que le quedan poco menos de dos meses para darse el \u201cs\u00ed, quiero\u201d con su prometido, el ingeniero \u00cd\u00f1igo Onieva, opt\u00f3 en esta ocasi\u00f3n, o mejor dicho su estilista, por un <em>total look <\/em>en negro.<\/p>\n<p><!-- BREAK 1 --><\/p>\n<div class=\"article-asset article-asset-normal article-asset-center\">\n<div class=\"desvio-container\">\n<div class=\"desvio\">\n<div class=\"desvio-figure js-desvio-figure\"> <a href=\"https:\/\/www.trendencias.com\/celebrities\/querida-novia-esto-todo-que-necesitas-saber-sophie-et-voila-firma-encargada-crear-vestido-novia-tamara-falco\"> <img alt=\"Querida novia, esto es todo lo que necesitas saber sobre Sophie et Voil\u00e1, la firma encargada de crear el vestido de novia de Tamara Falc\u00f3 \" src=\"http:\/\/hoycordobaweb.com\/wp-content\/uploads\/2023\/05\/tamara-falco-lo-borda-con-este-look-total-black-con-pantalones-de-zara-en-su-ultima-aparicion-en-el-hormiguero.jpg\"> <\/a> <\/div><\/div><\/div>\n<\/div>\n<p>La protagonista del <em>reality<\/em> de Netflix, que hace unos d\u00edas disfrut\u00f3 de <a href=\"https:\/\/www.trendencias.com\/moda-famosas\/amarillo-va-novia-tamara-falco-se-va-despedida-soltera-a-portugal-lleva-este-color-como-nadie\">su despedida de soltera en Portugal donde la vimos radiante vestida de amarillo<\/a>, ha optado por <strong>un <\/strong><em><strong>mix and match<\/strong><\/em> de marcas tan dispares en cuanto a precios como IQ Collection, la firma de Ines Domecq, y Zara. El punto ca\u00f1ero de la propuesta ha sido el <em>body<\/em> con drapeados, hombreras y escote en pico de la primera en contraste con el pantal\u00f3n de vestir cl\u00e1sico y atemporal de la segunda.<\/p>\n<p><!-- BREAK 2 --> <\/p>\n<div class=\"video-boost-container article-asset-normal\"> <span class=\"video-boost-title\">zara-studio-2021<\/span>\n<\/div>\n<div class=\"article-asset-image article-asset-normal article-asset-center\">\n<div class=\"asset-content\">\n<div class=\"base-wrapper-image\"> <img class=\"sf-lazy centro_sinmarco\" data-sf-srcset=\"http:\/\/hoycordobaweb.com\/wp-content\/uploads\/2023\/05\/tamara-falco-lo-borda-con-este-look-total-black-con-pantalones-de-zara-en-su-ultima-aparicion-en-el-hormiguero.png 450w, http:\/\/hoycordobaweb.com\/wp-content\/uploads\/2023\/05\/tamara-falco-lo-borda-con-este-look-total-black-con-pantalones-de-zara-en-su-ultima-aparicion-en-el-hormiguero-3.png 681w,http:\/\/hoycordobaweb.com\/wp-content\/uploads\/2023\/05\/tamara-falco-lo-borda-con-este-look-total-black-con-pantalones-de-zara-en-su-ultima-aparicion-en-el-hormiguero-4.png 1024w, http:\/\/hoycordobaweb.com\/wp-content\/uploads\/2023\/05\/tamara-falco-lo-borda-con-este-look-total-black-con-pantalones-de-zara-en-su-ultima-aparicion-en-el-hormiguero-5.png 1366w,\" data-sf-src=\"http:\/\/hoycordobaweb.com\/wp-content\/uploads\/2023\/05\/tamara-falco-lo-borda-con-este-look-total-black-con-pantalones-de-zara-en-su-ultima-aparicion-en-el-hormiguero.png\" alt=\"Tamara Falco Trendencias Hormiguero\"> <noscript><img alt=\"Tamara Falco Trendencias Hormiguero\" class=\"centro_sinmarco\" src=\"http:\/\/hoycordobaweb.com\/wp-content\/uploads\/2023\/05\/tamara-falco-lo-borda-con-este-look-total-black-con-pantalones-de-zara-en-su-ultima-aparicion-en-el-hormiguero.png\"><\/noscript> <\/div><\/div>\n<\/div>\n<div class=\"article-asset-image article-asset-normal article-asset-center\">\n<div class=\"asset-content\">\n<div class=\"base-wrapper-image\"> <img class=\"sf-lazy centro_sinmarco\" data-sf-srcset=\"http:\/\/hoycordobaweb.com\/wp-content\/uploads\/2023\/05\/tamara-falco-lo-borda-con-este-look-total-black-con-pantalones-de-zara-en-su-ultima-aparicion-en-el-hormiguero-1.png 450w, http:\/\/hoycordobaweb.com\/wp-content\/uploads\/2023\/05\/tamara-falco-lo-borda-con-este-look-total-black-con-pantalones-de-zara-en-su-ultima-aparicion-en-el-hormiguero-6.png 681w,http:\/\/hoycordobaweb.com\/wp-content\/uploads\/2023\/05\/tamara-falco-lo-borda-con-este-look-total-black-con-pantalones-de-zara-en-su-ultima-aparicion-en-el-hormiguero-7.png 1024w, http:\/\/hoycordobaweb.com\/wp-content\/uploads\/2023\/05\/tamara-falco-lo-borda-con-este-look-total-black-con-pantalones-de-zara-en-su-ultima-aparicion-en-el-hormiguero-8.png 1366w,\" data-sf-src=\"http:\/\/hoycordobaweb.com\/wp-content\/uploads\/2023\/05\/tamara-falco-lo-borda-con-este-look-total-black-con-pantalones-de-zara-en-su-ultima-aparicion-en-el-hormiguero-1.png\" alt=\"Tamara Falco Look Jormiguero Body Iq Trendencias\"> <noscript><img alt=\"Tamara Falco Look Jormiguero Body Iq Trendencias\" class=\"centro_sinmarco\" src=\"http:\/\/hoycordobaweb.com\/wp-content\/uploads\/2023\/05\/tamara-falco-lo-borda-con-este-look-total-black-con-pantalones-de-zara-en-su-ultima-aparicion-en-el-hormiguero-1.png\"><\/noscript> <\/div><\/div>\n<\/div>\n<p>Body Irati de IQ Collection por <a href=\"https:\/\/theiqcollection.com\/products\/body-irati-negro\">105 euros<\/a>.<\/p>\n<p><!-- BREAK 3 --><\/p>\n<div class=\"article-asset-image article-asset-normal article-asset-center\">\n<div class=\"asset-content\">\n<div class=\"base-wrapper-image\"> <img class=\"sf-lazy centro_sinmarco\" data-sf-srcset=\"http:\/\/hoycordobaweb.com\/wp-content\/uploads\/2023\/05\/tamara-falco-lo-borda-con-este-look-total-black-con-pantalones-de-zara-en-su-ultima-aparicion-en-el-hormiguero-2.png 450w, http:\/\/hoycordobaweb.com\/wp-content\/uploads\/2023\/05\/tamara-falco-lo-borda-con-este-look-total-black-con-pantalones-de-zara-en-su-ultima-aparicion-en-el-hormiguero-9.png 681w,http:\/\/hoycordobaweb.com\/wp-content\/uploads\/2023\/05\/tamara-falco-lo-borda-con-este-look-total-black-con-pantalones-de-zara-en-su-ultima-aparicion-en-el-hormiguero-10.png 1024w, http:\/\/hoycordobaweb.com\/wp-content\/uploads\/2023\/05\/tamara-falco-lo-borda-con-este-look-total-black-con-pantalones-de-zara-en-su-ultima-aparicion-en-el-hormiguero-11.png 1366w,\" data-sf-src=\"http:\/\/hoycordobaweb.com\/wp-content\/uploads\/2023\/05\/tamara-falco-lo-borda-con-este-look-total-black-con-pantalones-de-zara-en-su-ultima-aparicion-en-el-hormiguero-2.png\" alt=\"Tamara Falco Pantalones Zara Trendencias\"> <noscript><img alt=\"Tamara Falco Pantalones Zara Trendencias\" class=\"centro_sinmarco\" src=\"http:\/\/hoycordobaweb.com\/wp-content\/uploads\/2023\/05\/tamara-falco-lo-borda-con-este-look-total-black-con-pantalones-de-zara-en-su-ultima-aparicion-en-el-hormiguero-2.png\"><\/noscript> <\/div><\/div>\n<\/div>\n<p>Pantal\u00f3n de vestir de tiro alto de Zara por <a href=\"https:\/\/www.zara.com\/es\/es\/pantalon-tiro-alto-p02162888.html?v1=253893284&amp;v2=2187643\">25,95 euros<\/a> disponible en diferentes colores.<\/p>\n<p><!-- BREAK 4 --><\/p>\n<p>Adem\u00e1s, la <em>celebrity<\/em> ha complementado su <em>look <\/em>de la mano de Tous, joyer\u00eda de la que es embajadora desde hace un tiempo. De hecho, ya fichamos <a href=\"https:\/\/www.trendencias.com\/moda-famosas\/este-nuevo-colgante-favorito-tamara-falco-que-puedes-conseguir-tous\">el colgante favorito de Tamara Falc\u00f3<\/a>, que era de la firma catalana y se distingu\u00eda por el uso de <strong>la imagen de una virgencita.<\/strong><\/p>\n<p><!-- BREAK 5 --><\/p>\n<p>La colaboradora del programa de Pablo Motos acaba adem\u00e1s de presentar oficialmente su \u00faltima colecci\u00f3n en colaboraci\u00f3n con el taller de Pedro del Hierro, con el que crea en conjunto l\u00edneas especialmente centradas en <em>looks<\/em>de invitada. \u00bfVeremos alguna de sus apuestas el d\u00eda de su propia boda? Sin duda, la organizaci\u00f3n del d\u00eda B de Tamara Falc\u00f3 entra ya en su recta final, a pesar de haber tenido que posponer la fecha inicial prevista debido a <a href=\"https:\/\/www.trendencias.com\/celebrities\/complicaciones-boda-tamara-falco-e-inigo-onieva-lamentables-condiciones-que-se-encuentra-su-palacio-rincon\">las complicaciones que surgieron en El Rinc\u00f3n<\/a>, su propio palacio donde va a albergar la celebraci\u00f3n tras la ceremonia.<\/p>\n<p><!-- BREAK 6 --><\/p>\n<p>Aunque el perfil de la hija de Isabel Preysler es muy p\u00fablico, no es mucho lo que sabemos de su gran d\u00eda: por el momento tenemos en mente que <a href=\"https:\/\/www.trendencias.com\/moda-famosas\/tamara-falco-tiene-quien-le-disene-su-vestido-novia-esta-marca-espanola-dirigida-mujeres-sera-encargada\">Sophie et voil\u00e1 es el <em>atelier<\/em> bilba\u00edno encargado de confeccionar su vestido de novia<\/a>, que a su madre en un principio no le convenc\u00eda demasiado la propuesta pero que ahora est\u00e1 a tope, que hace unas semanas celebr\u00f3 <a href=\"https:\/\/www.trendencias.com\/celebrities\/fiestas-pedida-como-tamara-falco-vuelven-fuerza-hija-isabel-preysler-explica-que-consisten\">una \u00edntima fiesta de pedida<\/a> como precuela de todo lo que anda cociendo entre bambalinas y que ya hay <a href=\"https:\/\/www.trendencias.com\/celebrities\/dos-grandes-bajas-boda-tamara-falco-e-inigo-onieva-enrique-iglesias-este-otro-pilar-familia-preysler\">dos grandes ausencias para la boda<\/a>, siendo una de ellas <strong>la de su hermano Enrique<\/strong>, al que justo esta semana felicitaba a trav\u00e9s de redes por su cumplea\u00f1os.<\/p>\n<p><!-- BREAK 7 --><\/p>\n<p>Sin duda, nos arriesgamos a afirmar que Tamara ser\u00e1 una novia de l\u00edneas finas, elegantes y minimalistas, todos atributos que definen a Sophie et voil\u00e1, que recientemente particip\u00f3 en la <em>Bridal Week <\/em>de Barcelona para presentar su \u00faltima colecci\u00f3n nupcial de cara a la temporada que viene.<\/p>\n<p><!-- BREAK 8 --><\/p>\n<p>Fotos | Gtres, <a href=\"https:\/\/www.instagram.com\/stories\/tamara_falco\/3100584575196295462\/\">@tamara_falco<\/a>, <a href=\"https:\/\/theiqcollection.com\/products\/body-irati-negro\">IQ Collection<\/a> y <a href=\"https:\/\/www.zara.com\/es\/es\/pantalon-tiro-alto-p02162888.html?v1=253893284&amp;v2=2187643\">Zara<\/a><\/p>\n<p><!-- BREAK 9 --><\/p>\n<p>En Trendencias | <a href=\"https:\/\/www.trendencias.com\/marcas\/vestidos-pantalones-blusas-faldas-complementos-bonitos-novedades-zara-mujer\">Los vestidos, pantalones, blusas, faldas y complementos m\u00e1s bonitos de las novedades de Zara Mujer<\/a><\/p>\n<p><!-- BREAK 10 --> <\/p>\n","protected":false},"excerpt":{"rendered":"<p>Como cada jueves, la socialit\u00e9 madrile\u00f1a hizo acto de presencia en El Hormiguero para participar en su secci\u00f3n semanal. La marquesa, a la que le quedan poco menos de dos meses para darse el \u201cs\u00ed, quiero\u201d con su prometido, el ingeniero \u00cd\u00f1igo Onieva, opt\u00f3 en esta ocasi\u00f3n, o mejor dicho su estilista, por un total [&hellip;]<\/p>\n","protected":false},"author":1,"featured_media":59897,"comment_status":"closed","ping_status":"closed","sticky":false,"template":"","format":"standard","meta":[],"categories":[1],"tags":[],"_links":{"self":[{"href":"http:\/\/hoycordobaweb.com\/index.php\/wp-json\/wp\/v2\/posts\/59896"}],"collection":[{"href":"http:\/\/hoycordobaweb.com\/index.php\/wp-json\/wp\/v2\/posts"}],"about":[{"href":"http:\/\/hoycordobaweb.com\/index.php\/wp-json\/wp\/v2\/types\/post"}],"author":[{"embeddable":true,"href":"http:\/\/hoycordobaweb.com\/index.php\/wp-json\/wp\/v2\/users\/1"}],"replies":[{"embeddable":true,"href":"http:\/\/hoycordobaweb.com\/index.php\/wp-json\/wp\/v2\/comments?post=59896"}],"version-history":[{"count":0,"href":"http:\/\/hoycordobaweb.com\/index.php\/wp-json\/wp\/v2\/posts\/59896\/revisions"}],"wp:featuredmedia":[{"embeddable":true,"href":"http:\/\/hoycordobaweb.com\/index.php\/wp-json\/wp\/v2\/media\/59897"}],"wp:attachment":[{"href":"http:\/\/hoycordobaweb.com\/index.php\/wp-json\/wp\/v2\/media?parent=59896"}],"wp:term":[{"taxonomy":"category","embeddable":true,"href":"http:\/\/hoycordobaweb.com\/index.php\/wp-json\/wp\/v2\/categories?post=59896"},{"taxonomy":"post_tag","embeddable":true,"href":"http:\/\/hoycordobaweb.com\/index.php\/wp-json\/wp\/v2\/tags?post=59896"}],"curies":[{"name":"wp","href":"https:\/\/api.w.org\/{rel}","templated":true}]}}