{"id":59870,"date":"2023-05-12T13:27:07","date_gmt":"2023-05-12T13:27:07","guid":{"rendered":"https:\/\/ladecimaweb.com\/?p=16696"},"modified":"2023-05-12T13:27:07","modified_gmt":"2023-05-12T13:27:07","slug":"las-farmacias-de-la-ciudad-tendran-el-acompanamiento-municipal","status":"publish","type":"post","link":"http:\/\/hoycordobaweb.com\/index.php\/2023\/05\/12\/las-farmacias-de-la-ciudad-tendran-el-acompanamiento-municipal\/","title":{"rendered":"Las farmacias de la ciudad tendr\u00e1n el acompa\u00f1amiento municipal"},"content":{"rendered":"<div class=\"boldgrid-section\">\n<div class=\"container\">\n<div class=\"row\">\n<div class=\"col-md-12 col-xs-12 col-sm-12\">\n<p style=\"font-weight: 400;\">El Concejo Deliberante ratific\u00f3 el convenio entre la Municipalidad y el Colegio de Farmac\u00e9uticos para el fortalecimiento y mejoramiento t\u00e9cnico y profesional de las farmacias de la ciudad.<\/p>\n<p class=\"\" style=\"font-weight: 400;\">En la 9na sesi\u00f3n, presidida por el viceintendente Daniel Passerini, se ratific\u00f3 el convenio de colaboraci\u00f3n institucional entre la Municipalidad y el Colegio de Farmac\u00e9uticos de C\u00f3rdoba, para fortalecer el sistema sanitario y al progreso de farmacias como arte cient\u00edfico.<\/p>\n<p class=\"\"><img loading=\"lazy\" class=\"alignnone wp-image-16698\" src=\"http:\/\/hoycordobaweb.com\/wp-content\/uploads\/2023\/05\/las-farmacias-de-la-ciudad-tendran-el-acompanamiento-municipal.jpg\" alt=\"\" width=\"389\" height=\"259\" srcset=\"http:\/\/hoycordobaweb.com\/wp-content\/uploads\/2023\/05\/las-farmacias-de-la-ciudad-tendran-el-acompanamiento-municipal.jpg 1600w, http:\/\/hoycordobaweb.com\/wp-content\/uploads\/2023\/05\/las-farmacias-de-la-ciudad-tendran-el-acompanamiento-municipal-1.jpg 666w, http:\/\/hoycordobaweb.com\/wp-content\/uploads\/2023\/05\/las-farmacias-de-la-ciudad-tendran-el-acompanamiento-municipal-2.jpg 768w, http:\/\/hoycordobaweb.com\/wp-content\/uploads\/2023\/05\/las-farmacias-de-la-ciudad-tendran-el-acompanamiento-municipal-3.jpg 1536w\" sizes=\"(max-width: 389px) 100vw, 389px\" \/><\/p>\n<p class=\"\" style=\"font-weight: 400;\">Con la aprobaci\u00f3n del proyecto, el municipio ser\u00e1 contralor del ejercicio profesional de los farmac\u00e9uticos para garantizar el mejoramiento t\u00e9cnico, profesional, social y moral de las farmacias de la ciudad.<\/p>\n<p class=\"\" style=\"font-weight: 400;\">De esta manera se fortalece el sistema sanitario y se crean espacios de trabajo entre el municipio y las instituciones de salud. El Colegio de Farmac\u00e9uticos basa sus acciones en la prevenci\u00f3n en salud, es por medio del convenio firmado que se hace m\u00e1s accesible la dispensa de remedios a la poblaci\u00f3n buscando alcanzar un sistema eficiente, solidario y distributivo que garantice la salud a todos los cordobeses.<\/p>\n<p style=\"font-weight: 400;\">Durante la sesi\u00f3n tambi\u00e9n se aprob\u00f3 el informe de cumplimiento anual del Plan de Metas de Gobierno 2019-2023.<\/p>\n<p class=\"\" style=\"font-weight: 400;\">De esta manera se completan los pasos para el tratamiento del Plan de Metas de Gobierno, una herramienta valiosa de gesti\u00f3n y control ciudadano que primero se trat\u00f3 en comisi\u00f3n con funcionarios municipales, quienes explicaron c\u00f3mo utilizar la plataforma digital del Plan y responder respecto del contenido del mismo, luego se realiz\u00f3 la audiencia p\u00fablica con la participaci\u00f3n de vecinos, instancia en que el intendente explic\u00f3 los alcances de las metas.<\/p>\n<p style=\"font-weight: 400;\">&nbsp;El concejal Pedro Altamira fundament\u00f3 el proyecto, asegurando que a la fecha m\u00e1s del 75% de las metas propuestas se encuentran alcanzadas y superadas.<\/p>\n<p class=\"\">\n<div class=\"ubm_banner\"><a href=\"https:\/\/www.cba.gov.ar\/internet-estudiantil\/\" target=\"_blank\" rel=\"dofollow noopener noreferrer\"><img src=\"http:\/\/hoycordobaweb.com\/wp-content\/uploads\/2023\/05\/las-farmacias-de-la-ciudad-tendran-el-acompanamiento-municipal.gif\" alt=\"\"><\/a><\/div>\n<\/div>\n<\/div>\n<\/div>\n<\/div>\n<p>La entrada <a rel=\"nofollow\" href=\"https:\/\/ladecimaweb.com\/las-farmacias-de-la-ciudad-tendran-el-acompanamiento-municipal\/\">Las farmacias de la ciudad tendr\u00e1n el acompa\u00f1amiento municipal<\/a> se public\u00f3 primero en <a rel=\"nofollow\" href=\"https:\/\/ladecimaweb.com\">LaDecima<\/a>.<\/p>\n","protected":false},"excerpt":{"rendered":"<p>El Concejo Deliberante ratific\u00f3 el convenio entre la Municipalidad y el Colegio de Farmac\u00e9uticos para el fortalecimiento y mejoramiento t\u00e9cnico y profesional de las farmacias de la ciudad. En la 9na sesi\u00f3n, presidida por el viceintendente Daniel Passerini, se ratific\u00f3 el convenio de colaboraci\u00f3n institucional entre la Municipalidad y el Colegio de Farmac\u00e9uticos de C\u00f3rdoba, [&hellip;]<\/p>\n","protected":false},"author":1,"featured_media":59871,"comment_status":"closed","ping_status":"closed","sticky":false,"template":"","format":"standard","meta":[],"categories":[19],"tags":[],"_links":{"self":[{"href":"http:\/\/hoycordobaweb.com\/index.php\/wp-json\/wp\/v2\/posts\/59870"}],"collection":[{"href":"http:\/\/hoycordobaweb.com\/index.php\/wp-json\/wp\/v2\/posts"}],"about":[{"href":"http:\/\/hoycordobaweb.com\/index.php\/wp-json\/wp\/v2\/types\/post"}],"author":[{"embeddable":true,"href":"http:\/\/hoycordobaweb.com\/index.php\/wp-json\/wp\/v2\/users\/1"}],"replies":[{"embeddable":true,"href":"http:\/\/hoycordobaweb.com\/index.php\/wp-json\/wp\/v2\/comments?post=59870"}],"version-history":[{"count":0,"href":"http:\/\/hoycordobaweb.com\/index.php\/wp-json\/wp\/v2\/posts\/59870\/revisions"}],"wp:featuredmedia":[{"embeddable":true,"href":"http:\/\/hoycordobaweb.com\/index.php\/wp-json\/wp\/v2\/media\/59871"}],"wp:attachment":[{"href":"http:\/\/hoycordobaweb.com\/index.php\/wp-json\/wp\/v2\/media?parent=59870"}],"wp:term":[{"taxonomy":"category","embeddable":true,"href":"http:\/\/hoycordobaweb.com\/index.php\/wp-json\/wp\/v2\/categories?post=59870"},{"taxonomy":"post_tag","embeddable":true,"href":"http:\/\/hoycordobaweb.com\/index.php\/wp-json\/wp\/v2\/tags?post=59870"}],"curies":[{"name":"wp","href":"https:\/\/api.w.org\/{rel}","templated":true}]}}