{"id":59868,"date":"2023-05-12T13:45:06","date_gmt":"2023-05-12T13:45:06","guid":{"rendered":"https:\/\/ladecimaweb.com\/?p=16700"},"modified":"2023-05-12T13:45:06","modified_gmt":"2023-05-12T13:45:06","slug":"confirman-condenas-a-una-veintena-de-integrantes-de-la-salada-la-feria-ilegal-mas-grande-del-mundo","status":"publish","type":"post","link":"http:\/\/hoycordobaweb.com\/index.php\/2023\/05\/12\/confirman-condenas-a-una-veintena-de-integrantes-de-la-salada-la-feria-ilegal-mas-grande-del-mundo\/","title":{"rendered":"Confirman condenas a una veintena de integrantes de La Salada, la feria ilegal m\u00e1s grande del mundo"},"content":{"rendered":"<div class=\"boldgrid-section\">\n<div class=\"container\">\n<div class=\"row\">\n<div class=\"col-md-12 col-xs-12 col-sm-12\">\n<p><strong>La C\u00e1mara de Casaci\u00f3n Bonaerense confirm\u00f3 las condenas de entre tres y ocho a\u00f1os de c\u00e1rcel para 21 integrantes de la denominada Feria de la Salada por varios delitos<\/strong>, entre ellos, extorsi\u00f3n a los comerciantes del predio ubicado en el partido de Lomas de Zamora.&nbsp;<\/p>\n<p>Seg\u00fan la investigaci\u00f3n, ellos eran quienes vend\u00edan protecci\u00f3n a las personas que tienen sus puestos en la denominada feria informal m\u00e1s grande del mundo.&nbsp;<\/p>\n<p>Los jueces V\u00edctor Violini y Rocardo Borinsky, del Tribunal de Casaci\u00f3n, rechazaron todos los recursos presentados por los m\u00e1s de 21 condenados ya en marzo de 2022 quienes hab\u00edan pactado un juicio abreviado.<\/p>\n<p class=\"\">De esta forma,<span>&nbsp;<\/span><strong>no prosper\u00f3 el pedido de la defensa de declarar nulas algunas pruebas y que diera marcha atr\u00e1s con las condenas.<\/strong><span>&nbsp;<\/span>Entre los acusados, hubo barrabravas que eran quienes amenazaban y extorsionaban a los comerciantes a pagar por la protecci\u00f3n, as\u00ed como por liderar la ocupaci\u00f3n del espacio p\u00fablico donde se instalaban los puestos.&nbsp;<\/p>\n<p>\u201cLas pretensiones volcadas en los recursos estaban en notoria contradicci\u00f3n con los mismos actos de las defensas en la instancia inferior y eran infundadas e inatendibles, por lo que no correspond\u00eda hacerles lugar y la sentencia del tribunal oral deb\u00eda ser confirmada\u201d, dijeron en el fallo los jueces de la Sala III al rechazar los recursos de las defensas.<\/p>\n<p><strong>Las condenas<\/strong><span>&nbsp;<\/span>fueron dictadas en un procedimiento de marzo de 2022 por el Tribunal Oral Criminal 8 de Lomas de Zamora, pero donde la fiscal\u00eda hab\u00eda acordado con las defensas previamente las penas impuestas.&nbsp;<\/p>\n<p><strong>Fuera del juicio abreviado y a la espera de un procedimiento oral cl\u00e1sico, est\u00e1 el denominado &#8220;Rey de la Salada&#8221;, Jorge Castillo, sindicado como l\u00edder de esa asociaci\u00f3n il\u00edcita.<\/strong><span>&nbsp;<\/span>S\u00ed, en cambio, fue condenado en juicio abreviado su sobrino, Adri\u00e1n.&nbsp;<\/p>\n<p>En el abreviado que Adri\u00e1n Castillo firm\u00f3 con el fiscal de Lomas de Zamora Sebasti\u00e1n Scalera, se fij\u00f3 la pena en ocho a\u00f1o de prisi\u00f3n, pues se lo consider\u00f3 parte de la asociaci\u00f3n il\u00edcita que obligaba a los vendedores ambulantes a pagar sumas de dinero a cambio de permitirles poner sus mostradores en el predio.<\/p>\n<div class=\"ubm_banner\"><a href=\"https:\/\/www.cba.gov.ar\/internet-estudiantil\/\" target=\"_blank\" rel=\"dofollow noopener noreferrer\"><img src=\"http:\/\/hoycordobaweb.com\/wp-content\/uploads\/2023\/05\/confirman-condenas-a-una-veintena-de-integrantes-de-la-salada-la-feria-ilegal-mas-grande-del-mundo.gif\" alt=\"\"><\/a><\/div>\n<\/div>\n<\/div>\n<\/div>\n<\/div>\n<p>La entrada <a rel=\"nofollow\" href=\"https:\/\/ladecimaweb.com\/confirman-condenas-a-una-veintena-de-integrantes-de-la-salada-la-feria-ilegal-mas-grande-del-mundo\/\">Confirman condenas a una veintena de integrantes de La Salada, la feria ilegal m\u00e1s grande del mundo<\/a> se public\u00f3 primero en <a rel=\"nofollow\" href=\"https:\/\/ladecimaweb.com\">LaDecima<\/a>.<\/p>\n","protected":false},"excerpt":{"rendered":"<p>La C\u00e1mara de Casaci\u00f3n Bonaerense confirm\u00f3 las condenas de entre tres y ocho a\u00f1os de c\u00e1rcel para 21 integrantes de la denominada Feria de la Salada por varios delitos, entre ellos, extorsi\u00f3n a los comerciantes del predio ubicado en el partido de Lomas de Zamora.&nbsp; Seg\u00fan la investigaci\u00f3n, ellos eran quienes vend\u00edan protecci\u00f3n a las [&hellip;]<\/p>\n","protected":false},"author":1,"featured_media":59869,"comment_status":"closed","ping_status":"closed","sticky":false,"template":"","format":"standard","meta":[],"categories":[19],"tags":[],"_links":{"self":[{"href":"http:\/\/hoycordobaweb.com\/index.php\/wp-json\/wp\/v2\/posts\/59868"}],"collection":[{"href":"http:\/\/hoycordobaweb.com\/index.php\/wp-json\/wp\/v2\/posts"}],"about":[{"href":"http:\/\/hoycordobaweb.com\/index.php\/wp-json\/wp\/v2\/types\/post"}],"author":[{"embeddable":true,"href":"http:\/\/hoycordobaweb.com\/index.php\/wp-json\/wp\/v2\/users\/1"}],"replies":[{"embeddable":true,"href":"http:\/\/hoycordobaweb.com\/index.php\/wp-json\/wp\/v2\/comments?post=59868"}],"version-history":[{"count":0,"href":"http:\/\/hoycordobaweb.com\/index.php\/wp-json\/wp\/v2\/posts\/59868\/revisions"}],"wp:featuredmedia":[{"embeddable":true,"href":"http:\/\/hoycordobaweb.com\/index.php\/wp-json\/wp\/v2\/media\/59869"}],"wp:attachment":[{"href":"http:\/\/hoycordobaweb.com\/index.php\/wp-json\/wp\/v2\/media?parent=59868"}],"wp:term":[{"taxonomy":"category","embeddable":true,"href":"http:\/\/hoycordobaweb.com\/index.php\/wp-json\/wp\/v2\/categories?post=59868"},{"taxonomy":"post_tag","embeddable":true,"href":"http:\/\/hoycordobaweb.com\/index.php\/wp-json\/wp\/v2\/tags?post=59868"}],"curies":[{"name":"wp","href":"https:\/\/api.w.org\/{rel}","templated":true}]}}