{"id":59830,"date":"2023-05-11T15:30:41","date_gmt":"2023-05-11T15:30:41","guid":{"rendered":"https:\/\/www.mujerhoy.com\/moda\/no-te-pierdas\/tamara-falco-disena-vestidos-invitada-perfecta-boda-inigo-onieva-20230511165631-nt.html"},"modified":"2023-05-11T15:30:41","modified_gmt":"2023-05-11T15:30:41","slug":"tamara-falco-ha-disenado-los-vestidos-que-quiere-que-sus-invitadas-lleven-a-su-boda-con-inigo-onieva","status":"publish","type":"post","link":"http:\/\/hoycordobaweb.com\/index.php\/2023\/05\/11\/tamara-falco-ha-disenado-los-vestidos-que-quiere-que-sus-invitadas-lleven-a-su-boda-con-inigo-onieva\/","title":{"rendered":"Tamara Falc\u00f3 ha dise\u00f1ado los vestidos que quiere que sus invitadas lleven a su boda con I\u00f1igo Onieva"},"content":{"rendered":"<p><!-- AUTHOR --><\/p>\n<div class=\"voc-author-timesocial \"><!-- AUTHOR --><\/p>\n<div class=\"voc-author-timesocial__signature\"><!-- IMAGE AUTHOR --><picture class=\"voc-image-signature\"><img class=\"voc-image-signature__img\" src=\"http:\/\/hoycordobaweb.com\/wp-content\/uploads\/2023\/05\/tamara-falco-ha-disenado-los-vestidos-que-quiere-que-sus-invitadas-lleven-a-su-boda-con-inigo-onieva.jpg\" alt=\"Mar\u00eda Jos\u00e9 Barrero\"><\/picture><!-- INFO AUTHOR --><\/div>\n<\/div>\n<p><!-- COMPONENTS --><\/p>\n<p class=\"voc-paragraph\">En azul intenso, lima, rosa o estampado lila. Con escotes asim\u00e9tricos, cortes cut-out o capelinas. As\u00ed son los vestidos que <a data-voc-vtm-id=\"in-text-traffic\" href=\"https:\/\/www.mujerhoy.com\/temas\/personajes\/tamara-falco.html\">Tamara Falc\u00f3<\/a> ha dise\u00f1ado para su colecci\u00f3n <strong>Pedro del Hierro &amp; TFP by Tamara Falc\u00f3<\/strong>, junto al director creativo de la firma, Nacho Aguayo, y que le gustar\u00eda ver a algunas de las invitadas a su boda con <a data-voc-vtm-id=\"in-text-traffic\" href=\"https:\/\/www.mujerhoy.com\/celebrities\/tamara-falco-inigo-onieva-fiesta-compromiso-cuando-donde-invitados-regalos-anillo-preysler-20230421174823-nt.html\">I\u00f1igo Onieva<\/a>, que se celebrar\u00e1 el pr\u00f3ximo 8 de julio en Madrid. Y no lo decimos nosotros, ella misma ha afirmado que estar\u00eda encantada de ver a alguna de las asistentes al enlace (se esparan m\u00e1s de 400 invitados) luciendo uno de estos modelos.\n<\/p>\n<p class=\"voc-paragraph\">Vestida con un vestido blanco con vuelo y abierto en la espalda, Tamara ha presentado los dise\u00f1os de su nueva colecci\u00f3n primavera-verano en el jard\u00edn de su casa familiar en Madrid. Y lo ha hecho, precisamente porque su nueva colecci\u00f3n est\u00e1 inspirada en las mujeres de su familia.\n<\/p>\n<p class=\"voc-paragraph\">Desde su madre,<br \/>\n<a data-voc-vtm-id=\"in-text-traffic\" href=\"https:\/\/www.mujerhoy.com\/celebrities\/cumpleanos-isabel-preysler-cuantos-anos-tiene-polemicas-escandalos-vida-infidelidades-rupturas-dramaticas-20230218133409-nt.html\"> Isabel Preysler<\/a>, \u00abque es mi referente\u00bb, ha indicado, hasta sus hermanas Ana y Ch\u00e1beli, o sus primas. \u00abEllas <strong>siempre han destacado por su elegancia<\/strong> en todas sus apariciones en eventos y ahora, gracias a estas prendas, la gente podr\u00e1 disfrutar su esencia en los primeros eventos de la temporada\u00bb, ha asegurado.\n<\/p>\n<div class=\"voc-detail__cmp\">\n<div class=\"voc-article-container\">\n<article class=\"voc-article voc-article--cmp-photo-text\" readability=\"26\">\n<div class=\"voc-img-container\" readability=\"7\"><picture>\n<div class=\"voc-horizontal voc-img-icon-link\"><img class=\"lazy\" loading=\"lazy\" data-original=\"\/\/static2.mujerhoy.com\/www\/multimedia\/202305\/11\/media\/cortadas\/tamara-falco-vestido-aguayo-kaP--624x624@MujerHoy.jpg\" alt=\"Tamara Falc\u00f3 junto a Nacho Aguayo.\"><\/div>\n<\/picture>\n<p class=\"figure-caption \"> Tamara Falc\u00f3 junto a Nacho Aguayo. \/ <span class=\"voc-photo-author\"> cortes\u00eda <\/span><\/p>\n<\/div>\n<\/article>\n<\/div>\n<\/div>\n<p class=\"voc-paragraph\">La marquesa de Gri\u00f1\u00f3n ha explicado la ilusi\u00f3n con la que ha afrontado esta tercera colecci\u00f3n exclusiva que realiza para Pedro del Hierro, y que ha llamado Family &amp; Friends. Con ella, Tamara y el dise\u00f1ador <strong>Nacho Aguayo <\/strong>ofrecen vestidos y conjuntos para vestir celebraciones y ocasiones muy especiales, pero tambi\u00e9n para disfrutar de un tardeo de primavera o una noche de verano. \u00abEs una colecci\u00f3n muy vers\u00e1til que elevar\u00e1 los looks de las invitadas esta temporada\u00bb, ha asegurado Tamara Falc\u00f3.\n<\/p>\n<p class=\"voc-paragraph\">Family es la l\u00ednea que engloba las prendas ideales para lucir en celebraciones. En tonos lima, azul, verde y amarillo, pero tambi\u00e9n con estampados tie dye, confeccionados en gasas vaporosas, rasos o crep\u00e9. Esta l\u00ednea \u00abest\u00e1 marcada por la influencia de Tamara en el mundo de la moda \u2013seg\u00fan ha afirmado Aguayo\u2013.\n<\/p>\n<div class=\"voc-detail__cmp\">\n<div class=\"voc-article-container\">\n<article class=\"voc-article voc-article--cmp-photo-text\" readability=\"26\">\n<div class=\"voc-img-container\" readability=\"7\"><picture>\n<div class=\"voc-horizontal voc-img-icon-link\"><img class=\"lazy\" loading=\"lazy\" data-original=\"\/\/static3.mujerhoy.com\/www\/multimedia\/202305\/11\/media\/cortadas\/tamara-falco-vestido-kaP--624x624@MujerHoy.jpg\" alt=\"Tamara Falc\u00f3 luciendo uno de los modelos que ha dise\u00f1ado. \"><\/div>\n<\/picture>\n<p class=\"figure-caption \"> Tamara Falc\u00f3 luciendo uno de los modelos que ha dise\u00f1ado. \/ <span class=\"voc-photo-author\"> cortes\u00eda <\/span><\/p>\n<\/div>\n<\/article>\n<\/div>\n<\/div>\n<p class=\"voc-paragraph\">La sofisticaci\u00f3n, la elegancia y la evoluci\u00f3n con la que se ha pensado y dise\u00f1ado es una apuesta clara por la convivencia entre lo cl\u00e1sico y las \u00faltimas tendencias\u00bb. Los cuellos halters, las mangas abullonadas,las lazadas al cuello y los escotes drapeados son los protagonistas y favorecen la silueta femenina\u00bb.\n<\/p>\n<p class=\"voc-paragraph\">Friends ofrece dos estilos diferenciados: uno, de <strong>vestidos largos y fluidos<\/strong>, en tonos tonos rojos, rosas y naranjas, tambi\u00e9n con estampados, pedrer\u00eda y lentejuelas, para eventos m\u00e1s vestidos, y<br \/>\n<strong> otra m\u00e1s relajada<\/strong>, en tonos blancos, marr\u00f3n chocolate y con estampados de palmeras, pero tambi\u00e9n muy sexy, con escotes asim\u00e9tricos o cortes cut-out.\n<\/p>\n<p><!-- TOPICS --><\/p>\n","protected":false},"excerpt":{"rendered":"<p>En azul intenso, lima, rosa o estampado lila. Con escotes asim\u00e9tricos, cortes cut-out o capelinas. As\u00ed son los vestidos que Tamara Falc\u00f3 ha dise\u00f1ado para su colecci\u00f3n Pedro del Hierro &amp; TFP by Tamara Falc\u00f3, junto al director creativo de la firma, Nacho Aguayo, y que le gustar\u00eda ver a algunas de las invitadas a [&hellip;]<\/p>\n","protected":false},"author":1,"featured_media":59831,"comment_status":"closed","ping_status":"closed","sticky":false,"template":"","format":"standard","meta":[],"categories":[1],"tags":[],"_links":{"self":[{"href":"http:\/\/hoycordobaweb.com\/index.php\/wp-json\/wp\/v2\/posts\/59830"}],"collection":[{"href":"http:\/\/hoycordobaweb.com\/index.php\/wp-json\/wp\/v2\/posts"}],"about":[{"href":"http:\/\/hoycordobaweb.com\/index.php\/wp-json\/wp\/v2\/types\/post"}],"author":[{"embeddable":true,"href":"http:\/\/hoycordobaweb.com\/index.php\/wp-json\/wp\/v2\/users\/1"}],"replies":[{"embeddable":true,"href":"http:\/\/hoycordobaweb.com\/index.php\/wp-json\/wp\/v2\/comments?post=59830"}],"version-history":[{"count":0,"href":"http:\/\/hoycordobaweb.com\/index.php\/wp-json\/wp\/v2\/posts\/59830\/revisions"}],"wp:featuredmedia":[{"embeddable":true,"href":"http:\/\/hoycordobaweb.com\/index.php\/wp-json\/wp\/v2\/media\/59831"}],"wp:attachment":[{"href":"http:\/\/hoycordobaweb.com\/index.php\/wp-json\/wp\/v2\/media?parent=59830"}],"wp:term":[{"taxonomy":"category","embeddable":true,"href":"http:\/\/hoycordobaweb.com\/index.php\/wp-json\/wp\/v2\/categories?post=59830"},{"taxonomy":"post_tag","embeddable":true,"href":"http:\/\/hoycordobaweb.com\/index.php\/wp-json\/wp\/v2\/tags?post=59830"}],"curies":[{"name":"wp","href":"https:\/\/api.w.org\/{rel}","templated":true}]}}