{"id":59818,"date":"2023-05-11T22:48:22","date_gmt":"2023-05-11T22:48:22","guid":{"rendered":"https:\/\/www.ole.com.ar\/ecuador\/liga-pro\/ligapro-fecha-juega-partidos_0_ZlRSw3MCVw.html"},"modified":"2023-05-11T22:48:22","modified_gmt":"2023-05-11T22:48:22","slug":"ligapro-asi-se-juega-la-fecha-10","status":"publish","type":"post","link":"http:\/\/hoycordobaweb.com\/index.php\/2023\/05\/11\/ligapro-asi-se-juega-la-fecha-10\/","title":{"rendered":"LigaPro: as\u00ed se juega la fecha 10"},"content":{"rendered":"<p><img src=\"http:\/\/hoycordobaweb.com\/wp-content\/uploads\/2023\/05\/ligapro-asi-se-juega-la-fecha-10.jpg\"><\/p>\n<p><time class=\"createDate\" datetime=\"2023-05-11T19:48:22-03:00\">11\/05\/2023 19:48hs.<\/time><time class=\"modificatedDate\" datetime=\"2023\/05\/11T19:48:22-03:00\"><\/time><\/p>\n<div id=\"storyBody\">\n<div class=\"custom-text \" readability=\"31.282321899736\">\n<p>Luego de una semana sin acci\u00f3n por la <a href=\"https:\/\/www.ole.com.ar\/tema\/copa-libertadores.html\" title=\"Copa Libertadores\" alt=\"Copa Libertadores\" class=\"slug\"><strong>Libertadores <\/strong><\/a>y la <a href=\"https:\/\/www.ole.com.ar\/tema\/copa-sudamericana.html\" title=\"Copa Sudamericana\" alt=\"Copa Sudamericana\" class=\"slug\"><strong>Sudamericana<\/strong><\/a>, <strong>todos los equipos se enfocaron en la d\u00e9cima fecha de la Fase 1 de la LigaPro<\/strong>, que dar\u00e1 inicio este viernes con un duelo. La etapa comienza a entrar en su fase de definici\u00f3n y como novedad, <a href=\"https:\/\/www.ole.com.ar\/ecuador\/liga-pro\/var-ligapro-jornada-10-arbitros_0_DrFvarCf39.html\" target=\"_blank\" rel=\"noopener noreferrer\">en apenas dos partidos no contar\u00e1n con VAR<\/a>: Deportivo Cuenca vs. Mushuc Runa y T\u00e9cnico Universitario vs. Cumbay\u00e1.<\/p>\n<\/div>\n<div class=\"sc-a7166897-0 exHLBh\" readability=\"6\">\n<section readability=\"2\"><picture><img alt=\"Gran gesto de Enner Valencia: ayud\u00f3 a reconstruir su escuela en Ricaurte\" src=\"http:\/\/hoycordobaweb.com\/wp-content\/uploads\/2023\/05\/ligapro-asi-se-juega-la-fecha-10-2.jpg\" width=\"29\" height=\"29\" decoding=\"async\" data-nimg=\"future\" loading=\"lazy\"><\/picture>\n<p><span>Mir\u00e1 tambi\u00e9n<\/span><\/p>\n<hr>\n<h3>Gran gesto de Enner Valencia: ayud\u00f3 a reconstruir su escuela en Ricaurte<\/h3>\n<\/p>\n<\/section>\n<\/div>\n<div class=\"sc-a7166897-0 exHLBh\" readability=\"6.5\">\n<section readability=\"3\"><picture><img alt=\"Del gran cambio f\u00edsico a &quot;clon de Mbapp\u00e9&quot;: Nilson Angulo, el 10 de Ecuador\" src=\"http:\/\/hoycordobaweb.com\/wp-content\/uploads\/2023\/05\/ligapro-asi-se-juega-la-fecha-10-3.jpg\" width=\"29\" height=\"29\" decoding=\"async\" data-nimg=\"future\" loading=\"lazy\"><\/picture>\n<p><span>Mir\u00e1 tambi\u00e9n<\/span><\/p>\n<hr>\n<h3>Del gran cambio f\u00edsico a \u00abclon de Mbapp\u00e9\u00bb: Nilson Angulo, el 10 de Ecuador<\/h3>\n<\/p>\n<\/section>\n<\/div>\n<div class=\"sc-a7166897-0 exHLBh\" readability=\"6\">\n<section readability=\"2\"><picture><img alt=\"El particular apodo a Kendry P\u00e1ez por un campe\u00f3n del mundo\" src=\"http:\/\/hoycordobaweb.com\/wp-content\/uploads\/2023\/05\/ligapro-asi-se-juega-la-fecha-10-4.jpg\" width=\"29\" height=\"29\" decoding=\"async\" data-nimg=\"future\" loading=\"lazy\"><\/picture>\n<p><span>Mir\u00e1 tambi\u00e9n<\/span><\/p>\n<hr>\n<h3>El particular apodo a Kendry P\u00e1ez por un campe\u00f3n del mundo<\/h3>\n<\/p>\n<\/section>\n<\/div>\n<p><h2><strong>Viernes 12 de mayo<\/strong><\/h2>\n<\/p>\n<div class=\"custom-text \" readability=\"38\">\n<p>La fecha comienza con un duelo de dos equipos necesitados de puntos: <strong>desde las 19, Deportivo Cuenca a Mushuc Runa<\/strong>. Los Morlacos, que oficializaron la salida del cuerpo t\u00e9cnico comandado por Del Valle-Zubeld\u00eda, viene de perder ante Universidad Cat\u00f3lica. En tanto que el Ponchito fue superado por El Nacional. Ambos necesitan sumar&#8230;<\/p>\n<\/div>\n<p><h2><strong>S\u00e1bado 13 de mayo<\/strong><\/h2>\n<\/p>\n<div class=\"custom-text \" readability=\"37\">\n<p>La triple cartelera del s\u00e1bado, empieza luego del almuerzo. <strong>Desde las 13, El Nacional recibe a Orense<\/strong>. Tanto el Bi-Tri como los Bananeros son dos de las revelaciones que tiene la etapa y se encuentran en la parte de arriba de la tabla de posiciones. En el caso de los de Machala ganaron cinco partidos consecutivos de local y ahora buscar\u00e1n hacerse fuertes en condici\u00f3n de visitante.<\/p>\n<\/div>\n<div class=\"sc-e7b891c4-0 jPbnQF\"><img alt=\"El festejo de Orense ante el Rodillo (Foto: API).\" src=\"http:\/\/hoycordobaweb.com\/wp-content\/uploads\/2023\/05\/ligapro-asi-se-juega-la-fecha-10-5.jpg\" width=\"72\" height=\"10\" decoding=\"async\" data-nimg=\"future\" loading=\"lazy\"><span class=\"epigraphe\">El festejo de Orense ante el Rodillo (Foto: API).<\/span><\/div>\n<div class=\"custom-text \" readability=\"40\">\n<p>Luego, desde las 15.30, habr\u00e1 un cotejo entre dos que vienen de ser derrotados: <strong>Aucas vs. Gualaceo<\/strong>. El Pap\u00e1 sufri\u00f3 una paliza ante Barcelona, que se impuso por 5-1 en el Estadio Banco Pichincha. Por su parte, el S\u00faper Guala empez\u00f3 ganando ante Independiente del VAlle, que lo dio vuelta en el segundo tiempo en Azogues.<\/p>\n<\/div>\n<div class=\"sc-a7166897-0 exHLBh\" readability=\"6\">\n<section readability=\"2\"><picture><img alt=\"Leverkusen nunca le encontr\u00f3 la vuelta y cay\u00f3 por 1-0 ante la Roma\" src=\"http:\/\/hoycordobaweb.com\/wp-content\/uploads\/2023\/05\/ligapro-asi-se-juega-la-fecha-10-6.jpg\" width=\"29\" height=\"29\" decoding=\"async\" data-nimg=\"future\" loading=\"lazy\"><\/picture>\n<p><span>Mir\u00e1 tambi\u00e9n<\/span><\/p>\n<hr>\n<h3>Leverkusen nunca le encontr\u00f3 la vuelta y cay\u00f3 por 1-0 ante la Roma<\/h3>\n<\/p>\n<\/section>\n<\/div>\n<div class=\"custom-text \" readability=\"38\">\n<p>Finalmente, <strong>a partir de las 18, Barcelona visitar\u00e1 a Libertad en Loja.<\/strong> En un estadio que promete estar repleto, los dirigidos por Fab\u00edan Bustos (en plena levantada luego del punto de inflexi\u00f3n que fue el triunfo ante LDU en el Rodrigo Paz Delgado) buscar\u00e1n alcanza moment\u00e1neamente en la punta de la etapa a IDV. Los locales vienen de empatar 1-1 ante Guayaquil City.<\/p>\n<\/div>\n<div class=\"sc-e7b891c4-0 jPbnQF\"><img alt=\"Segundo Portocarrero celebra su gol para Barcelona. (API)\" src=\"http:\/\/hoycordobaweb.com\/wp-content\/uploads\/2023\/05\/ligapro-asi-se-juega-la-fecha-10-7.jpg\" width=\"72\" height=\"10\" decoding=\"async\" data-nimg=\"future\" loading=\"lazy\"><span class=\"epigraphe\">Segundo Portocarrero celebra su gol para Barcelona. (API)<\/span><\/div>\n<p><h2><strong>Domingo 14 de mayo<\/strong><\/h2>\n<\/p>\n<div class=\"custom-text \" readability=\"37\">\n<p>El domingo arranca tranquilo y luego se va poniendo cada vez mejor&#8230;<strong> A las 13, Delf\u00edn ser\u00e1 local ante Universidad Cat\u00f3lica.<\/strong> En la fecha pasada, el Cet\u00e1ceo consigui\u00f3 un valioso empate 1-1 ante Liga Deportiva Universitaria, mientras que la Chatole\u00ed le gan\u00f3 a Deportivo Cuenca.<\/p>\n<\/div>\n<div class=\"custom-text \" readability=\"40\">\n<p>Desde las 15.30, ser\u00e1 el turno de saltar a la cancha para uno de los m\u00e1ximos favoritos para llevarse la Fase 1: <strong>Independiente del Valle<\/strong>. Luego de dar vuelta el cotejo contra Gualaceo en Azogues, e<strong>l equipo de Mart\u00edn Anselmi recibe a Guayaquil City<\/strong> (que viene de empatar ante Libertad). En caso de sumar, el Negriazul se mantendr\u00e1 una fecha m\u00e1s en lo m\u00e1s alto. Por su parte, los Ciudadanos no podr\u00e1n contar con Parrales, ya que el goleador lleg\u00f3 a las cinco amarillas en la jornada pasada.<\/p>\n<\/div>\n<div class=\"sc-e7b891c4-0 jPbnQF\"><img alt=\"Kevin Rodr\u00edguez le dio el triunfo a Independiente del Valle.\" src=\"http:\/\/hoycordobaweb.com\/wp-content\/uploads\/2023\/05\/ligapro-asi-se-juega-la-fecha-10-8.jpg\" width=\"72\" height=\"10\" decoding=\"async\" data-nimg=\"future\" loading=\"lazy\"><span class=\"epigraphe\">Kevin Rodr\u00edguez le dio el triunfo a Independiente del Valle.<\/span><\/div>\n<div class=\"custom-text \" readability=\"40\">\n<p>Y para cerrar el domingo, el plato fuerte de la fecha. A las 18, en el George Capwell,<strong> Emelec recibe LDU<\/strong>. El Bombillo, ya fuera de la pelea en la etapa, necesita sumar puntos para no sufrir m\u00e1s adelante con el descenso. Y el Albo tambi\u00e9n est\u00e1 obligado a ganar: si no suma de a tres quedar\u00e1 muy lejos de los que pelean por la Fase 1. Duelo clave en Guayaquil.<\/p>\n<\/div>\n<div class=\"sc-e7b891c4-0 jPbnQF\"><img alt=\"Diego Garcia, figura de Emelec. \" src=\"http:\/\/hoycordobaweb.com\/wp-content\/uploads\/2023\/05\/ligapro-asi-se-juega-la-fecha-10-9.jpg\" width=\"72\" height=\"10\" decoding=\"async\" data-nimg=\"future\" loading=\"lazy\"><span class=\"epigraphe\">Diego Garcia, figura de Emelec. <\/span><\/div>\n<div class=\"sc-a7166897-0 exHLBh\" readability=\"6.5\">\n<section readability=\"3\"><picture><img alt=\"Con bajas sensibles, as\u00ed ser\u00eda el 11 de Liga contra Emelec\" src=\"http:\/\/hoycordobaweb.com\/wp-content\/uploads\/2023\/05\/ligapro-asi-se-juega-la-fecha-10-10.jpg\" width=\"29\" height=\"29\" decoding=\"async\" data-nimg=\"future\" loading=\"lazy\"><\/picture>\n<p><span>Mir\u00e1 tambi\u00e9n<\/span><\/p>\n<hr>\n<h3>Con bajas sensibles, as\u00ed ser\u00eda el 11 de Liga contra Emelec<\/h3>\n<\/p>\n<\/section>\n<\/div>\n<p><h2><strong>Lunes 15 de mayo<\/strong><\/h2>\n<\/p>\n<div class=\"custom-text \" readability=\"37\">\n<p>En el \u00faltimo partido de la fecha, <strong>T\u00e9cnico Universitario recibir\u00e1 a Cumbay\u00e1, desde las 19<\/strong>. El Rodillo viene de perder ante Orense sobre el final del partido, y los visitantes empataron 0-0 ante Emelec.<\/p>\n<\/div>\n<div class=\"sc-a7166897-0 exHLBh\" readability=\"6\">\n<section readability=\"2\"><picture><img alt=\"En IDV se cansaron de los dardos de Alfaro Moreno y Luis Chango \" src=\"http:\/\/hoycordobaweb.com\/wp-content\/uploads\/2023\/05\/ligapro-asi-se-juega-la-fecha-10-11.jpg\" width=\"29\" height=\"29\" decoding=\"async\" data-nimg=\"future\" loading=\"lazy\"><\/picture>\n<p><span>Mir\u00e1 tambi\u00e9n<\/span><\/p>\n<hr>\n<h3>En IDV se cansaron de los dardos de Alfaro Moreno y Luis Chango<br \/>\n<\/h3>\n<\/p>\n<\/section>\n<\/div>\n<\/div>\n","protected":false},"excerpt":{"rendered":"<p>11\/05\/2023 19:48hs. Luego de una semana sin acci\u00f3n por la Libertadores y la Sudamericana, todos los equipos se enfocaron en la d\u00e9cima fecha de la Fase 1 de la LigaPro, que dar\u00e1 inicio este viernes con un duelo. La etapa comienza a entrar en su fase de definici\u00f3n y como novedad, en apenas dos partidos [&hellip;]<\/p>\n","protected":false},"author":1,"featured_media":59819,"comment_status":"open","ping_status":"closed","sticky":false,"template":"","format":"standard","meta":[],"categories":[16],"tags":[],"_links":{"self":[{"href":"http:\/\/hoycordobaweb.com\/index.php\/wp-json\/wp\/v2\/posts\/59818"}],"collection":[{"href":"http:\/\/hoycordobaweb.com\/index.php\/wp-json\/wp\/v2\/posts"}],"about":[{"href":"http:\/\/hoycordobaweb.com\/index.php\/wp-json\/wp\/v2\/types\/post"}],"author":[{"embeddable":true,"href":"http:\/\/hoycordobaweb.com\/index.php\/wp-json\/wp\/v2\/users\/1"}],"replies":[{"embeddable":true,"href":"http:\/\/hoycordobaweb.com\/index.php\/wp-json\/wp\/v2\/comments?post=59818"}],"version-history":[{"count":0,"href":"http:\/\/hoycordobaweb.com\/index.php\/wp-json\/wp\/v2\/posts\/59818\/revisions"}],"wp:featuredmedia":[{"embeddable":true,"href":"http:\/\/hoycordobaweb.com\/index.php\/wp-json\/wp\/v2\/media\/59819"}],"wp:attachment":[{"href":"http:\/\/hoycordobaweb.com\/index.php\/wp-json\/wp\/v2\/media?parent=59818"}],"wp:term":[{"taxonomy":"category","embeddable":true,"href":"http:\/\/hoycordobaweb.com\/index.php\/wp-json\/wp\/v2\/categories?post=59818"},{"taxonomy":"post_tag","embeddable":true,"href":"http:\/\/hoycordobaweb.com\/index.php\/wp-json\/wp\/v2\/tags?post=59818"}],"curies":[{"name":"wp","href":"https:\/\/api.w.org\/{rel}","templated":true}]}}