{"id":59761,"date":"2023-05-10T23:18:44","date_gmt":"2023-05-10T23:18:44","guid":{"rendered":"https:\/\/www.ole.com.ar\/copa-argentina\/copa-argentina-boca-barracas_0_qLpEFyOfhp.html"},"modified":"2023-05-10T23:18:44","modified_gmt":"2023-05-10T23:18:44","slug":"se-define-el-rival-de-boca-en-la-copa-argentina","status":"publish","type":"post","link":"http:\/\/hoycordobaweb.com\/index.php\/2023\/05\/10\/se-define-el-rival-de-boca-en-la-copa-argentina\/","title":{"rendered":"Se define el rival de Boca en la Copa Argentina"},"content":{"rendered":"<p><img src=\"http:\/\/hoycordobaweb.com\/wp-content\/uploads\/2023\/05\/se-define-el-rival-de-boca-en-la-copa-argentina.jpg\"><\/p>\n<div><img src=\"http:\/\/hoycordobaweb.com\/wp-content\/uploads\/2023\/05\/se-define-el-rival-de-boca-en-la-copa-argentina-2.jpg\" class=\"ff-og-image-inserted\"><\/div>\n<div readability=\"35\">\n<p>Barracas Central y Estudiantes de Buenos Aires se enfrentar\u00e1n este mi\u00e9rcoles por los 32avos de final de la Copa Argentina en un partido que habilitar\u00e1 al ganador a enfrentar a Boca en la siguiente fase. El encuentro se jugar\u00e1 desde las 21.10 en el estadio Ciudad de Vicente L\u00f3pez y ser\u00e1 arbitrado por Fernando Echenique.<\/p>\n<\/div>\n<div readability=\"40\">\n<p>El Guapo, dirigido por Sergio Rondina, asumir\u00e1 el partido con el \u00e1nimo alto tras haber goleado el fin de semana a Instituto de C\u00f3rdoba por 3 a 0 por la fecha 15 de la Liga Profesional. El equipo de Caseros, por su parte, dirigido por Juan Manuel Sara desde hace dos fechas, perdi\u00f3 en Mendoza con Independiente Rivadavia (2-1) y ocupa el puesto 15 en la Zona B de la Primera Nacional.<\/p>\n<\/div>\n","protected":false},"excerpt":{"rendered":"<p>Barracas Central y Estudiantes de Buenos Aires se enfrentar\u00e1n este mi\u00e9rcoles por los 32avos de final de la Copa Argentina en un partido que habilitar\u00e1 al ganador a enfrentar a Boca en la siguiente fase. El encuentro se jugar\u00e1 desde las 21.10 en el estadio Ciudad de Vicente L\u00f3pez y ser\u00e1 arbitrado por Fernando Echenique. [&hellip;]<\/p>\n","protected":false},"author":1,"featured_media":59762,"comment_status":"open","ping_status":"closed","sticky":false,"template":"","format":"standard","meta":[],"categories":[16],"tags":[],"_links":{"self":[{"href":"http:\/\/hoycordobaweb.com\/index.php\/wp-json\/wp\/v2\/posts\/59761"}],"collection":[{"href":"http:\/\/hoycordobaweb.com\/index.php\/wp-json\/wp\/v2\/posts"}],"about":[{"href":"http:\/\/hoycordobaweb.com\/index.php\/wp-json\/wp\/v2\/types\/post"}],"author":[{"embeddable":true,"href":"http:\/\/hoycordobaweb.com\/index.php\/wp-json\/wp\/v2\/users\/1"}],"replies":[{"embeddable":true,"href":"http:\/\/hoycordobaweb.com\/index.php\/wp-json\/wp\/v2\/comments?post=59761"}],"version-history":[{"count":0,"href":"http:\/\/hoycordobaweb.com\/index.php\/wp-json\/wp\/v2\/posts\/59761\/revisions"}],"wp:featuredmedia":[{"embeddable":true,"href":"http:\/\/hoycordobaweb.com\/index.php\/wp-json\/wp\/v2\/media\/59762"}],"wp:attachment":[{"href":"http:\/\/hoycordobaweb.com\/index.php\/wp-json\/wp\/v2\/media?parent=59761"}],"wp:term":[{"taxonomy":"category","embeddable":true,"href":"http:\/\/hoycordobaweb.com\/index.php\/wp-json\/wp\/v2\/categories?post=59761"},{"taxonomy":"post_tag","embeddable":true,"href":"http:\/\/hoycordobaweb.com\/index.php\/wp-json\/wp\/v2\/tags?post=59761"}],"curies":[{"name":"wp","href":"https:\/\/api.w.org\/{rel}","templated":true}]}}