{"id":59742,"date":"2023-05-10T14:28:00","date_gmt":"2023-05-10T14:28:00","guid":{"rendered":"http:\/\/hoycordobaweb.com\/index.php\/2023\/05\/10\/baez-y-etcheverry-avanzan-en-el-masters-1000-de-roma\/"},"modified":"2023-05-10T14:28:00","modified_gmt":"2023-05-10T14:28:00","slug":"baez-y-etcheverry-avanzan-en-el-masters-1000-de-roma","status":"publish","type":"post","link":"http:\/\/hoycordobaweb.com\/index.php\/2023\/05\/10\/baez-y-etcheverry-avanzan-en-el-masters-1000-de-roma\/","title":{"rendered":"B\u00e1ez y Etcheverry avanzan en el Masters 1000 de Roma"},"content":{"rendered":"<p><img src=\"http:\/\/hoycordobaweb.com\/wp-content\/uploads\/2023\/05\/baez-y-etcheverry-avanzan-en-el-masters-1000-de-roma.jpg\"><\/p>\n<figure class=\"mb-3\"><img loading=\"lazy\" data-src=\"http:\/\/hoycordobaweb.com\/wp-content\/uploads\/2023\/05\/baez-y-etcheverry-avanzan-en-el-masters-1000-de-roma-2.jpg\" src=\"https:\/\/www.telam.com.ar\/assets\/img\/not_image.png\" class=\" lazy \" width=\"100%\" height=\"100%\" alt=\"Sebastin Bez debut con un triunfo en Roma AFP\"><figcaption> Sebasti\u00e1n B\u00e1ez debut\u00f3 con un triunfo en Roma (AFP). <\/figcaption><\/figure>\n<p>El tenista argentino Sebasti\u00e1n B\u00e1ez se clasific\u00f3 este mi\u00e9rcoles para la segunda ronda del Masters 1000 de Roma tras imponerse sobre el peruano Juan Pablo Varillas por 7-5 y 6-3, y su compatriota Tom\u00e1s Etcheverry avanz\u00f3 a id\u00e9ntica instancia luego de vencer al franc\u00e9s Luca Van Assche por 7-6 (9-7) y 6-3.<\/p>\n<p><strong>B\u00e1ez, ubicado en el puesto 40 del ranking mundial de la ATP, le gan\u00f3 a Varillas (97) luego de dos horas de juego <\/strong>en la cancha n\u00famero 12 del Foro It\u00e1lico, y jugar\u00e1 su siguiente partido ante el neerland\u00e9s Tallon Griekspoor (36), exceptuado de la ronda inicial.<\/p>\n<p>El argentino, de 22 a\u00f1os y campe\u00f3n en febrero pasado en el C\u00f3rdoba Open, le gan\u00f3 a Varillas todas las veces que jugaron, las anteriores en Santiago, Chile, en 2022, y R\u00edo de Janeiro este a\u00f1o.<\/p>\n<p><strong>Etcheverry (61), por su parte, se impuso en la cancha Grand Stand sobre el franc\u00e9s Van Assche (85) en dos horas<\/strong> y cinco minutos de un partido que fue re\u00f1ido en el primer set.<\/p>\n<blockquote class=\"twitter-tweet\" readability=\"4.1875\">\n<p lang=\"es\" dir=\"ltr\">\u00a1Gran inicio de torneo!<\/p>\n<p>\ud83c\udde6\ud83c\uddf7 <a href=\"https:\/\/twitter.com\/sebaabaez7?ref_src=twsrc%5Etfw\">@sebaabaez7<\/a> debut\u00f3 con fuerza y \ud83c\udde6\ud83c\uddf7 <a href=\"https:\/\/twitter.com\/tometcheverry?ref_src=twsrc%5Etfw\">@tometcheverry<\/a> cit\u00f3 al No. 1 mundial en el <a href=\"https:\/\/twitter.com\/InteBNLdItalia?ref_src=twsrc%5Etfw\">@InteBNLdItalia<\/a>.<a href=\"https:\/\/twitter.com\/hashtag\/IBI23?src=hash&amp;ref_src=twsrc%5Etfw\">#IBI23<\/a><\/p>\n<p>\u2014 ATP Tour en Espa\u00f1ol (@ATPTour_ES) <a href=\"https:\/\/twitter.com\/ATPTour_ES\/status\/1656295638219345920?ref_src=twsrc%5Etfw\">May 10, 2023<\/a><\/p><\/blockquote>\n<p>El tenista nacido en La Plata hace 23 a\u00f1os, finalista este a\u00f1o en los ATP 250 de Santiago de Chile, y Houston, en los Estados Unidos, jugar\u00e1 su pr\u00f3ximo partido nada menos que ante el serbio Novak Djokovic (1), quien defiende el t\u00edtulo en Roma.<\/p>\n<p>Otros dos argentinos del cuadro masculino, el cordob\u00e9s Pedro Cach\u00edn y el porte\u00f1o Juan Manuel Cer\u00fandolo, jugar\u00e1n m\u00e1s tarde sus partidos de la ronda inicial, mientras que el bahiense Guido Pella y Diego Schwartzman lo har\u00e1n el jueves, en tanto que Francisco Cer\u00fandolo, exceptuado de la ronda inicial, ser\u00e1 programado para el viernes o el s\u00e1bado.<\/p>\n<p>Cach\u00edn (68), nacido en Bell Ville, se medir\u00e1 con el chileno Cristian Gar\u00edn (79) y de ganar le tocar\u00e1 luego el estadounidense Tommy Paul (17).<\/p>\n<p>Juan Manuel Cer\u00fandolo (105), surgido de la clasificaci\u00f3n, enfrentar\u00e1 al juvenil franc\u00e9s Arthur Fils (119) y de pasarlo le tocar\u00e1 en la siguiente ronda el \u00abtop ten\u00bb dinamarqu\u00e9s Holger Rune (7).<\/p>\n<p>Para este jueves est\u00e1 previsto el debut de Pella (484) ante el franc\u00e9s Maxime Cressy (41) y si lo vence se encontrar\u00e1 en la segunda ronda con el espa\u00f1ol Alejandro Davidovich Fokina (34).<\/p>\n<p>El \u00abPeque\u00bb Schwartzman (91) debutar\u00e1 ante el italiano Matteo Arnaldi (99) y si lo pasa le tocar\u00e1 otro \u00abtano\u00bb, Lorenzo Musetti (19).<\/p>\n<p>Por su parte, \u00abFran\u00bb Cer\u00fandolo (31) espera por el ganador del cruce entre el franc\u00e9s Richard Gasquet (44) y el chino Yibing Wu (57).<\/p>\n<figure class=\"mb-3\"><img loading=\"lazy\" data-src=\"http:\/\/hoycordobaweb.com\/wp-content\/uploads\/2023\/05\/baez-y-etcheverry-avanzan-en-el-masters-1000-de-roma-3.jpg\" src=\"https:\/\/www.telam.com.ar\/assets\/img\/not_image.png\" class=\" lazy \" width=\"100%\" height=\"100%\" alt=\"Nadia Podoroska fue eliminada de Roma \"><figcaption> Nadia Podoroska fue eliminada de Roma. <\/figcaption><\/figure>\n<p>En tanto, <strong>en el cuadro de damas, la rosarina Nadia Podoroska (101) se march\u00f3 r\u00e1pido del torneo <\/strong>al caer en la ronda inicial con la estadounidense Sloane Stephens (36) por 6-4 y 6-1.<\/p>\n<p>Podoroska, nacida en Rosario, no pudo hacer demasiado ante Stephens y perdi\u00f3 en sets corridos luego de una hora y 23 minutos de juego.<\/p>\n<p>La estadounidense jugar\u00e1 su pr\u00f3ximo partido ante la bielorrusa Victoria Azarenka (17), quien ingresar\u00e1 al torneo directamente en la segunda ronda.<\/p>\n<p>En el cuadro femenino del certamen que se desarrolla en el Foro It\u00e1lico la favorita es la polaca Iga Swiatek, la n\u00famero uno del mundo que adem\u00e1s gan\u00f3 las dos \u00faltimas ediciones.<\/p>\n<p>Su principal rival ser\u00e1 la bielorrusa Aryna Sabalenka (2), campeona este a\u00f1o en Australia y vencedora de la polaca el s\u00e1bado pasado en la final del Masters 1000 de Madrid.<\/p>\n<p>El certamen, que se juega en forma paralela entre la ATP y la WTA en las canchas del Foro It\u00e1lico de Roma, repartir\u00e1 premios por un total de 8.637.966 euros y re\u00fane por primera vez en el a\u00f1o en un mismo torneo a Djokovic (1) y al espa\u00f1ol Carlos Alcaraz (2), ya que no hab\u00edan coincidido en lo que va de 2023.<\/p>\n<p>En cuanto a los argentinos que alzaron el trofeo en Roma, Guillermo Vilas conquist\u00f3 la edici\u00f3n de 1980, Jos\u00e9 Luis Clerc se coron\u00f3 en 1981 y Alberto \u00abLuli\u00bb Mancini en 1989.<\/p>\n<p>No obstante, la m\u00e1s destacada de los argentinos fue Gabriela Sabatini, quien se coron\u00f3 en el Foro It\u00e1lico en cuatro ocasiones: 1988, 1989, 1991 y 1992. <\/p>\n","protected":false},"excerpt":{"rendered":"<p>Sebasti\u00e1n B\u00e1ez debut\u00f3 con un triunfo en Roma (AFP). El tenista argentino Sebasti\u00e1n B\u00e1ez se clasific\u00f3 este mi\u00e9rcoles para la segunda ronda del Masters 1000 de Roma tras imponerse sobre el peruano Juan Pablo Varillas por 7-5 y 6-3, y su compatriota Tom\u00e1s Etcheverry avanz\u00f3 a id\u00e9ntica instancia luego de vencer al franc\u00e9s Luca Van [&hellip;]<\/p>\n","protected":false},"author":1,"featured_media":59743,"comment_status":"open","ping_status":"closed","sticky":false,"template":"","format":"standard","meta":[],"categories":[16],"tags":[],"_links":{"self":[{"href":"http:\/\/hoycordobaweb.com\/index.php\/wp-json\/wp\/v2\/posts\/59742"}],"collection":[{"href":"http:\/\/hoycordobaweb.com\/index.php\/wp-json\/wp\/v2\/posts"}],"about":[{"href":"http:\/\/hoycordobaweb.com\/index.php\/wp-json\/wp\/v2\/types\/post"}],"author":[{"embeddable":true,"href":"http:\/\/hoycordobaweb.com\/index.php\/wp-json\/wp\/v2\/users\/1"}],"replies":[{"embeddable":true,"href":"http:\/\/hoycordobaweb.com\/index.php\/wp-json\/wp\/v2\/comments?post=59742"}],"version-history":[{"count":0,"href":"http:\/\/hoycordobaweb.com\/index.php\/wp-json\/wp\/v2\/posts\/59742\/revisions"}],"wp:featuredmedia":[{"embeddable":true,"href":"http:\/\/hoycordobaweb.com\/index.php\/wp-json\/wp\/v2\/media\/59743"}],"wp:attachment":[{"href":"http:\/\/hoycordobaweb.com\/index.php\/wp-json\/wp\/v2\/media?parent=59742"}],"wp:term":[{"taxonomy":"category","embeddable":true,"href":"http:\/\/hoycordobaweb.com\/index.php\/wp-json\/wp\/v2\/categories?post=59742"},{"taxonomy":"post_tag","embeddable":true,"href":"http:\/\/hoycordobaweb.com\/index.php\/wp-json\/wp\/v2\/tags?post=59742"}],"curies":[{"name":"wp","href":"https:\/\/api.w.org\/{rel}","templated":true}]}}