{"id":59673,"date":"2023-05-08T21:59:31","date_gmt":"2023-05-08T21:59:31","guid":{"rendered":"https:\/\/www.ole.com.ar\/futbol-internacional\/champions\/ancelotti-guardiola-madrid-city-previa-champions_0_CUoRGvvxPr.html"},"modified":"2023-05-08T21:59:31","modified_gmt":"2023-05-08T21:59:31","slug":"ancelotti-guardiola-el-imparable-contra-el-ejemplo","status":"publish","type":"post","link":"http:\/\/hoycordobaweb.com\/index.php\/2023\/05\/08\/ancelotti-guardiola-el-imparable-contra-el-ejemplo\/","title":{"rendered":"Ancelotti-Guardiola: el \u00abimparable\u00bb contra el \u00abejemplo\u00bb"},"content":{"rendered":"<p><img src=\"http:\/\/hoycordobaweb.com\/wp-content\/uploads\/2023\/05\/ancelotti-guardiola-el-imparable-contra-el-ejemplo.jpg\"><\/p>\n<p><time class=\"createDate\" datetime=\"2023-05-08T18:59:31-03:00\">08\/05\/2023 18:59hs.<\/time><time class=\"modificatedDate\" datetime=\"2023\/05\/08T18:59:31-03:00\"><\/time><\/p>\n<div id=\"storyBody\">\n<div class=\"custom-text \" readability=\"30.334293948127\">\n<p><a href=\"https:\/\/www.ole.com.ar\/tema\/real-madrid.html\" title=\"Real Madrid\" alt=\"Real Madrid\" class=\"slug\">Real Madrid<\/a> y <a href=\"https:\/\/www.ole.com.ar\/tema\/manchester-city.html\" title=\"Manchester City\" alt=\"Manchester City\" class=\"slug\">Manchester City<\/a> abren este martes las semifinales de la <a href=\"https:\/\/www.ole.com.ar\/tema\/champions-league.html\" title=\"Champions League\" alt=\"Champions League\" class=\"slug\">Champions League<\/a> con un choque estelar, una vez m\u00e1s cara a cara en la previa de la final\u00edsima del torneo m\u00e1s importante de Europa a nivel clubes. <a href=\"https:\/\/www.ole.com.ar\/tema\/carlo-ancelotti.html\" title=\"Carlo Ancelotti\" alt=\"Carlo Ancelotti\" class=\"slug\">Carlo Ancelotti<\/a> y <a href=\"https:\/\/www.ole.com.ar\/tema\/pep-guardiola.html\" title=\"Pep Guardiola\" alt=\"Pep Guardiola\" class=\"slug\">Pep Guardiola<\/a>, dos viejos conocidos, hablaron con sus estilos definidos en la previa y alabaron a sus rivales.<\/p>\n<\/div>\n<p><h2><strong>Lo pasado&#8230;<\/strong><\/h2>\n<\/p>\n<div class=\"custom-text \" readability=\"37\">\n<p>En la edici\u00f3n anterior del torneo, despu\u00e9s del 4-3 como locales, los brit\u00e1nicos llegaron 1-0 al descuento de la revancha en el Santiago Bernab\u00e9u, pero ah\u00ed apareci\u00f3 al due\u00f1o de la competici\u00f3n y dio vuelta la serie con dos goles de Rodrygo y un penal de Benzema.<\/p>\n<\/div>\n<div class=\"custom-text \" readability=\"44\">\n<p>\u00ab<strong>Firmar\u00eda lo del a\u00f1o pasado: encajar cinco goles y marcar seis\u00bb<\/strong>, avis\u00f3 sobre el final de la conferencia el italiano. A lo que el espa\u00f1o, contrapuso: \u00abNosotros vinimos aqu\u00ed mejor mentalmente el a\u00f1o pasado por ganar la ida&#8230; y mira lo que pas\u00f3. Mendy sac\u00f3 un bal\u00f3n en la l\u00ednea y pas\u00f3 lo que pas\u00f3. Esos detalles te llevan a una final o no. Hay un centro que igual deber\u00edamos haber dado otro pase, tal vez debimos dormir la posesi\u00f3n; no s\u00e9, no s\u00e9. Tenemos que hacer una prestaci\u00f3n cojonuda en los dos partidos, si no, ser\u00e1 muy dif\u00edcil\u00bb, dijo el catal\u00e1n, quien agreg\u00f3: \u00abFue duro, pero al final tuvimos un primer partido excepcional y un muy buen partido aqu\u00ed.<strong> El f\u00fatbol es as\u00ed y no fue suficiente. Hay que aceptarlo y avanzar<\/strong>\u00ab.<\/p>\n<\/div>\n<div class=\"sc-996041c8-0 cBaPsl\"><img alt=\"Un gesto de Ancelotti. EFE\/ Kiko Huesca\" src=\"http:\/\/hoycordobaweb.com\/wp-content\/uploads\/2023\/05\/ancelotti-guardiola-el-imparable-contra-el-ejemplo-2.jpg\" width=\"72\" height=\"10\" decoding=\"async\" data-nimg=\"future\" loading=\"lazy\"><span>Un gesto de Ancelotti. EFE\/ Kiko Huesca<\/span><\/div>\n<div class=\"sc-a7166897-0 exHLBh\" readability=\"6\">\n<section readability=\"2\"><picture><img alt=\"Le desvalijaron la casa a una figura del Real Madrid mientras era campe\u00f3n\" src=\"http:\/\/hoycordobaweb.com\/wp-content\/uploads\/2023\/05\/ancelotti-guardiola-el-imparable-contra-el-ejemplo-3.jpg\" width=\"29\" height=\"29\" decoding=\"async\" data-nimg=\"future\" loading=\"lazy\"><\/picture>\n<p><span>Mir\u00e1 tambi\u00e9n<\/span><\/p>\n<hr>\n<h3>Le desvalijaron la casa a una figura del Real Madrid mientras era campe\u00f3n<\/h3>\n<\/p>\n<\/section>\n<\/div>\n<p><h2><strong>El ahora<\/strong><\/h2>\n<\/p>\n<div class=\"custom-text \" readability=\"33.372549019608\">\n<p>Con planteles muy similares a la temporada anterior, ambos se conocen demasiado mientras el Real ve c\u00f3mo el Barsa galopa rumbo al t\u00edtulo en la LaLiga y el City es l\u00edder de la Premier (el Arsenal lo acosa). Una cara nueva es la de <a href=\"https:\/\/www.ole.com.ar\/tema\/julian-alvarez.html\" title=\"Juli\u00e1n Alvarez\" alt=\"Juli\u00e1n Alvarez\" class=\"slug\">Juli\u00e1n Alvarez<\/a>, quien ir\u00eda al banco ante el regreso de <a href=\"https:\/\/www.ole.com.ar\/tema\/kevin-de-bruyne.html\" title=\"Kevin De Bruyne\" alt=\"Kevin De Bruyne\" class=\"slug\">Kevin De Bruyne<\/a>.<\/p>\n<\/div>\n<div class=\"sc-996041c8-0 cBaPsl\"><img alt=\"Una sonrisa de Guardiola. EFE\/Borja S\u00e1nchez-Trillo\" src=\"http:\/\/hoycordobaweb.com\/wp-content\/uploads\/2023\/05\/ancelotti-guardiola-el-imparable-contra-el-ejemplo-4.jpg\" width=\"72\" height=\"10\" decoding=\"async\" data-nimg=\"future\" loading=\"lazy\"><span>Una sonrisa de Guardiola. EFE\/Borja S\u00e1nchez-Trillo<\/span><\/div>\n<div class=\"custom-text \" readability=\"39.341176470588\">\n<p>En este contexto, y consultado por esa amenaza gigante llamada <a href=\"https:\/\/www.ole.com.ar\/tema\/haaland.html\" title=\"Haaland\" alt=\"Haaland\" class=\"slug\">Haaland<\/a>, Ancelotti respondi\u00f3: \u00abEs muy peligroso, lo estamos viendo. Es un peligro, pero no s\u00f3lo \u00e9l. Es un equipo completo que juega muy bien al f\u00fatbol. <strong>Trabajamos para frenar a un equipo que parece imparable<\/strong>. Tendremos opciones. Llegamos bien. Al mismo nivel que la temporada pasada. Lo que cuenta es la motivaci\u00f3n, la ilusi\u00f3n&#8230;Ganar la Copa es un extra\u00bb.<\/p>\n<\/div>\n<div class=\"custom-text \" readability=\"44\">\n<p>Justamente luego de hablar con Haaland, o al hablar del noruego, Guardiola se meti\u00f3 en lo que significa el Madrid, el m\u00e1s ganador de la Champions. \u00abQuiero presiones muy altas, hombre a hombre&#8230; pero los rivales tambi\u00e9n juegan y, a veces, es dif\u00edcil. \u00bfQu\u00e9 son, cojos? Habr\u00e1 momentos de sufrir, como en todas estas eliminatorias. Pero si tienes a Haaland, \u00a1c\u00f3mo no lo vas a aprovechar! \u00a1Pues jugaremos para \u00e9l!\u00bb<\/p>\n<\/div>\n<div class=\"custom-text \" readability=\"39\">\n<p>Y enseguida, al ser consultado por esa obsesi\u00f3n de su club de levantar la Orejona, Pep sostuvo: \u00abHace siete a\u00f1os, cuando llegamos, pens\u00e1bamos que \u00edbamos a ganar la Champions&#8230; y al a\u00f1o siguiente igual. No me gustar\u00eda tener un equipo que gana la Champions y que despu\u00e9s va bajando a\u00f1o tras a\u00f1o. Lo m\u00e1s importante es ser estables como club. Un ejemplo es el Madrid. Estar ah\u00ed siempre y esto significa que es un club estable y sano. Cuando llegas con tanta frecuencia&#8230; vas a terminar ganando\u00bb.<\/p>\n<\/div>\n<div class=\"sc-996041c8-0 cBaPsl\"><img alt=\"Juli\u00e1n Alvarez con Haaland. EFE\/EPA\/PETER POWELL\" src=\"http:\/\/hoycordobaweb.com\/wp-content\/uploads\/2023\/05\/ancelotti-guardiola-el-imparable-contra-el-ejemplo-5.jpg\" width=\"72\" height=\"10\" decoding=\"async\" data-nimg=\"future\" loading=\"lazy\"><span>Juli\u00e1n Alvarez con Haaland. EFE\/EPA\/PETER POWELL<\/span><\/div>\n<p><h2><strong>Posibles formaciones<\/strong><\/h2>\n<\/p>\n<div class=\"custom-text \" readability=\"39\">\n<p><strong>Real Madrid: <\/strong>Thibaut Courtois; Dani Carvajal, Antonio R\u00fcdiger, David Alaba, Eduardo Camavinga; Luka Modric, Toni Kroos, Federico Valverde; Rodrygo, Karim Benzema y Vin\u00edcius. DT: Carlo Ancelotti.<\/p>\n<\/div>\n<div class=\"custom-text \" readability=\"39\">\n<p><strong>Manchester City:<\/strong> Ederson; Kyle Walker, John Stones, R\u00faben Dias, Manuel Akanji; Kevin De Bruyne, Rodri, Ilkay G\u00fcndogan; Bernardo Silva, Erling Haaland y Jack Grealish. DT: Josep Guardiola.<\/p>\n<\/div>\n<div class=\"custom-text \" readability=\"32\">\n<p><strong>Hora: <\/strong>16 de la Argentina.<\/p>\n<\/div>\n<div class=\"custom-text \">\n<p><strong>TV: <\/strong>ESPN y Star +.<\/p>\n<\/div>\n<\/div>\n","protected":false},"excerpt":{"rendered":"<p>08\/05\/2023 18:59hs. Real Madrid y Manchester City abren este martes las semifinales de la Champions League con un choque estelar, una vez m\u00e1s cara a cara en la previa de la final\u00edsima del torneo m\u00e1s importante de Europa a nivel clubes. Carlo Ancelotti y Pep Guardiola, dos viejos conocidos, hablaron con sus estilos definidos en [&hellip;]<\/p>\n","protected":false},"author":1,"featured_media":59674,"comment_status":"open","ping_status":"closed","sticky":false,"template":"","format":"standard","meta":[],"categories":[16],"tags":[],"_links":{"self":[{"href":"http:\/\/hoycordobaweb.com\/index.php\/wp-json\/wp\/v2\/posts\/59673"}],"collection":[{"href":"http:\/\/hoycordobaweb.com\/index.php\/wp-json\/wp\/v2\/posts"}],"about":[{"href":"http:\/\/hoycordobaweb.com\/index.php\/wp-json\/wp\/v2\/types\/post"}],"author":[{"embeddable":true,"href":"http:\/\/hoycordobaweb.com\/index.php\/wp-json\/wp\/v2\/users\/1"}],"replies":[{"embeddable":true,"href":"http:\/\/hoycordobaweb.com\/index.php\/wp-json\/wp\/v2\/comments?post=59673"}],"version-history":[{"count":0,"href":"http:\/\/hoycordobaweb.com\/index.php\/wp-json\/wp\/v2\/posts\/59673\/revisions"}],"wp:featuredmedia":[{"embeddable":true,"href":"http:\/\/hoycordobaweb.com\/index.php\/wp-json\/wp\/v2\/media\/59674"}],"wp:attachment":[{"href":"http:\/\/hoycordobaweb.com\/index.php\/wp-json\/wp\/v2\/media?parent=59673"}],"wp:term":[{"taxonomy":"category","embeddable":true,"href":"http:\/\/hoycordobaweb.com\/index.php\/wp-json\/wp\/v2\/categories?post=59673"},{"taxonomy":"post_tag","embeddable":true,"href":"http:\/\/hoycordobaweb.com\/index.php\/wp-json\/wp\/v2\/tags?post=59673"}],"curies":[{"name":"wp","href":"https:\/\/api.w.org\/{rel}","templated":true}]}}