{"id":59669,"date":"2023-05-08T22:39:53","date_gmt":"2023-05-08T22:39:53","guid":{"rendered":"https:\/\/www.ole.com.ar\/messi\/leo-messi-lewandoski-premio-laureus-barcelona_0_zHz9CfPWA7.html"},"modified":"2023-05-08T22:39:53","modified_gmt":"2023-05-08T22:39:53","slug":"video-la-charla-entre-messi-y-lewandowski-sobre-barcelona","status":"publish","type":"post","link":"http:\/\/hoycordobaweb.com\/index.php\/2023\/05\/08\/video-la-charla-entre-messi-y-lewandowski-sobre-barcelona\/","title":{"rendered":"Video: la charla entre Messi y Lewandowski sobre Barcelona"},"content":{"rendered":"<p><img src=\"http:\/\/hoycordobaweb.com\/wp-content\/uploads\/2023\/05\/video-la-charla-entre-messi-y-lewandowski-sobre-barcelona.jpg\"><\/p>\n<p><time class=\"createDate\" datetime=\"2023-05-08T19:39:53-03:00\">08\/05\/2023 19:39hs.<\/time><time class=\"modificatedDate\" datetime=\"2023\/05\/08T19:56:23-03:00\"> Actualizado al 08\/05\/2023 19:56hs.<\/time><\/p>\n<div id=\"storyBody\">\n<div class=\"custom-text \" readability=\"30.833333333333\">\n<p>Hay ruido en <a href=\"https:\/\/www.ole.com.ar\/tema\/barcelona.html\" title=\"Barcelona\" alt=\"Barcelona\" class=\"slug\">Barcelona<\/a>. Desde hace varios d\u00edas hay mucho ruido alrededor del club blaugrana por la posibilidad (a\u00fan incierta) del regreso de <a href=\"https:\/\/www.ole.com.ar\/tema\/lionel-messi.html\" title=\"Lionel Messi\" alt=\"Lionel Messi\" class=\"slug\">Lionel Messi<\/a>. Y este lunes, una imagen y un video hizo que es ruido se amplificara: la imagen y el video incluy\u00f3 a Leo en una charla con <a href=\"https:\/\/www.ole.com.ar\/tema\/robert-lewandowski.html\" title=\"Robert Lewandowski\" alt=\"Robert Lewandowski\" class=\"slug\">Robert Lewandowski<\/a>, con <a href=\"https:\/\/www.ole.com.ar\/tema\/antonela-roccuzzo.html\" title=\"Antonela Roccuzzo\" alt=\"Antonela Roccuzzo\" class=\"slug\">Antonela Roccuzzo<\/a> muy presente.<\/p>\n<\/div>\n<div class=\"custom-text \" readability=\"37\">\n<p>En la entrega de los premios Laurens, donde el mejor del mundo recibi\u00f3 un merecido premio en la capital francesa, el argentino y el polaco conversaron un rato luego de p\u00fablicas rispideces y -por lo que se escuch\u00f3- hablaron de Barcelona, m\u00e1s que nada de la ciudad&#8230;<\/p>\n<\/div>\n<div class=\"sc-a7166897-0 exHLBh\" readability=\"6.5\">\n<section readability=\"3\"><picture><img alt=\"Messi gan\u00f3 un especial premio doble en Francia, con un detalle argentino en su look\" src=\"http:\/\/hoycordobaweb.com\/wp-content\/uploads\/2023\/05\/video-la-charla-entre-messi-y-lewandowski-sobre-barcelona-2.jpg\" width=\"29\" height=\"29\" decoding=\"async\" data-nimg=\"future\" loading=\"lazy\"><\/picture>\n<p><span>Mir\u00e1 tambi\u00e9n<\/span><\/p>\n<hr>\n<h3>Messi gan\u00f3 un especial premio doble en Francia, con un detalle argentino en su look<\/h3>\n<\/p>\n<\/section>\n<\/div>\n<div class=\"custom-text \" readability=\"41\">\n<p>En una parte del di\u00e1logo, Leo le pregunta si est\u00e1 todo bien en Barcelona, a lo que Robert le contesta que s\u00ed, \u00abtodo bien\u00bb. Ah\u00ed, Roccuzzo acota que \u00ab<strong>ellos (suma a la esposa del delantero) aman la ciudad\u00bb<\/strong>. Y enseguida, Messi lo consulta si vive en Castelldefels, la misma zona que tiene su residencia hist\u00f3rica en Espa\u00f1a.<\/p>\n<\/div>\n<div class=\"sc-e6588e40-0 iPnUzs\">\n<div class=\"sc-e6588e40-1 eHAMID videoText\" id=\"contentTitleundefinedOPqVq2tB\"><svg fill=\"#ffffff\"><symbol id=\"play\" viewBox=\"0 0 512 512\"><path d=\"M512 256C512 397.4 397.4 512 256 512C114.6 512 0 397.4 0 256C0 114.6 114.6 0 256 0C397.4 0 512 114.6 512 256zM176 168V344C176 352.7 180.7 360.7 188.3 364.9C195.8 369.2 205.1 369 212.5 364.5L356.5 276.5C363.6 272.1 368 264.4 368 256C368 247.6 363.6 239.9 356.5 235.5L212.5 147.5C205.1 142.1 195.8 142.8 188.3 147.1C180.7 151.3 176 159.3 176 168V168z\" \/><\/symbol><use xlink:href=\"#play\" \/><\/svg><\/p>\n<div class=\"right\">\n<p>Lionel Messi<!-- --> &#8211;<!-- --> <span>8-5-2023<\/span><\/p>\n<h2 class=\"title-vid\">El d\u00edalogo de Messi y Lewandowski en Par\u00eds<\/h2>\n<\/div>\n<\/div>\n<p><span class=\"back\" id=\"spanBackundefinedOPqVq2tB\"><\/span><\/div>\n<div class=\"custom-text \" readability=\"37\">\n<p>Esto se produce mientras es un hecho que <strong>Messi no seguir\u00e1 en el PSG<\/strong> y en Barcelona lo esperan con los brazos abiertos. Pero claro, antes, el club deber\u00e1 resolver cuestiones econ\u00f3micas para nada menores. Un Barcelona que de la mano de Lewandowski (hizo 19 goles en 29 partidos) est\u00e1 muy cerca de coronarse campe\u00f3n de la LaLiga. Si jugar\u00e1n juntos luego de aquellos cruces es algo que se sabr\u00e1 a mita de a\u00f1o (o antes).<\/p>\n<\/div>\n<div class=\"sc-996041c8-0 cBaPsl\"><img alt=\"Messi y Antonela, en los premios Laurens.\" src=\"http:\/\/hoycordobaweb.com\/wp-content\/uploads\/2023\/05\/video-la-charla-entre-messi-y-lewandowski-sobre-barcelona-3.jpg\" width=\"72\" height=\"10\" decoding=\"async\" data-nimg=\"future\" loading=\"lazy\"><span>Messi y Antonela, en los premios Laurens.<\/span><\/div>\n<p><h2>Hubo pica<\/h2>\n<\/p>\n<div class=\"custom-text \" readability=\"43\">\n<p>La pica entre ambos comenz\u00f3 tras ese Bal\u00f3n de Oro postergado por la pandemia que Robert crey\u00f3 que ganar\u00eda, por sus 40 goles durante esa temporada defendiendo la camiseta del Bayern Munich. Pero el Bal\u00f3n 2021 al final fue para Leo, el s\u00e9ptimo de su vitrina personal, que tambi\u00e9n hab\u00eda hecho m\u00e9ritos en el Barsa y, sobre todo, en la Selecci\u00f3n, con la conquista de la Copa Am\u00e9rica luego de 28 a\u00f1os. Sin embargo, todo eso desat\u00f3 la furia del polaco: enojado por haber perdido y equivocando el destinatario de esa bronca, le apunt\u00f3 a Leo.<\/p>\n<\/div>\n<div class=\"custom-text \" readability=\"43\">\n<p>Lo curioso de esta historia es que el capit\u00e1n argentino, en la gala de premiaci\u00f3n, le hab\u00eda tirado buena onda: \u00abEs un honor pelear con Lewandowski, fuiste el ganador del Bal\u00f3n de Oro del a\u00f1o pasado (por el del 2020 que no se entreg\u00f3) y France Football te lo deber\u00eda dar. Tendr\u00edas que tenerlo en casa tambi\u00e9n\u00bb, le dijo. El goleador polaco, primero, desconfi\u00f3 de ese mensaje, sin motivos: \u00abQuisiera que sea una declaraci\u00f3n sincera de un gran jugador y no palabras vac\u00edas\u00bb, tir\u00f3.<\/p>\n<\/div>\n<div class=\"custom-text \" readability=\"39\">\n<p>Luego, el nueve busc\u00f3 aclarar sus dichos, sin \u00e9xito: \u00abSe est\u00e1n malinterpretando todo. Nunca dije que las palabras de Messi no hab\u00edan sido sinceras. Lo que dijo de m\u00ed en Par\u00eds me conmovi\u00f3 y me hizo feliz de verdad. Lo felicito por el premio\u00bb. Sin embargo, nadie le crey\u00f3. La relaci\u00f3n ya estaba rota. Y no por culpa del 10 argentino, sino por su desplante.<\/p>\n<\/div>\n<div class=\"sc-996041c8-0 cBaPsl\"><img alt=\"Messi y Lewandowski en el Mundial de Qatar (afp).\" src=\"http:\/\/hoycordobaweb.com\/wp-content\/uploads\/2023\/05\/video-la-charla-entre-messi-y-lewandowski-sobre-barcelona-4.jpg\" width=\"72\" height=\"10\" decoding=\"async\" data-nimg=\"future\" loading=\"lazy\"><span>Messi y Lewandowski en el Mundial de Qatar (afp).<\/span><\/div>\n<p><h2>The Best, nuevo cap\u00edtulo<\/h2>\n<\/p>\n<div class=\"custom-text \" readability=\"43\">\n<p>El nuevo cap\u00edtulo lleg\u00f3 en enero de de este a\u00f1o: el premio The Best de la FIFA fue una revancha para Robert, que no contento con recibirlo, reedit\u00f3 el duelo con Leo. Por primera vez un jugador que gan\u00f3 el Bal\u00f3n de Oro (que entrega la prestigiosa revista francesa) no se quedaba con el trofeo al mejor jugador del a\u00f1o de la FIFA. Campe\u00f3n de la Bundesliga, la Supercopa alemana, la Supercopa europea, el Mundial de clubes y bota de oro en alemania con 41 gritos como argumentos de su conquista, Lewandowski mostr\u00f3 otra vez la hilacha y atac\u00f3 de manera indirecta, y sin causa, a Leo.<\/p>\n<\/div>\n<div class=\"custom-text \" readability=\"40\">\n<p>\u00abLlegu\u00e9 a la conclusi\u00f3n de que el premio FIFA es m\u00e1s importante, porque el Bal\u00f3n de Oro s\u00f3lo votan los periodistas. En cambio, en este trofeo votan los profesionales del f\u00fatbol, los capitanes y entrenadores, que pueden evaluar todo de una forma m\u00e1s realista\u00bb, sacudi\u00f3. Su nueva bronca tambi\u00e9n fue porque \u00e9l hab\u00eda votado a Leo para este premio y Leo no hab\u00eda hecho lo mismo con \u00e9l&#8230;<\/p>\n<\/div>\n<div class=\"custom-text \" readability=\"38\">\n<p>\u00abYo lo vot\u00e9 porque aprecio lo que hizo en el a\u00f1o. En cambio, \u00e9l dijo que me hubiera votado para el Bal\u00f3n de Oro. \u00bfSi ahora cambi\u00f3 de opini\u00f3n? No s\u00e9, tom\u00f3 su decisi\u00f3n y ya est\u00e1. De todos modos, es m\u00e1s f\u00e1cil porque el premio lo tengo yo\u00bb, dispar\u00f3.<\/p>\n<\/div>\n<div class=\"custom-text \" readability=\"42\">\n<p>Fue ah\u00ed cuando Messi se hart\u00f3. \u00abCada uno dice lo que quiere, pero sinceramente no comparto lo que \u00e9l dijo, tampoco le di mayor importancia\u00bb, fue la r\u00e9plica del 10 argentino. Hay que cansarlo a Leo, hay que vulnerar su paciencia extrema, hay que ponerlo en esa situaci\u00f3n de contraataque que no forma parte de su naturaleza&#8230;. Pero Lewandowski lo hizo. Y lo hizo, a pesar de que el argentino lo hab\u00eda elogiado con honestidad intelectual: \u00abLo que dije en su momento fue porque lo sent\u00eda. Porque el a\u00f1o anterior me hab\u00eda parecido que hab\u00eda sido el mejor, pero el a\u00f1o que lo gan\u00e9 yo no lo era. Que \u00e9l lo tome como quiera\u201d.<\/p>\n<\/div>\n<p><h2><strong>El Mundial<\/strong><\/h2>\n<\/p>\n<div class=\"custom-text \" readability=\"41\">\n<p>Durante la Copa del Mundo, se vieron las caras en el Argentina 2-Polonia 0, Messi jug\u00f3 un gran partido y ya en el descuento, hubo una jugada en la que Leo dej\u00f3 parado al polaco con su habilidad. Y al final, Leo y Robert quedaron otra vez frente a frente. Ah\u00ed, hubo un di\u00e1logo de manos tapadas y un saludo final, para cerrar la cuesti\u00f3n.<\/p>\n<\/div>\n<div class=\"custom-text \" readability=\"39\">\n<p>En zona mixta, Messi cont\u00f3: \u00abNo pasa nada, nada. El no habla espa\u00f1ol y a m\u00ed me ense\u00f1aron que todo lo que se habla en la cancha queda en la cancha y el vestuario\u00bb. \u00abMessi y yo hablamos un poco. Fue divertido. Le dije a Messi que Polonia estaba jugando m\u00e1s defensivo que de costumbre, pero que a veces eso es lo que necesita el equipo\u00bb, declar\u00f3 luego el 9.<\/p>\n<\/div>\n<\/div>\n","protected":false},"excerpt":{"rendered":"<p>08\/05\/2023 19:39hs. Actualizado al 08\/05\/2023 19:56hs. Hay ruido en Barcelona. Desde hace varios d\u00edas hay mucho ruido alrededor del club blaugrana por la posibilidad (a\u00fan incierta) del regreso de Lionel Messi. Y este lunes, una imagen y un video hizo que es ruido se amplificara: la imagen y el video incluy\u00f3 a Leo en una [&hellip;]<\/p>\n","protected":false},"author":1,"featured_media":59670,"comment_status":"open","ping_status":"closed","sticky":false,"template":"","format":"standard","meta":[],"categories":[16],"tags":[],"_links":{"self":[{"href":"http:\/\/hoycordobaweb.com\/index.php\/wp-json\/wp\/v2\/posts\/59669"}],"collection":[{"href":"http:\/\/hoycordobaweb.com\/index.php\/wp-json\/wp\/v2\/posts"}],"about":[{"href":"http:\/\/hoycordobaweb.com\/index.php\/wp-json\/wp\/v2\/types\/post"}],"author":[{"embeddable":true,"href":"http:\/\/hoycordobaweb.com\/index.php\/wp-json\/wp\/v2\/users\/1"}],"replies":[{"embeddable":true,"href":"http:\/\/hoycordobaweb.com\/index.php\/wp-json\/wp\/v2\/comments?post=59669"}],"version-history":[{"count":0,"href":"http:\/\/hoycordobaweb.com\/index.php\/wp-json\/wp\/v2\/posts\/59669\/revisions"}],"wp:featuredmedia":[{"embeddable":true,"href":"http:\/\/hoycordobaweb.com\/index.php\/wp-json\/wp\/v2\/media\/59670"}],"wp:attachment":[{"href":"http:\/\/hoycordobaweb.com\/index.php\/wp-json\/wp\/v2\/media?parent=59669"}],"wp:term":[{"taxonomy":"category","embeddable":true,"href":"http:\/\/hoycordobaweb.com\/index.php\/wp-json\/wp\/v2\/categories?post=59669"},{"taxonomy":"post_tag","embeddable":true,"href":"http:\/\/hoycordobaweb.com\/index.php\/wp-json\/wp\/v2\/tags?post=59669"}],"curies":[{"name":"wp","href":"https:\/\/api.w.org\/{rel}","templated":true}]}}