{"id":59657,"date":"2023-05-08T21:32:47","date_gmt":"2023-05-08T21:32:47","guid":{"rendered":"https:\/\/ladecimaweb.com\/?p=16662"},"modified":"2023-05-08T21:32:47","modified_gmt":"2023-05-08T21:32:47","slug":"llega-una-nueva-edicion-de-cordoba-desde-tu-celu","status":"publish","type":"post","link":"http:\/\/hoycordobaweb.com\/index.php\/2023\/05\/08\/llega-una-nueva-edicion-de-cordoba-desde-tu-celu\/","title":{"rendered":"Llega una nueva edici\u00f3n de C\u00f3rdoba desde tu celu"},"content":{"rendered":"<div class=\"boldgrid-section\">\n<div class=\"container\">\n<div class=\"row\">\n<div class=\"col-md-12 col-xs-12 col-sm-12\">\n<p>&nbsp;<\/p>\n<p>&nbsp;<\/p>\n<p>Se present\u00f3 una nueva edici\u00f3n del programa provincial C\u00f3rdoba desde tu celu, que llevar\u00e1n adelante el Ministerio de Vinculaci\u00f3n Comunitaria y Comunicaci\u00f3n y las agencias C\u00f3rdoba Joven y C\u00f3rdoba Cultura.<\/p>\n<p>Se realiza con el financiamiento del Consejo Federal de Inversiones (CFI), en el marco del&nbsp;<em>Programa Hacemos Cultura en tu Barrio<\/em>, se presenta la tem\u00e1tica&nbsp;<strong>\u201cEn mi barrio pasan cosas lindas\u201d&nbsp;<\/strong>mostrando situaciones, escenas, personas, actividades, paisajes, que forman parte de la identidad barrial.&nbsp;<\/p>\n<p>Las inscripciones est\u00e1n abiertas hasta el 28 de mayo a trav\u00e9s de este&nbsp;<a href=\"https:\/\/docs.google.com\/forms\/d\/1o7qU-x9yaH6ZGaA-JkFCRexdjNqNzVl3n3JXkfq52tQ\/viewform?edit_requested=true\"><strong>formulario digital<\/strong><\/a>. La selecci\u00f3n de los trabajos ser\u00e1 entre el 29 y 30 de mayo y el 31 el jurado anunciar\u00e1 al ganador.<\/p>\n<p class=\"\">El objetivo principal es invitar a las juventudes de entre 16 y 25 a\u00f1os de edad y domiciliados en la provincia de C\u00f3rdoba, a expresar su creatividad a trav\u00e9s de fotograf\u00edas tomadas con celular, propiciando su participaci\u00f3n activa en la sociedad y el conocimiento de su perspectiva sobre la inclusi\u00f3n social, pol\u00edtica y cultural. La participaci\u00f3n ser\u00e1 libre y gratuita, e individual (se aceptar\u00e1 una fotograf\u00eda por participante).<\/p>\n<p>En esta octava edici\u00f3n se busca incentivar la mirada activa de los\/as j\u00f3venes a trav\u00e9s de la fotograf\u00eda con celular, con la tem\u00e1tica \u201cEn mi barrio pasan cosas lindas\u201d mostrando situaciones, escenas, personas, actividades, paisajes, entre otros, que forman parte de la identidad barrial.&nbsp;<\/p>\n<p>&nbsp;<\/p>\n<p>Del total de fotograf\u00edas recibidas, se otorgar\u00e1n premios a los primeros 3 puestos y a las menciones especiales de los 7 trabajos siguientes.&nbsp;Adem\u00e1s, los autores\/as recibir\u00e1n como premio equipos y un curso&nbsp;<em>on line<\/em>&nbsp;de fotograf\u00eda con Celular. Adem\u00e1s, podr\u00e1n ver sus obras en una muestra fotogr\u00e1fica que se montar\u00e1 en la fotogaler\u00eda a cielo abierto.<\/p>\n<p>La selecci\u00f3n de las fotograf\u00edas ganadoras del concurso ser\u00e1 realizada mediante un jurado compuesto por representantes de cada instituci\u00f3n organizadora, y notorias figuras del arte fotogr\u00e1fico cordob\u00e9s, como Gretel Mart\u00ednez, Sebasti\u00e1n Salguero y Federico Caon, que valorar\u00e1n la creatividad de los y las j\u00f3venes y su capacidad de aunar arte y tecnolog\u00eda desde su particular mirada.<\/p>\n<p>Los premios ser\u00e1n 3 smartphones, 3 aros led y 10 cursos de fotograf\u00eda con celular con certificaci\u00f3n.<\/p>\n<p>Conoc\u00e9 las&nbsp;<strong>bases y condiciones<\/strong>&nbsp;del concurso&nbsp;<a href=\"https:\/\/drive.google.com\/file\/d\/1IFRINCaZmcm0ULCMzRNpHIgUc3hV4yHZ\/view\">a<\/a><a href=\"https:\/\/drive.google.com\/file\/d\/1IFRINCaZmcm0ULCMzRNpHIgUc3hV4yHZ\/view\">qu\u00ed<\/a>.<\/p>\n<p><strong>Sobre las fotograf\u00edas:<\/strong><\/p>\n<ul>\n<li>Deber\u00e1n ser exclusivamente tomadas desde cualquier tipo de c\u00e1mara integrada a un tel\u00e9fono celular y presentadas en formato JPG.<\/li>\n<li>No se aceptar\u00e1n fotomontajes ni collages.&nbsp;<\/li>\n<li>La fotograf\u00eda presentada deber\u00e1 ser in\u00e9dita.<\/li>\n<li>El concursante deber\u00e1 ser propietario de todos los derechos de la fotograf\u00eda.<\/li>\n<li>El autor de la fotograf\u00eda ser\u00e1 el \u00fanico responsable de la obtenci\u00f3n del consentimiento de las personas fotografiadas para el uso de la foto y de sus responsables legales, seg\u00fan las bases de este concurso.<\/li>\n<\/ul>\n<p class=\"\">Aquellas fotos que no cumplan con estas especificaciones ser\u00e1n excluidas del concurso. Quedar\u00e1 descalificado del concurso y asumir\u00e1 todas las consecuencias y responsabilidades ante el damnificado y ante el Gobierno de C\u00f3rdoba, quien incurriera en el plagio de una parte o la totalidad de la obra presentada, deslig\u00e1ndose al Ministerio de Vinculaci\u00f3n Comunitaria, la Agencia C\u00f3rdoba Joven y la Agencia C\u00f3rdoba Cultura del Gobierno de C\u00f3rdoba de responsabilidad ante el\/la autor\/a real de la misma.&nbsp;&nbsp;<\/p>\n<p><strong>Caracter\u00edsticas<\/strong><strong>:<\/strong><\/p>\n<ul class=\"\">\n<li>Pueden participar j\u00f3venes, de 16 a 25 a\u00f1os, que posean domicilio en la provincia de C\u00f3rdoba.<\/li>\n<li>El lema a tomar en cuenta es:&nbsp;<strong><em>\u201cEn mi barrio pasan cosas lindas\u201d<\/em><\/strong>&nbsp;y la idea es que puedan mostrar situaciones, escenas, personas, actividades y paisajes que forman parte de la identidad barrial.<\/li>\n<li>La participaci\u00f3n ser\u00e1 libre y gratuita, e individual (se aceptar\u00e1 una fotograf\u00eda por participante).<\/li>\n<li>Se otorgar\u00e1n premios a los primeros 3 puestos y a las menciones especiales de los 7 trabajos siguientes.&nbsp;<\/li>\n<li>Las 10 obras seleccionadas en el marco del presente Concurso ser\u00e1n impresas y exhibidas en las rejas perimetrales del Museo Superior de Bellas Artes Evita \u2013 Palacio Ferreyra.&nbsp;<\/li>\n<li>Tambi\u00e9n se pondr\u00e1 a disposici\u00f3n un espacio virtual de exhibici\u00f3n en las redes sociales de las 3 reparticiones intervinientes.&nbsp;<\/li>\n<li>Los autores de las 10 obras seleccionadas tendr\u00e1n acceso a un curso de fotograf\u00eda con celular con&nbsp;<strong>Certificaci\u00f3n de la Escuela de Fotograf\u00eda Esencial<\/strong><strong>.<\/strong><\/li>\n<\/ul>\n<p class=\"\">\n<div class=\"ubm_banner\"><a href=\"https:\/\/www.cba.gov.ar\/internet-estudiantil\/\" target=\"_blank\" rel=\"dofollow noopener noreferrer\"><img src=\"http:\/\/hoycordobaweb.com\/wp-content\/uploads\/2023\/05\/llega-una-nueva-edicion-de-cordoba-desde-tu-celu.gif\" alt=\"\"><\/a><\/div>\n<p class=\"\">&nbsp;<\/p>\n<\/div>\n<\/div>\n<\/div>\n<\/div>\n<p>La entrada <a rel=\"nofollow\" href=\"https:\/\/ladecimaweb.com\/llega-una-nueva-edicion-de-cordoba-desde-tu-celu\/\">Llega una nueva edici\u00f3n de C\u00f3rdoba desde tu celu<\/a> se public\u00f3 primero en <a rel=\"nofollow\" href=\"https:\/\/ladecimaweb.com\">LaDecima<\/a>.<\/p>\n","protected":false},"excerpt":{"rendered":"<p>&nbsp; &nbsp; Se present\u00f3 una nueva edici\u00f3n del programa provincial C\u00f3rdoba desde tu celu, que llevar\u00e1n adelante el Ministerio de Vinculaci\u00f3n Comunitaria y Comunicaci\u00f3n y las agencias C\u00f3rdoba Joven y C\u00f3rdoba Cultura. Se realiza con el financiamiento del Consejo Federal de Inversiones (CFI), en el marco del&nbsp;Programa Hacemos Cultura en tu Barrio, se presenta la [&hellip;]<\/p>\n","protected":false},"author":1,"featured_media":59658,"comment_status":"closed","ping_status":"closed","sticky":false,"template":"","format":"standard","meta":[],"categories":[19],"tags":[],"_links":{"self":[{"href":"http:\/\/hoycordobaweb.com\/index.php\/wp-json\/wp\/v2\/posts\/59657"}],"collection":[{"href":"http:\/\/hoycordobaweb.com\/index.php\/wp-json\/wp\/v2\/posts"}],"about":[{"href":"http:\/\/hoycordobaweb.com\/index.php\/wp-json\/wp\/v2\/types\/post"}],"author":[{"embeddable":true,"href":"http:\/\/hoycordobaweb.com\/index.php\/wp-json\/wp\/v2\/users\/1"}],"replies":[{"embeddable":true,"href":"http:\/\/hoycordobaweb.com\/index.php\/wp-json\/wp\/v2\/comments?post=59657"}],"version-history":[{"count":0,"href":"http:\/\/hoycordobaweb.com\/index.php\/wp-json\/wp\/v2\/posts\/59657\/revisions"}],"wp:featuredmedia":[{"embeddable":true,"href":"http:\/\/hoycordobaweb.com\/index.php\/wp-json\/wp\/v2\/media\/59658"}],"wp:attachment":[{"href":"http:\/\/hoycordobaweb.com\/index.php\/wp-json\/wp\/v2\/media?parent=59657"}],"wp:term":[{"taxonomy":"category","embeddable":true,"href":"http:\/\/hoycordobaweb.com\/index.php\/wp-json\/wp\/v2\/categories?post=59657"},{"taxonomy":"post_tag","embeddable":true,"href":"http:\/\/hoycordobaweb.com\/index.php\/wp-json\/wp\/v2\/tags?post=59657"}],"curies":[{"name":"wp","href":"https:\/\/api.w.org\/{rel}","templated":true}]}}