{"id":59630,"date":"2023-05-07T21:20:24","date_gmt":"2023-05-07T21:20:24","guid":{"rendered":"https:\/\/www.trendencias.com\/celebrities\/nacho-vidal-desvela-motivo-su-depresion-que-esta-ingresado-centro-psiquiatrico"},"modified":"2023-05-07T21:20:24","modified_gmt":"2023-05-07T21:20:24","slug":"nacho-vidal-desvela-el-motivo-de-su-depresion-por-la-que-esta-ingresado-en-un-centro-psiquiatrico","status":"publish","type":"post","link":"http:\/\/hoycordobaweb.com\/index.php\/2023\/05\/07\/nacho-vidal-desvela-el-motivo-de-su-depresion-por-la-que-esta-ingresado-en-un-centro-psiquiatrico\/","title":{"rendered":"Nacho Vidal desvela el motivo de su depresi\u00f3n por la que est\u00e1 ingresado en un centro psiqui\u00e1trico"},"content":{"rendered":"<p><strong>Jordi \u00c9vole<\/strong> ha sorprendido este domingo entrevistando en <strong>&#8216;Lo de \u00c9vole&#8217;<\/strong> a <strong>Nacho Vidal<\/strong> tras el \u00e9xito de <a href=\"https:\/\/www.espinof.com\/criticas\/nacho-da-que-promete-vibrante-desenfadado-biopic-actor-porno-que-acierta-al-no-tomarse-serio-a\">la serie &#8216;Nacho&#8217;<\/a>, protagonizada por Marti\u00f1o Rivas en Atresplayer Premium. Lo m\u00e1s sorprendente no es ver al actor de cine para adultos en televisi\u00f3n, sino el lugar donde ha recibido al periodista: en <strong>el centro psiqui\u00e1trico donde se encuentra ingresado<\/strong> desde que se sume en una profunda depresi\u00f3n.<\/p>\n<p><!-- BREAK 1 --><\/p>\n<div class=\"article-asset article-asset-normal article-asset-center\">\n<div class=\"desvio-container\">\n<div class=\"desvio\">\n<div class=\"desvio-figure js-desvio-figure\"> <a href=\"https:\/\/www.trendencias.com\/celebrities\/sofia-cristo-como-se-entero-relacion-su-madre-juan-carlos-i-yo-olia-silla-casa-decia-aqui-huele-a-rey\"> <img alt=\"Sof\u00eda Cristo sobre c\u00f3mo se enter\u00f3 de la relaci\u00f3n de su madre con Juan Carlos I: &quot;Yo ol\u00eda la silla de casa y dec\u00eda 'Aqu\u00ed huele a Rey'&quot; \" src=\"http:\/\/hoycordobaweb.com\/wp-content\/uploads\/2023\/05\/nacho-vidal-desvela-el-motivo-de-su-depresion-por-la-que-esta-ingresado-en-un-centro-psiquiatrico.jpg\"> <\/a> <\/div><\/div><\/div>\n<\/div>\n<p>Nacho ha reconocido en el programa que cada s\u00e1bado se <strong>\u00abcompraba un gramo, ocho cervezas, me las beb\u00eda, luego hac\u00eda una raya y me masturbaba durante seis ocho horas\u00bb<\/strong> tras retirarse del porno. Y todo por una depresi\u00f3n en la que entra, en parte, por las <a href=\"https:\/\/www.xataka.com\/magnet\/hombres-hoy-tienen-testosterona-que-antes-no-sabemos-muy-bien-que\">altas dosis de testosterona<\/a> que se met\u00eda para poder grabar pornograf\u00eda: \u00abCuando tomas testosterona hay un pico muy alto, pero luego hay un baj\u00f3n.<strong> Tengo -0,3, muy por debajo de lo habitual<\/strong>\u00ab, ha reconocido.<\/p>\n<p><!-- BREAK 2 --> <\/p>\n<p>Sin embargo, su situaci\u00f3n no est\u00e1 motivada por ninguna adicci\u00f3n, sino por la mala que vida que ha llevado a lo largo de sus treinta a\u00f1os en la industria del cine para adultos: <strong>\u00abYo no tengo ninguna dependencia de nada. Me he drogado como el que m\u00e1s pintado y me he bebido lo m\u00e1s grande\u00bb<\/strong>, ha continuado.<\/p>\n<p><!-- BREAK 3 --> <\/p>\n<p>\u00ab<strong>Estoy teniendo una situaci\u00f3n de depresi\u00f3n<\/strong>, tuve un ataque de ansiedad muy fuerte, un ataque de p\u00e1nico que nunca hab\u00eda pasado en mi vida. La \u00fanica forma en la que puedes ayudarte es pedirte ayuda. <strong>Estaba muy mal, me daba miedo todo. Me tiraba el suelo y me pon\u00eda a chillar<\/strong>. Estaba en la cama y no quer\u00eda hablar ni ver a nadie. Estaba deprimido\u00bb, ha terminado explicando a Jordi \u00c9vole acerca de su enfermedad.<\/p>\n<p><!-- BREAK 4 --><\/p>\n<div class=\"article-asset-image article-asset-normal article-asset-center\">\n<div class=\"asset-content\">\n<div class=\"base-wrapper-image\"> <img class=\"sf-lazy centro_sinmarco\" data-sf-srcset=\"http:\/\/hoycordobaweb.com\/wp-content\/uploads\/2023\/05\/nacho-vidal-desvela-el-motivo-de-su-depresion-por-la-que-esta-ingresado-en-un-centro-psiquiatrico-1.jpg 450w, http:\/\/hoycordobaweb.com\/wp-content\/uploads\/2023\/05\/nacho-vidal-desvela-el-motivo-de-su-depresion-por-la-que-esta-ingresado-en-un-centro-psiquiatrico-2.jpg 681w,http:\/\/hoycordobaweb.com\/wp-content\/uploads\/2023\/05\/nacho-vidal-desvela-el-motivo-de-su-depresion-por-la-que-esta-ingresado-en-un-centro-psiquiatrico-3.jpg 1024w, http:\/\/hoycordobaweb.com\/wp-content\/uploads\/2023\/05\/nacho-vidal-desvela-el-motivo-de-su-depresion-por-la-que-esta-ingresado-en-un-centro-psiquiatrico-4.jpg 1366w,\" data-sf-src=\"http:\/\/hoycordobaweb.com\/wp-content\/uploads\/2023\/05\/nacho-vidal-desvela-el-motivo-de-su-depresion-por-la-que-esta-ingresado-en-un-centro-psiquiatrico-1.jpg\" alt=\"Fvjw23iwyaadjvk\"> <noscript><img alt=\"Fvjw23iwyaadjvk\" class=\"centro_sinmarco\" src=\"http:\/\/hoycordobaweb.com\/wp-content\/uploads\/2023\/05\/nacho-vidal-desvela-el-motivo-de-su-depresion-por-la-que-esta-ingresado-en-un-centro-psiquiatrico-1.jpg\"><\/noscript> <\/div><\/div>\n<\/div>\n<p>De hecho, por incre\u00edble que parezca, el n\u00famero uno de la industria ha tomado la decisi\u00f3n de convertirse pr\u00e1cticamente en una persona asexual: \u00ab<strong>He estado meses sin tener relaciones sexuales. Es mucha presi\u00f3n para m\u00ed. <\/strong>\u00bfT\u00eda, qu\u00e9 esperas de m\u00ed? El chica conoce chico no existe para m\u00ed. Es chica conoce a Nacho Vidal. Y mi ego me dice que tengo que dar la talla. <strong>Eso de follar cansa, es para pobres de alma<\/strong>\u00ab, ha continuado.<\/p>\n<p><!-- BREAK 5 --> <\/p>\n<p>Para Nacho, el fin de su enfermedad llegar\u00e1 cuando consiga que su persona como Ignacio Jord\u00e1 consiga matar al personaje. Aunque asegura que despu\u00e9s de su primer ingreso, una semana, consigui\u00f3 en cinco d\u00edas hacer todo lo que necesitaba para ser feliz, tiene claro cuando se considerar\u00e1 curado: \u00ab<strong>Mi tratamiento tiene que continuar. Tengo depresi\u00f3n hasta que consiga aparcar a Nacho<\/strong>\u00ab, ha asegurado el actor, que tambi\u00e9n reconoce que su TDAH no le facilita la recuperaci\u00f3n.<\/p>\n<p><!-- BREAK 6 --><\/p>\n<p>Fotos |&nbsp;LaSexta<\/p>\n<p>En Trendencias | <a href=\"https:\/\/www.trendencias.com\/propuestas-y-consejos\/como-reconocer-a-misogino-18-claves-que-te-ayudaran-a-detectarlo\">C\u00f3mo reconocer a un mis\u00f3gino: 18 claves que te ayudar\u00e1n a detectarlo<\/a><\/p>\n<p><!-- BREAK 7 --> <\/p>\n","protected":false},"excerpt":{"rendered":"<p>Jordi \u00c9vole ha sorprendido este domingo entrevistando en &#8216;Lo de \u00c9vole&#8217; a Nacho Vidal tras el \u00e9xito de la serie &#8216;Nacho&#8217;, protagonizada por Marti\u00f1o Rivas en Atresplayer Premium. Lo m\u00e1s sorprendente no es ver al actor de cine para adultos en televisi\u00f3n, sino el lugar donde ha recibido al periodista: en el centro psiqui\u00e1trico donde [&hellip;]<\/p>\n","protected":false},"author":1,"featured_media":59631,"comment_status":"closed","ping_status":"closed","sticky":false,"template":"","format":"standard","meta":[],"categories":[1],"tags":[],"_links":{"self":[{"href":"http:\/\/hoycordobaweb.com\/index.php\/wp-json\/wp\/v2\/posts\/59630"}],"collection":[{"href":"http:\/\/hoycordobaweb.com\/index.php\/wp-json\/wp\/v2\/posts"}],"about":[{"href":"http:\/\/hoycordobaweb.com\/index.php\/wp-json\/wp\/v2\/types\/post"}],"author":[{"embeddable":true,"href":"http:\/\/hoycordobaweb.com\/index.php\/wp-json\/wp\/v2\/users\/1"}],"replies":[{"embeddable":true,"href":"http:\/\/hoycordobaweb.com\/index.php\/wp-json\/wp\/v2\/comments?post=59630"}],"version-history":[{"count":0,"href":"http:\/\/hoycordobaweb.com\/index.php\/wp-json\/wp\/v2\/posts\/59630\/revisions"}],"wp:featuredmedia":[{"embeddable":true,"href":"http:\/\/hoycordobaweb.com\/index.php\/wp-json\/wp\/v2\/media\/59631"}],"wp:attachment":[{"href":"http:\/\/hoycordobaweb.com\/index.php\/wp-json\/wp\/v2\/media?parent=59630"}],"wp:term":[{"taxonomy":"category","embeddable":true,"href":"http:\/\/hoycordobaweb.com\/index.php\/wp-json\/wp\/v2\/categories?post=59630"},{"taxonomy":"post_tag","embeddable":true,"href":"http:\/\/hoycordobaweb.com\/index.php\/wp-json\/wp\/v2\/tags?post=59630"}],"curies":[{"name":"wp","href":"https:\/\/api.w.org\/{rel}","templated":true}]}}