{"id":59624,"date":"2023-05-07T12:14:09","date_gmt":"2023-05-07T12:14:09","guid":{"rendered":"https:\/\/www.mujerhoy.com\/moda\/no-te-pierdas\/looks-feos-coronacion-carlos-iii-charlene-marie-chantal-reina-letizia-20230507075613-nt.html"},"modified":"2023-05-07T12:14:09","modified_gmt":"2023-05-07T12:14:09","slug":"los-terribles-looks-de-reinas-royals-y-primeras-damas-en-la-coronacion-de-carlos-iii-de-rania-a-marie-chantal-miller","status":"publish","type":"post","link":"http:\/\/hoycordobaweb.com\/index.php\/2023\/05\/07\/los-terribles-looks-de-reinas-royals-y-primeras-damas-en-la-coronacion-de-carlos-iii-de-rania-a-marie-chantal-miller\/","title":{"rendered":"Los terribles looks de reinas, royals y primeras damas en la Coronaci\u00f3n de Carlos III: de Rania a Marie-Chantal Miller"},"content":{"rendered":"<p><!-- AUTHOR --><\/p>\n<div class=\"voc-author-timesocial \"><!-- AUTHOR --><\/p>\n<div class=\"voc-author-timesocial__signature\"><!-- IMAGE AUTHOR --><picture class=\"voc-image-signature\"><img class=\"voc-image-signature__img\" src=\"http:\/\/hoycordobaweb.com\/wp-content\/uploads\/2023\/05\/los-terribles-looks-de-reinas-royals-y-primeras-damas-en-la-coronacion-de-carlos-iii-de-rania-a-marie-chantal-miller.jpg\" alt=\"Elena de los R\u00edos\"><\/picture><!-- INFO AUTHOR --><\/div>\n<\/div>\n<p><!-- COMPONENTS --><\/p>\n<p class=\"voc-paragraph\">La segunda aparici\u00f3n de la <strong>reina Letizia <\/strong>en los actos programados para celebrar la <a data-voc-vtm-id=\"in-text-traffic\" href=\"https:\/\/www.mujerhoy.com\/celebrities\/realeza\/letizia-coronacion-fotos-looks-reinas-feos-horteras-marie-chantal-miller-charlene-monaco-20230505203347-nt.html\">coronaci\u00f3n<\/a> del rey Carlos III no decepcion\u00f3. La monarca espa\u00f1ola volvi\u00f3 a ser la royal mejor vestida, al menos entre las invitadas, ya que no pudo verse con claridad el impresionante vestido de Sarah Burton para Alexander McQueen que llevaba Kate Middleton. <\/p>\n<p class=\"voc-paragraph\">El look de Carolina Herrera de la <a data-voc-vtm-id=\"in-text-traffic\" href=\"https:\/\/www.mujerhoy.com\/temas\/personajes\/reina-dona-letizia.html\">reina Letizia<\/a>, con ecos al Dior de los a\u00f1os 40, barri\u00f3 a sus rivales m\u00e1s directas. Algunas, de hecho, incurrieron en <strong>errores de bulto<\/strong> en una ocasi\u00f3n tan se\u00f1alada, en la que millones de personas en todo el mundo observaban sus looks hasta el m\u00e1s m\u00ednimo detalle. Shame!\n<\/p>\n<div class=\"voc-detail-photo-zoom\"><picture data-toggle=\"modal\" data-target=\"#photoZoomModal-738\" target=\"modal\">\n<div class=\"voc-img-icon-link\"><img loading=\"lazy\" data-original=\"\/\/static.mujerhoy.com\/www\/multimedia\/202305\/06\/media\/cortadas\/looks-feos-coronacion-marie-chantal-charlene-k4lB--460x637@MujerHoy.jpg\" class=\"lazy\" alt=\"Alberto de M\u00f3naco y la princesa Charl\u00e8ne. (FOTO: GTRES)\"><noscript><img src=\"http:\/\/hoycordobaweb.com\/wp-content\/uploads\/2023\/05\/los-terribles-looks-de-reinas-royals-y-primeras-damas-en-la-coronacion-de-carlos-iii-de-rania-a-marie-chantal-miller.png\" alt=\"Alberto de M\u00f3naco y la princesa Charl\u00e8ne. (FOTO: GTRES)\"><\/noscript><i class=\"voc-icons zoom voc-multimedia-box voc-ico-l\"><\/i><\/div><figcaption class=\"figure-caption\">Alberto de M\u00f3naco y la princesa Charl\u00e8ne. (FOTO: GTRES)<\/figcaption><\/picture><\/div>\n<div id=\"photoZoomModal-738\" class=\"voc-lightbox modal fade voc-lightbox--photo-zoom\" role=\"dialog\" data-voc-photozoom-lightbox>\n<div class=\"voc-lightbox__dialog\" role=\"document\">\n<div class=\"voc-lightbox__content\"><!-- Modal header --><!-- Modal content --><\/p>\n<div class=\"voc-lightbox__photo-container\"><picture class><img loading=\"lazy\" data-original=\"\/\/static.mujerhoy.com\/www\/multimedia\/202305\/06\/media\/cortadas\/looks-feos-coronacion-marie-chantal-charlene-k4lB--460x637@MujerHoy.jpg\" alt=\"Alberto de M\u00f3naco y la princesa Charl\u00e8ne. (FOTO: GTRES)\" class=\"lazy\"><noscript><img src=\"http:\/\/hoycordobaweb.com\/wp-content\/uploads\/2023\/05\/los-terribles-looks-de-reinas-royals-y-primeras-damas-en-la-coronacion-de-carlos-iii-de-rania-a-marie-chantal-miller.png\" alt=\"Alberto de M\u00f3naco y la princesa Charl\u00e8ne. (FOTO: GTRES)\"><\/noscript><\/picture><\/div>\n<\/div>\n<\/div>\n<\/div>\n<p><h3 class=\"voc-detail__title\"> El estilo triste de Charl\u00e8ne de M\u00f3naco<br \/>\n<\/h3>\n<\/p>\n<p class=\"voc-paragraph\">No la vemos en su mejor momento de forma, esa es la verdad. Algo contin\u00faa &#8216;off&#8217; en el estilo de <a data-voc-vtm-id=\"in-text-traffic\" href=\"https:\/\/www.mujerhoy.com\/temas\/personajes\/charlene-wittstock.html\">Charl\u00e8ne de M\u00f3naco<\/a>, en especial cuando viaja al extranjero y la presi\u00f3n de estilo aumenta. Si en la recepci\u00f3n previa a la coronaci\u00f3n de Carlos III sorprendi\u00f3 para mal con un dise\u00f1o propio de una cena veraniega en Menorca, lo que present\u00f3 en Westminster Abbey no fue mejor. <\/p>\n<p class=\"voc-paragraph\">El conjunto de chaqueta y falda midi color crema que eligi\u00f3 Charl\u00e8ne de M\u00f3naco le echaba much\u00edsimos<br \/>\n<strong> a\u00f1os encima <\/strong>(solo tiene 45) y dejaba ver unas piernas que no han visto el sol desde que sali\u00f3 de Sud\u00e1frica. Ten\u00edan exactamente el mismo tono incoloro, inodoro e ins\u00edpido que su look. Muy triste todo.\n<\/p>\n<div class=\"voc-detail-photo-zoom\"><picture data-toggle=\"modal\" data-target=\"#photoZoomModal-260\" target=\"modal\">\n<div class=\"voc-img-icon-link\"><img loading=\"lazy\" data-original=\"\/\/static2.mujerhoy.com\/www\/multimedia\/202305\/06\/media\/cortadas\/looks-feos-coronacion-marie-chantal-k4lB--460x637@MujerHoy.jpg\" class=\"lazy\" alt=\"Marie-Chantal Miller. (FOTO: GTRES)\"><noscript><img src=\"http:\/\/hoycordobaweb.com\/wp-content\/uploads\/2023\/05\/los-terribles-looks-de-reinas-royals-y-primeras-damas-en-la-coronacion-de-carlos-iii-de-rania-a-marie-chantal-miller-1.png\" alt=\"Marie-Chantal Miller. (FOTO: GTRES)\"><\/noscript><i class=\"voc-icons zoom voc-multimedia-box voc-ico-l\"><\/i><\/div><figcaption class=\"figure-caption\">Marie-Chantal Miller. (FOTO: GTRES)<\/figcaption><\/picture><\/div>\n<div id=\"photoZoomModal-260\" class=\"voc-lightbox modal fade voc-lightbox--photo-zoom\" role=\"dialog\" data-voc-photozoom-lightbox>\n<div class=\"voc-lightbox__dialog\" role=\"document\">\n<div class=\"voc-lightbox__content\"><!-- Modal header --><!-- Modal content --><\/p>\n<div class=\"voc-lightbox__photo-container\"><picture class><img loading=\"lazy\" data-original=\"\/\/static2.mujerhoy.com\/www\/multimedia\/202305\/06\/media\/cortadas\/looks-feos-coronacion-marie-chantal-k4lB--460x637@MujerHoy.jpg\" alt=\"Marie-Chantal Miller. (FOTO: GTRES)\" class=\"lazy\"><noscript><img src=\"http:\/\/hoycordobaweb.com\/wp-content\/uploads\/2023\/05\/los-terribles-looks-de-reinas-royals-y-primeras-damas-en-la-coronacion-de-carlos-iii-de-rania-a-marie-chantal-miller-1.png\" alt=\"Marie-Chantal Miller. (FOTO: GTRES)\"><\/noscript><\/picture><\/div>\n<\/div>\n<\/div>\n<\/div>\n<p><h3 class=\"voc-detail__title\"> Marie-Chantal Miller, oportunista<br \/>\n<\/h3>\n<\/p>\n<p class=\"voc-paragraph\">La reina consorte del trono de Grecia no suele fallar en sus citas internacionales, aunque en la recepci\u00f3n en Buckingham Palace previa a la <a data-voc-vtm-id=\"in-text-traffic\" href=\"https:\/\/www.mujerhoy.com\/temas\/personajes\/principe-carlos-de-inglaterra.html\">coronaci\u00f3n de Carlos III<\/a> llev\u00f3 un vestido blanco tan conservador y falto de estilo que parec\u00eda a punto de consagrarse a alguna orden religiosa. <\/p>\n<p class=\"voc-paragraph\">Para la coronaci\u00f3n propiamente dicha, Marie-Chantal Miller apost\u00f3 todo a un look azul al que no le falt\u00f3 detalle royal: lazo, cintur\u00f3n estrecho, falda evas\u00e9 y casquete. Ni le sentaba bien ni se benefici\u00f3 de la expresi\u00f3n de hast\u00edo absoluto con la que acompa\u00f1\u00f3 a su estilismo. Ahora bien, lo que remat\u00f3 su<br \/>\n<strong> anodina presencia<\/strong> fue el bolso que eligi\u00f3 para acompa\u00f1arlo. <\/p>\n<p class=\"voc-paragraph\">Marie-Chantal Miller eligi\u00f3 como accesorio estrella de su look una caja-libro de Olympia Le-Tan con la portada de &#8216;En busca del tiempo perdido&#8217;, una referencia que seguro no es una cr\u00edtica al <strong>viejo rito de la coronaci\u00f3n<\/strong>. \u00bfAcaso un gesto de melancol\u00eda porque no podr\u00e1 vivir ese mismo momento aunque sea consorte del heredero al desaparecido trono griego? <\/p>\n<p class=\"voc-paragraph\">El caso es que el sentido secreto de esta cita a Proust nos da igual. Lo que s\u00ed nos llama much\u00edsimo la atenci\u00f3n es que su hija Olympia vende ahora mismo su propia colecci\u00f3n para Le-Tan, por lo que su madre le est\u00e1 haciendo <strong>publicidad <\/strong>en &#8216;prime time&#8217; global. \u00bfProduct placement a costa de Carlos III?\n<\/p>\n<div class=\"voc-detail-photo-zoom\"><picture data-toggle=\"modal\" data-target=\"#photoZoomModal-853\" target=\"modal\">\n<div class=\"voc-img-icon-link\"><img loading=\"lazy\" data-original=\"\/\/static2.mujerhoy.com\/www\/multimedia\/202305\/06\/media\/cortadas\/looks-feos-coronacion-marie-chantal-rania-k4lB--460x637@MujerHoy.jpg\" class=\"lazy\" alt=\"Abdal\u00e1 y Rania de Jordania. (FOTO: GTRES)\"><noscript><img src=\"http:\/\/hoycordobaweb.com\/wp-content\/uploads\/2023\/05\/los-terribles-looks-de-reinas-royals-y-primeras-damas-en-la-coronacion-de-carlos-iii-de-rania-a-marie-chantal-miller-2.png\" alt=\"Abdal\u00e1 y Rania de Jordania. (FOTO: GTRES)\"><\/noscript><i class=\"voc-icons zoom voc-multimedia-box voc-ico-l\"><\/i><\/div><figcaption class=\"figure-caption\">Abdal\u00e1 y Rania de Jordania. (FOTO: GTRES)<\/figcaption><\/picture><\/div>\n<div id=\"photoZoomModal-853\" class=\"voc-lightbox modal fade voc-lightbox--photo-zoom\" role=\"dialog\" data-voc-photozoom-lightbox>\n<div class=\"voc-lightbox__dialog\" role=\"document\">\n<div class=\"voc-lightbox__content\"><!-- Modal header --><!-- Modal content --><\/p>\n<div class=\"voc-lightbox__photo-container\"><picture class><img loading=\"lazy\" data-original=\"\/\/static2.mujerhoy.com\/www\/multimedia\/202305\/06\/media\/cortadas\/looks-feos-coronacion-marie-chantal-rania-k4lB--460x637@MujerHoy.jpg\" alt=\"Abdal\u00e1 y Rania de Jordania. (FOTO: GTRES)\" class=\"lazy\"><noscript><img src=\"http:\/\/hoycordobaweb.com\/wp-content\/uploads\/2023\/05\/los-terribles-looks-de-reinas-royals-y-primeras-damas-en-la-coronacion-de-carlos-iii-de-rania-a-marie-chantal-miller-2.png\" alt=\"Abdal\u00e1 y Rania de Jordania. (FOTO: GTRES)\"><\/noscript><\/picture><\/div>\n<\/div>\n<\/div>\n<\/div>\n<p><h3 class=\"voc-detail__title\"> Rania de Jordania, descolorida<br \/>\n<\/h3>\n<\/p>\n<p class=\"voc-paragraph\">Con ella siempre se puede elevar el nivel de exigencia, porque nos ha dado momentos de estilo inolvidables a lo largo de los a\u00f1os, especialmente en la facci\u00f3n &#8216;tendencia&#8217;, hasta su llegada poco practicada por las reinas europeas. No sabemos qu\u00e9 le ha pasado en los fastos por la coronaci\u00f3n del rey Carlos III, pero no ha dado una en la <strong>elecci\u00f3n del color<\/strong>. <\/p>\n<p class=\"voc-paragraph\">Su primer look fue de un marr\u00f3n para olvidar. El segundo, un vestido amarillo suave con accesorios a juego, tampoco favorec\u00edan para nada su tono de piel y pelo. Parece que Rania de Jordania ha querido <strong>difuminarse <\/strong>por completo e una ocasi\u00f3n que apelaba a la m\u00e1xima visibilidad royal. Qu\u00e9 poco ella.\n<\/p>\n<div class=\"voc-detail-photo-zoom\"><picture data-toggle=\"modal\" data-target=\"#photoZoomModal-528\" target=\"modal\">\n<div class=\"voc-img-icon-link\"><img loading=\"lazy\" data-original=\"\/\/static.mujerhoy.com\/www\/multimedia\/202305\/06\/media\/cortadas\/looks-feos-coronacion-marie-chantal-dinamarca-k4lB--460x637@MujerHoy.jpg\" class=\"lazy\" alt=\"Mary de Dinamaca. (FOTO: GTRES)\"><noscript><img src=\"http:\/\/hoycordobaweb.com\/wp-content\/uploads\/2023\/05\/los-terribles-looks-de-reinas-royals-y-primeras-damas-en-la-coronacion-de-carlos-iii-de-rania-a-marie-chantal-miller-3.png\" alt=\"Mary de Dinamaca. (FOTO: GTRES)\"><\/noscript><i class=\"voc-icons zoom voc-multimedia-box voc-ico-l\"><\/i><\/div><figcaption class=\"figure-caption\">Mary de Dinamaca. (FOTO: GTRES)<\/figcaption><\/picture><\/div>\n<div id=\"photoZoomModal-528\" class=\"voc-lightbox modal fade voc-lightbox--photo-zoom\" role=\"dialog\" data-voc-photozoom-lightbox>\n<div class=\"voc-lightbox__dialog\" role=\"document\">\n<div class=\"voc-lightbox__content\"><!-- Modal header --><!-- Modal content --><\/p>\n<div class=\"voc-lightbox__photo-container\"><picture class><img loading=\"lazy\" data-original=\"\/\/static.mujerhoy.com\/www\/multimedia\/202305\/06\/media\/cortadas\/looks-feos-coronacion-marie-chantal-dinamarca-k4lB--460x637@MujerHoy.jpg\" alt=\"Mary de Dinamaca. (FOTO: GTRES)\" class=\"lazy\"><noscript><img src=\"http:\/\/hoycordobaweb.com\/wp-content\/uploads\/2023\/05\/los-terribles-looks-de-reinas-royals-y-primeras-damas-en-la-coronacion-de-carlos-iii-de-rania-a-marie-chantal-miller-3.png\" alt=\"Mary de Dinamaca. (FOTO: GTRES)\"><\/noscript><\/picture><\/div>\n<\/div>\n<\/div>\n<\/div>\n<p><h3 class=\"voc-detail__title\"> Mary de Dinamarca, el ataque del clon Middleton<br \/>\n<\/h3>\n<\/p>\n<p class=\"voc-paragraph\">Imposible que Mary de Dinamarca no est\u00e9 al tanto de las constantes comparaciones con Kate Middleton: son pr\u00e1cticamente <strong>dos clones <\/strong>en lo que respecta a su f\u00edsico. Lo que no esper\u00e1bamos es que apareciera con un look que podr\u00eda estar en el armario de la misma princesa de Gales precisamente en el d\u00eda de la coronaci\u00f3n de Carlos III. <\/p>\n<p class=\"voc-paragraph\">El robo de estilo de Mary de Dinamarca a <a data-voc-vtm-id=\"in-text-traffic\" href=\"https:\/\/www.mujerhoy.com\/temas\/personajes\/kate-middleton.html\">Kate Middleton<\/a> es tan tremend, que ni califica de homenaje ni nos simpatiza ya su estatus de clon. Debi\u00f3 optar por cualquier cosa antes que un vestido abrigo (tan caracter\u00edstico de las mujeres Windsor). Y el m\u00edtico broche turquesas con pendientes a juego de la reina Margarita hasta molesta sobre el p\u00farpura del look. <\/p>\n<div class=\"voc-detail-photo-zoom\"><picture data-toggle=\"modal\" data-target=\"#photoZoomModal-413\" target=\"modal\">\n<div class=\"voc-img-icon-link\"><img loading=\"lazy\" data-original=\"\/\/static2.mujerhoy.com\/www\/multimedia\/202305\/06\/media\/cortadas\/looks-feos-coronacion-marie-chantal-biden-k4lB--460x637@MujerHoy.jpg\" class=\"lazy\" alt=\"Jill Biden. (FOTO: GTRES)\"><noscript><img src=\"http:\/\/hoycordobaweb.com\/wp-content\/uploads\/2023\/05\/los-terribles-looks-de-reinas-royals-y-primeras-damas-en-la-coronacion-de-carlos-iii-de-rania-a-marie-chantal-miller-4.png\" alt=\"Jill Biden. (FOTO: GTRES)\"><\/noscript><i class=\"voc-icons zoom voc-multimedia-box voc-ico-l\"><\/i><\/div><figcaption class=\"figure-caption\">Jill Biden. (FOTO: GTRES)<\/figcaption><\/picture><\/div>\n<div id=\"photoZoomModal-413\" class=\"voc-lightbox modal fade voc-lightbox--photo-zoom\" role=\"dialog\" data-voc-photozoom-lightbox>\n<div class=\"voc-lightbox__dialog\" role=\"document\">\n<div class=\"voc-lightbox__content\"><!-- Modal header --><!-- Modal content --><\/p>\n<div class=\"voc-lightbox__photo-container\"><picture class><img loading=\"lazy\" data-original=\"\/\/static2.mujerhoy.com\/www\/multimedia\/202305\/06\/media\/cortadas\/looks-feos-coronacion-marie-chantal-biden-k4lB--460x637@MujerHoy.jpg\" alt=\"Jill Biden. (FOTO: GTRES)\" class=\"lazy\"><noscript><img src=\"http:\/\/hoycordobaweb.com\/wp-content\/uploads\/2023\/05\/los-terribles-looks-de-reinas-royals-y-primeras-damas-en-la-coronacion-de-carlos-iii-de-rania-a-marie-chantal-miller-4.png\" alt=\"Jill Biden. (FOTO: GTRES)\"><\/noscript><\/picture><\/div>\n<\/div>\n<\/div>\n<\/div>\n<p><h3 class=\"voc-detail__title\"> Jill Biden y el efecto Minnie Mouse<br \/>\n<\/h3>\n<\/p>\n<p class=\"voc-paragraph\">Los evangelios del estilo estadounidense han etiquetado a Jill Biden como la primera primera dama que cultiva un <strong>estilo sin estilo <\/strong>intencionadamente. Y tienen raz\u00f3n. La se\u00f1ora Biden se limita a cubrir el expediente de la mejor manera posible, aqu\u00ed con un conjunto azul de Ralph Lauren que pasa sin pena ni gloria. Y ser\u00eda suficiente, si no se hubiera atizado un lacito azul rid\u00edculo en medio de su melena.\n<\/p>\n<p class=\"voc-paragraph\">\u00bfA qu\u00e9 viene ese detalle Minnie Mouse en su cabeza? Es tan peque\u00f1o y tan extempor\u00e1neo, que resulta <strong>infantil<\/strong>. \u00bfPor qu\u00e9 no acudi\u00f3 sin nada en la cabeza, como Olena Zelenska, Brigitte Macron o las primeras damas orientales? All\u00ed donde fueres haz lo que vieres no siempre funciona, y menos a una americana en Londres.\n<\/p>\n<div class=\"voc-detail-photo-zoom\"><picture data-toggle=\"modal\" data-target=\"#photoZoomModal-476\" target=\"modal\">\n<div class=\"voc-img-icon-link\"><img loading=\"lazy\" data-original=\"\/\/static2.mujerhoy.com\/www\/multimedia\/202305\/06\/media\/cortadas\/looks-feos-coronacion-marie-chantal-belgica-k4lB--460x637@MujerHoy.jpg\" class=\"lazy\" alt=\"Felipe y Matilde de B\u00e9lgica. (FOTO: GTRES)\"><noscript><img src=\"http:\/\/hoycordobaweb.com\/wp-content\/uploads\/2023\/05\/los-terribles-looks-de-reinas-royals-y-primeras-damas-en-la-coronacion-de-carlos-iii-de-rania-a-marie-chantal-miller-5.png\" alt=\"Felipe y Matilde de B\u00e9lgica. (FOTO: GTRES)\"><\/noscript><i class=\"voc-icons zoom voc-multimedia-box voc-ico-l\"><\/i><\/div><figcaption class=\"figure-caption\">Felipe y Matilde de B\u00e9lgica. (FOTO: GTRES)<\/figcaption><\/picture><\/div>\n<div id=\"photoZoomModal-476\" class=\"voc-lightbox modal fade voc-lightbox--photo-zoom\" role=\"dialog\" data-voc-photozoom-lightbox>\n<div class=\"voc-lightbox__dialog\" role=\"document\">\n<div class=\"voc-lightbox__content\"><!-- Modal header --><!-- Modal content --><\/p>\n<div class=\"voc-lightbox__photo-container\"><picture class><img loading=\"lazy\" data-original=\"\/\/static2.mujerhoy.com\/www\/multimedia\/202305\/06\/media\/cortadas\/looks-feos-coronacion-marie-chantal-belgica-k4lB--460x637@MujerHoy.jpg\" alt=\"Felipe y Matilde de B\u00e9lgica. (FOTO: GTRES)\" class=\"lazy\"><noscript><img src=\"http:\/\/hoycordobaweb.com\/wp-content\/uploads\/2023\/05\/los-terribles-looks-de-reinas-royals-y-primeras-damas-en-la-coronacion-de-carlos-iii-de-rania-a-marie-chantal-miller-5.png\" alt=\"Felipe y Matilde de B\u00e9lgica. (FOTO: GTRES)\"><\/noscript><\/picture><\/div>\n<\/div>\n<\/div>\n<\/div>\n<p><h3 class=\"voc-detail__title\"> Matilde de B\u00e9lgica y un escote a reventar<br \/>\n<\/h3>\n<\/p>\n<p class=\"voc-paragraph\">La monarca belga lo ten\u00eda todo para triunfar en la ceremonia del coronaci\u00f3n del rey Carlos III, en especial una excelente reputaci\u00f3n de moda, con un armario que ya es el secreto mejor guardado del estilo royal europeo. Su instinto le llev\u00f3 a elegir un <strong>look rosa <\/strong>y, evidentemente, acert\u00f3, pues las mujeres influyentes m\u00e1s perceptivas de la tendencia hicieron lo mismo. <\/p>\n<p class=\"voc-paragraph\">Una pena que el efecto &#8216;color block&#8217; que Matilde de B\u00e9lgica buscaba con su vestido capa, guantes, bolso y zapatos se estropeara con un escote inexplicable. \u00bfSe le marca la ropa interior? \u00bfA qu\u00e9 vienen esas arrugas? \u00bfAcaso<br \/>\n<strong> no era su talla<\/strong>? Tampoco entendemos la gargantilla de perlas \u00a1de siete filas! Por ocultar unas arrugas aqu\u00ed y all\u00e1, se ha quedado sin cuello.\n<\/p>\n<div class=\"voc-detail-photo-zoom\"><picture data-toggle=\"modal\" data-target=\"#photoZoomModal-274\" target=\"modal\">\n<div class=\"voc-img-icon-link\"><img loading=\"lazy\" data-original=\"\/\/static2.mujerhoy.com\/www\/multimedia\/202305\/06\/media\/cortadas\/looks-feos-coronacion-marie-chantal-eugenia-k4lB--460x637@MujerHoy.jpg\" class=\"lazy\" alt=\"Eugenia de York. (FOTO: GTRES)\"><noscript><img src=\"http:\/\/hoycordobaweb.com\/wp-content\/uploads\/2023\/05\/los-terribles-looks-de-reinas-royals-y-primeras-damas-en-la-coronacion-de-carlos-iii-de-rania-a-marie-chantal-miller-1.jpg\" alt=\"Eugenia de York. (FOTO: GTRES)\"><\/noscript><i class=\"voc-icons zoom voc-multimedia-box voc-ico-l\"><\/i><\/div><figcaption class=\"figure-caption\">Eugenia de York. (FOTO: GTRES)<\/figcaption><\/picture><\/div>\n<div id=\"photoZoomModal-274\" class=\"voc-lightbox modal fade voc-lightbox--photo-zoom\" role=\"dialog\" data-voc-photozoom-lightbox>\n<div class=\"voc-lightbox__dialog\" role=\"document\">\n<div class=\"voc-lightbox__content\"><!-- Modal header --><!-- Modal content --><\/p>\n<div class=\"voc-lightbox__photo-container\"><picture class><img loading=\"lazy\" data-original=\"\/\/static2.mujerhoy.com\/www\/multimedia\/202305\/06\/media\/cortadas\/looks-feos-coronacion-marie-chantal-eugenia-k4lB--460x637@MujerHoy.jpg\" alt=\"Eugenia de York. (FOTO: GTRES)\" class=\"lazy\"><noscript><img src=\"http:\/\/hoycordobaweb.com\/wp-content\/uploads\/2023\/05\/los-terribles-looks-de-reinas-royals-y-primeras-damas-en-la-coronacion-de-carlos-iii-de-rania-a-marie-chantal-miller-1.jpg\" alt=\"Eugenia de York. (FOTO: GTRES)\"><\/noscript><\/picture><\/div>\n<\/div>\n<\/div>\n<\/div>\n<p><h3 class=\"voc-detail__title\"> Eugenia de York y el embarazo enmascarado <\/h3>\n<\/p>\n<p class=\"voc-paragraph\">En la era de la maternidad &#8216;made in&#8217; Rihanna, no podemos darle aprobaci\u00f3n a un look embarazada que no est\u00e1 a la altura de la mujer que lo lleva. Entendemos los kilos y el volumen, pero elegir por un <strong>pesad\u00edsimo conjunto <\/strong>azul noche de vestido y abrigo que nos echan m\u00e1s a\u00f1os, cent\u00edmetros y sombras encima no es una opci\u00f3n. <\/p>\n<p class=\"voc-paragraph\">Eugenia de York Podr\u00eda haber expresado m\u00e1s alegr\u00eda por su estado de buena esperanza no tratando de <strong>ocultarlo<\/strong>. Otra ocasi\u00f3n perdida para reivindicar que los cuerpos, incluso los cuerpos reales, no responden a un solo patr\u00f3n de medida. Otra vez ser\u00e1. <\/p>\n<p><!-- TOPICS --><\/p>\n","protected":false},"excerpt":{"rendered":"<p>La segunda aparici\u00f3n de la reina Letizia en los actos programados para celebrar la coronaci\u00f3n del rey Carlos III no decepcion\u00f3. La monarca espa\u00f1ola volvi\u00f3 a ser la royal mejor vestida, al menos entre las invitadas, ya que no pudo verse con claridad el impresionante vestido de Sarah Burton para Alexander McQueen que llevaba Kate [&hellip;]<\/p>\n","protected":false},"author":1,"featured_media":59625,"comment_status":"closed","ping_status":"closed","sticky":false,"template":"","format":"standard","meta":[],"categories":[1],"tags":[],"_links":{"self":[{"href":"http:\/\/hoycordobaweb.com\/index.php\/wp-json\/wp\/v2\/posts\/59624"}],"collection":[{"href":"http:\/\/hoycordobaweb.com\/index.php\/wp-json\/wp\/v2\/posts"}],"about":[{"href":"http:\/\/hoycordobaweb.com\/index.php\/wp-json\/wp\/v2\/types\/post"}],"author":[{"embeddable":true,"href":"http:\/\/hoycordobaweb.com\/index.php\/wp-json\/wp\/v2\/users\/1"}],"replies":[{"embeddable":true,"href":"http:\/\/hoycordobaweb.com\/index.php\/wp-json\/wp\/v2\/comments?post=59624"}],"version-history":[{"count":0,"href":"http:\/\/hoycordobaweb.com\/index.php\/wp-json\/wp\/v2\/posts\/59624\/revisions"}],"wp:featuredmedia":[{"embeddable":true,"href":"http:\/\/hoycordobaweb.com\/index.php\/wp-json\/wp\/v2\/media\/59625"}],"wp:attachment":[{"href":"http:\/\/hoycordobaweb.com\/index.php\/wp-json\/wp\/v2\/media?parent=59624"}],"wp:term":[{"taxonomy":"category","embeddable":true,"href":"http:\/\/hoycordobaweb.com\/index.php\/wp-json\/wp\/v2\/categories?post=59624"},{"taxonomy":"post_tag","embeddable":true,"href":"http:\/\/hoycordobaweb.com\/index.php\/wp-json\/wp\/v2\/tags?post=59624"}],"curies":[{"name":"wp","href":"https:\/\/api.w.org\/{rel}","templated":true}]}}