{"id":59612,"date":"2023-05-07T22:51:02","date_gmt":"2023-05-07T22:51:02","guid":{"rendered":"https:\/\/www.ole.com.ar\/futbol-primera\/gimnasia-timoteo-griguol_0_g1LQZ4PPi2.html"},"modified":"2023-05-07T22:51:02","modified_gmt":"2023-05-07T22:51:02","slug":"gimnasia-inauguro-un-mosaico-de-carlos-timoteo-griguol-en-el-bosque","status":"publish","type":"post","link":"http:\/\/hoycordobaweb.com\/index.php\/2023\/05\/07\/gimnasia-inauguro-un-mosaico-de-carlos-timoteo-griguol-en-el-bosque\/","title":{"rendered":"Gimnasia inaugur\u00f3 un mosaico de Carlos Timoteo Griguol en el Bosque"},"content":{"rendered":"<p><img src=\"http:\/\/hoycordobaweb.com\/wp-content\/uploads\/2023\/05\/gimnasia-inauguro-un-mosaico-de-carlos-timoteo-griguol-en-el-bosque.jpg\"><\/p>\n<p><time class=\"createDate\" datetime=\"2023-05-07T19:51:02-03:00\">07\/05\/2023 19:51hs.<\/time><time class=\"modificatedDate\" datetime=\"2023\/05\/07T19:51:01-03:00\"><\/time><\/p>\n<div id=\"storyBody\">\n<div class=\"custom-text \" readability=\"28.516129032258\">\n<p><a href=\"https:\/\/www.ole.com.ar\/gimnasia-y-esgrima\/page\/1?gclid=EAIaIQobChMI08WimJ3k_gIVdCytBh2ZAg5bEAAYASAAEgJv4_D_BwE\" target=\"_blank\" rel=\"noopener noreferrer\">Gimnasia<\/a> <strong>inaugur\u00f3 un mosaico en honor a<\/strong> <a href=\"https:\/\/www.ole.com.ar\/tema\/carlos-timoteo-griguol.html\" target=\"_blank\" rel=\"noopener noreferrer\">Carlos Timoteo Griguol<\/a>, el hist\u00f3rico entrenador del Lobo que falleci\u00f3 en 2021 luego de pasar tres semanas internado por una afecci\u00f3n pulmonar.<\/p>\n<\/div>\n<div class=\"custom-text \" readability=\"33\">\n<p>La obra -hecha por el Frente de Artistas Triperos- est\u00e1 ubicada en la entrada del estadio de Gimnasia y recrea un retrato del ex director t\u00e9cnico.<\/p>\n<\/div>\n<div class=\"sc-996041c8-0 dnrmTT\"><img alt=\"El mosaico de Timoteo Griguol en Gimnasia\" src=\"http:\/\/hoycordobaweb.com\/wp-content\/uploads\/2023\/05\/gimnasia-inauguro-un-mosaico-de-carlos-timoteo-griguol-en-el-bosque-2.jpg\" width=\"72\" height=\"10\" decoding=\"async\" data-nimg=\"future\" loading=\"lazy\"><span>El mosaico de Timoteo Griguol en Gimnasia<\/span><\/div>\n<div class=\"custom-text \" readability=\"35\">\n<p>Aunque en primera instancia el retrato se iba a inaugurar el s\u00e1bado 6 de mayo -d\u00eda en que se cumpl\u00edan los dos a\u00f1os del fallecimiento de Griguol- el mal clima no lo permiti\u00f3. Por lo tanto, la ceremonia se posterg\u00f3 y se llev\u00f3 a cabo un d\u00eda despu\u00e9s.<\/p>\n<\/div>\n<div class=\"custom-text \" readability=\"34.260223048327\">\n<p>Este domingo, el presidente <a href=\"https:\/\/www.ole.com.ar\/gimnasia-y-esgrima\/ping-pong-ole-mariano-cowen_3_4RY8fzMX8L.html\" target=\"_blank\" rel=\"noopener noreferrer\">Mariano Cowen<\/a> y las autoridades de la comisi\u00f3n directiva inauguraron el mosaico junto a los artistas que participaron de la intervenci\u00f3n. <strong>\u00abHoy colocamos una obra que recuerda al Maestro Cordob\u00e9s\u00bb<\/strong>, confirm\u00f3 Gimnasia en sus redes sociales.<\/p>\n<\/div>\n<p><h2>La carrera de Carlos Timoteo Griguol en Gimnasia<\/h2>\n<\/p>\n<div class=\"custom-text \" readability=\"35\">\n<p>El paso de <strong>Griguol <\/strong>por Gimnasia se dividi\u00f3 en <strong>tres periodos: <\/strong>de 1994 a 1999, de 2000 a 2001 y de 2003 a 2004. En ese lapso, <strong>disput\u00f3 268 partidos.<\/strong><\/p>\n<\/div>\n<div class=\"custom-text \" readability=\"35\">\n<p>Bajo su conducci\u00f3n, <strong>el Lobo fue subcampe\u00f3n del torneo local en tres oportunidades<\/strong> (1995, 1996 y 1998) y <strong>gan\u00f3 113 partidos<\/strong>.<\/p>\n<\/div>\n<div class=\"sc-996041c8-0 dnrmTT\"><img alt=\"Carlos Timoteo Griguol (1934-2021)\" src=\"http:\/\/hoycordobaweb.com\/wp-content\/uploads\/2023\/05\/gimnasia-inauguro-un-mosaico-de-carlos-timoteo-griguol-en-el-bosque-3.jpg\" width=\"72\" height=\"10\" decoding=\"async\" data-nimg=\"future\" loading=\"lazy\"><span>Carlos Timoteo Griguol (1934-2021)<\/span><\/div>\n<p><h2>Los n\u00fameros de Griguol como t\u00e9cnico<\/h2>\n<\/p>\n<div class=\"custom-text \" readability=\"39\">\n<p>Carlos Timoteo Griguol fue t\u00e9cnico de <strong>Ferro<\/strong>, <strong>Rosario Central<\/strong>, <strong>Gimnasia Esgrima La Plata<\/strong>, <strong>River<\/strong>, <strong>Uni\u00f3n<\/strong>, <strong>Kimberley<\/strong>, <strong>Tecos <\/strong>y <strong>Betis<\/strong>.<\/p>\n<\/div>\n<div class=\"custom-text \" readability=\"34\">\n<p>Sumando los partidos disputados en todas las instituciones, acumul\u00f3 <strong>1139 encuentros <\/strong>como entrenador.<\/p>\n<\/div>\n<div class=\"sc-a7166897-0 gOoLzD\" readability=\"6\">\n<section readability=\"2\"><picture><img alt=\"El nieto de Carlos Timoteo Griguol firm\u00f3 su primer contrato con Ferro\" src=\"http:\/\/hoycordobaweb.com\/wp-content\/uploads\/2023\/05\/gimnasia-inauguro-un-mosaico-de-carlos-timoteo-griguol-en-el-bosque-4.jpg\" width=\"29\" height=\"29\" decoding=\"async\" data-nimg=\"future\" loading=\"lazy\"><\/picture>\n<p><span>Mir\u00e1 tambi\u00e9n<\/span><\/p>\n<hr>\n<h3>El nieto de Carlos Timoteo Griguol firm\u00f3 su primer contrato con Ferro<\/h3>\n<\/p>\n<\/section>\n<\/div>\n<div class=\"sc-a7166897-0 gOoLzD\" readability=\"6\">\n<section readability=\"2\"><picture><img alt=\"El Lobo homenaje\u00f3 a Griguol\" src=\"http:\/\/hoycordobaweb.com\/wp-content\/uploads\/2023\/05\/gimnasia-inauguro-un-mosaico-de-carlos-timoteo-griguol-en-el-bosque-5.jpg\" width=\"29\" height=\"29\" decoding=\"async\" data-nimg=\"future\" loading=\"lazy\"><\/picture>\n<p><span>Mir\u00e1 tambi\u00e9n<\/span><\/p>\n<hr>\n<h3>El Lobo homenaje\u00f3 a Griguol<\/h3>\n<\/p>\n<\/section>\n<\/div>\n<div class=\"sc-a7166897-0 gOoLzD\" readability=\"6\">\n<section readability=\"2\"><picture><img alt=\"Los emotivos homenajes a Carlos Timoteo Griguol en Gimnasia y Ferro\" src=\"http:\/\/hoycordobaweb.com\/wp-content\/uploads\/2023\/05\/gimnasia-inauguro-un-mosaico-de-carlos-timoteo-griguol-en-el-bosque-6.jpg\" width=\"29\" height=\"29\" decoding=\"async\" data-nimg=\"future\" loading=\"lazy\"><\/picture>\n<p><span>Mir\u00e1 tambi\u00e9n<\/span><\/p>\n<hr>\n<h3>Los emotivos homenajes a Carlos Timoteo Griguol en Gimnasia y Ferro<\/h3>\n<\/p>\n<\/section>\n<\/div>\n<\/div>\n","protected":false},"excerpt":{"rendered":"<p>07\/05\/2023 19:51hs. Gimnasia inaugur\u00f3 un mosaico en honor a Carlos Timoteo Griguol, el hist\u00f3rico entrenador del Lobo que falleci\u00f3 en 2021 luego de pasar tres semanas internado por una afecci\u00f3n pulmonar. La obra -hecha por el Frente de Artistas Triperos- est\u00e1 ubicada en la entrada del estadio de Gimnasia y recrea un retrato del ex [&hellip;]<\/p>\n","protected":false},"author":1,"featured_media":59613,"comment_status":"open","ping_status":"closed","sticky":false,"template":"","format":"standard","meta":[],"categories":[16],"tags":[],"_links":{"self":[{"href":"http:\/\/hoycordobaweb.com\/index.php\/wp-json\/wp\/v2\/posts\/59612"}],"collection":[{"href":"http:\/\/hoycordobaweb.com\/index.php\/wp-json\/wp\/v2\/posts"}],"about":[{"href":"http:\/\/hoycordobaweb.com\/index.php\/wp-json\/wp\/v2\/types\/post"}],"author":[{"embeddable":true,"href":"http:\/\/hoycordobaweb.com\/index.php\/wp-json\/wp\/v2\/users\/1"}],"replies":[{"embeddable":true,"href":"http:\/\/hoycordobaweb.com\/index.php\/wp-json\/wp\/v2\/comments?post=59612"}],"version-history":[{"count":0,"href":"http:\/\/hoycordobaweb.com\/index.php\/wp-json\/wp\/v2\/posts\/59612\/revisions"}],"wp:featuredmedia":[{"embeddable":true,"href":"http:\/\/hoycordobaweb.com\/index.php\/wp-json\/wp\/v2\/media\/59613"}],"wp:attachment":[{"href":"http:\/\/hoycordobaweb.com\/index.php\/wp-json\/wp\/v2\/media?parent=59612"}],"wp:term":[{"taxonomy":"category","embeddable":true,"href":"http:\/\/hoycordobaweb.com\/index.php\/wp-json\/wp\/v2\/categories?post=59612"},{"taxonomy":"post_tag","embeddable":true,"href":"http:\/\/hoycordobaweb.com\/index.php\/wp-json\/wp\/v2\/tags?post=59612"}],"curies":[{"name":"wp","href":"https:\/\/api.w.org\/{rel}","templated":true}]}}