{"id":59573,"date":"2023-05-06T20:47:17","date_gmt":"2023-05-06T20:47:17","guid":{"rendered":"https:\/\/www.mujerhoy.com\/moda\/no-te-pierdas\/infanta-sofia-look-influencer-top-corto-verde-zara-futbol-final-copa-rey-20230506203106-nt.html"},"modified":"2023-05-06T20:47:17","modified_gmt":"2023-05-06T20:47:17","slug":"el-look-futbolero-de-la-infanta-sofia-con-top-verde-de-zara-que-ensena-tripa-y-pantalon-blanco-de-talle-alto","status":"publish","type":"post","link":"http:\/\/hoycordobaweb.com\/index.php\/2023\/05\/06\/el-look-futbolero-de-la-infanta-sofia-con-top-verde-de-zara-que-ensena-tripa-y-pantalon-blanco-de-talle-alto\/","title":{"rendered":"El look futbolero de la infanta Sof\u00eda con top verde de Zara que ense\u00f1a tripa y pantal\u00f3n blanco de talle alto"},"content":{"rendered":"<p><!-- AUTHOR --><\/p>\n<div class=\"voc-author-timesocial \"><!-- AUTHOR --><\/p>\n<div class=\"voc-author-timesocial__signature\"><!-- IMAGE AUTHOR --><picture class=\"voc-image-signature\"><img class=\"voc-image-signature__img\" src=\"http:\/\/hoycordobaweb.com\/wp-content\/uploads\/2023\/05\/el-look-futbolero-de-la-infanta-sofia-con-top-verde-de-zara-que-ensena-tripa-y-pantalon-blanco-de-talle-alto.jpg\" alt=\"Raquel Rodr\u00edguez\"><\/picture><!-- INFO AUTHOR --><\/div>\n<\/div>\n<p><!-- COMPONENTS --><\/p>\n<p class=\"voc-paragraph\">Despu\u00e9s de asistir a<br \/>\n<a data-voc-vtm-id=\"in-text-traffic\" href=\"https:\/\/www.mujerhoy.com\/celebrities\/realeza\/coronacion-carlos-iii-discurso-rey-primeras-palabras-mejores-frases-ceremonia-fotos-20230506105410-nt.html\" title=\"www.mujerhoy.com\"> la coronaci\u00f3n de Carlos III<\/a>, una cita por todo lo alto donde <strong>la reina Letizia<\/strong> se ha coronado como la mejor vestida gracias a<br \/>\n<a data-voc-vtm-id=\"in-text-traffic\" href=\"https:\/\/www.mujerhoy.com\/moda\/no-te-pierdas\/reina-letizia-look-ceremonia-coronacion-carlos-iii-vestido-espectacular-mejor-vestida-20230506103545-nt.html\" title=\"www.mujerhoy.com\"> este vestido rosa con pamela<\/a> y donde Kate Middleton ha deslumbrado con <a data-voc-vtm-id=\"in-text-traffic\" href=\"https:\/\/www.mujerhoy.com\/moda\/no-te-pierdas\/kate-middleton-look-coronacion-carlos-iii-vestido-invitada-elegante-20230506104004-nt.html\" title=\"www.mujerhoy.com\">un look espectacular<\/a> del que tenemos todos los detalles, los reyes de Espa\u00f1a han regresado a Espa\u00f1a a las pocas horas. \u00bfEl motivo? Que <strong>don Felipe<\/strong> ten\u00eda que estar presente en la <strong>final de la Copa del Rey<\/strong>.\n<\/p>\n<p class=\"voc-paragraph\">Y, curiosamente, el monarca no ha acudido a la cita celebrada en Sevilla con la reina, sino que lo ha hecho acompa\u00f1ado de su hija peque\u00f1a, <a data-voc-vtm-id=\"in-text-traffic\" href=\"https:\/\/www.mujerhoy.com\/temas\/personajes\/infanta-sofia-de-borbon.html\" title=\"www.mujerhoy.com\">la infanta Sof\u00eda<\/a>. Al parecer, a la joven le encanta el <strong>f\u00fatbol <\/strong>y no ha dudado en estar presente en este partido tan importante y transcendente. Y una vez m\u00e1s, do\u00f1a Sof\u00eda ha demostrado que su estilo no tiene nada que ver con el de su hermana y que le encanta sacar su lado m\u00e1s <strong>influencer<\/strong>. Lo ha demostrado en Sevilla con un <strong>top verde estampado de Zara <\/strong>que deja la tripa al aire y un pantal\u00f3n balnco de talle alto-\n<\/p>\n<p class=\"voc-paragraph\">Hace unos meses trascend\u00eda que la infanta Sof\u00eda -que <a data-voc-vtm-id=\"in-text-traffic\" href=\"https:\/\/www.mujerhoy.com\/celebrities\/realeza\/infanta-sofia-edad-secretos-peso-altura-zara-princesa-polemica-nacer-leonor-hija-felipe-letizia-20230429130517-nt.html\" title=\"www.mujerhoy.com\">acaba de cumplir 16 a\u00f1os<\/a>&#8211; era una amante de este deporte. Tanto es as\u00ed, que forma parte de un equipo femenino local. Aunque eso s\u00ed, pronto tendr\u00e1 que dejar de hacerlo, ya que, al igual que su hermana, se trasladar\u00e1 a Gales para <a data-voc-vtm-id=\"in-text-traffic\" href=\"https:\/\/www.mujerhoy.com\/celebrities\/realeza\/infanta-sofia-polemica-colegio-gales-princesa-leonor-polemica-futbolista-preocupacion-letizia-mentiras-20230206134616-nt.html\" title=\"www.mujerhoy.com\">estudiar en el mismo colegio <\/a>este mismo a\u00f1o.\n<\/p>\n<div class=\"voc-detail__cmp\">\n<div class=\"voc-article-container\">\n<article class=\"voc-article voc-article--cmp-photo-text\" readability=\"27.5\">\n<div class=\"voc-img-container\" readability=\"10\"><picture>\n<div class=\"voc-horizontal voc-img-icon-link\"><img class=\"lazy\" loading=\"lazy\" data-original=\"\/\/static1.mujerhoy.com\/www\/multimedia\/202305\/06\/media\/cortadas\/sofia-futbol-top-verde-kRgC-U200233369099bjC-624x385@MujerHoy.jpg\" alt=\"La infanta Sof\u00eda y su padre, Felipe VI, mientras suena el himno de Espa\u00f1a al comienzo del partido. \"><\/div>\n<\/picture>\n<p class=\"figure-caption \"> La infanta Sof\u00eda y su padre, Felipe VI, mientras suena el himno de Espa\u00f1a al comienzo del partido. <span class=\"voc-photo-author\"><\/span><\/p>\n<\/div>\n<\/article>\n<\/div>\n<\/div>\n<p class=\"voc-paragraph\">Mientras tanto, Sof\u00eda aprovecha todas las oportunidades y de nuevo la hemos visto en las gradas de un partido, esta vez, <strong>junto a su padre<\/strong>. La anterior fue junto a su hermana, la princesa Leonor, cuando ambas sorprendieron animando a Espa\u00f1a en solitario uno de los partidos de la Eurocopa Femenina.\n<\/p>\n<p class=\"voc-paragraph\">En esta ocasi\u00f3n, el <strong>rey y su hija peque\u00f1a <\/strong>se han trasladado a Sevilla para presenciar el partido entre el Real Madrid C.F. y el A.C. Osasuna, una final mujer re\u00f1ida en la que la infanta ha vuelto a demostrar por qu\u00e9 <strong>sus looks <\/strong>siempre gustan tanto.\n<\/p>\n<p class=\"voc-paragraph\">\u00bfHay algo <strong>m\u00e1s influencer<\/strong> que optar por prendas de Zara? Pues no. Y es lo que ha hecho, una vez m\u00e1s, la infanta Sof\u00eda. Ha vuelto a recurrir al gigante de Inditex, su firma low cost favorita junto a Sfera, con un top crop ideal, muy favorecedor y hasta ense\u00f1ando tripa. \u00a1Lo m\u00e1s!\n<\/p>\n<p class=\"voc-paragraph\">Se trata de una <strong>blusa de cuello redondo y manga larga abullonada <\/strong>que se caracteriza por tener un dise\u00f1o corto con fruncido en el bajo. Un corte que queda a la altura de la cintura y que es perfecto para llevar con prendas inferiores de talle alto. <\/p>\n<p class=\"voc-paragraph\">El otro elemento protagonista de la blusa era un bonito estampado que combina el verde y el blanco y que no le pod\u00eda sentar mejor. El top forma parte de la <strong>nueva colecci\u00f3n de Zara<\/strong> y lo puedes comprar ahora mismo en su p\u00e1gina web por 29,95 euros. Y si te ha gustado, debes saber que tambi\u00e9n tienes los pantalones a juego.\n<\/p>\n<p class=\"voc-paragraph\">Sof\u00eda ha acertado combin\u00e1ndolo con unos pantalones vaqueros blancos y un semirecogido suelto con los mechones delanteros suelos. Un peinado muy juvenil con el ha presumido de pelazo y de melena XL. Adem\u00e1s, a\u00f1adi\u00f3 un labial rosa. \u00a1Nos encanta!\n<\/p>\n<p><!-- TOPICS --><\/p>\n","protected":false},"excerpt":{"rendered":"<p>Despu\u00e9s de asistir a la coronaci\u00f3n de Carlos III, una cita por todo lo alto donde la reina Letizia se ha coronado como la mejor vestida gracias a este vestido rosa con pamela y donde Kate Middleton ha deslumbrado con un look espectacular del que tenemos todos los detalles, los reyes de Espa\u00f1a han regresado [&hellip;]<\/p>\n","protected":false},"author":1,"featured_media":59574,"comment_status":"closed","ping_status":"closed","sticky":false,"template":"","format":"standard","meta":[],"categories":[1],"tags":[],"_links":{"self":[{"href":"http:\/\/hoycordobaweb.com\/index.php\/wp-json\/wp\/v2\/posts\/59573"}],"collection":[{"href":"http:\/\/hoycordobaweb.com\/index.php\/wp-json\/wp\/v2\/posts"}],"about":[{"href":"http:\/\/hoycordobaweb.com\/index.php\/wp-json\/wp\/v2\/types\/post"}],"author":[{"embeddable":true,"href":"http:\/\/hoycordobaweb.com\/index.php\/wp-json\/wp\/v2\/users\/1"}],"replies":[{"embeddable":true,"href":"http:\/\/hoycordobaweb.com\/index.php\/wp-json\/wp\/v2\/comments?post=59573"}],"version-history":[{"count":0,"href":"http:\/\/hoycordobaweb.com\/index.php\/wp-json\/wp\/v2\/posts\/59573\/revisions"}],"wp:featuredmedia":[{"embeddable":true,"href":"http:\/\/hoycordobaweb.com\/index.php\/wp-json\/wp\/v2\/media\/59574"}],"wp:attachment":[{"href":"http:\/\/hoycordobaweb.com\/index.php\/wp-json\/wp\/v2\/media?parent=59573"}],"wp:term":[{"taxonomy":"category","embeddable":true,"href":"http:\/\/hoycordobaweb.com\/index.php\/wp-json\/wp\/v2\/categories?post=59573"},{"taxonomy":"post_tag","embeddable":true,"href":"http:\/\/hoycordobaweb.com\/index.php\/wp-json\/wp\/v2\/tags?post=59573"}],"curies":[{"name":"wp","href":"https:\/\/api.w.org\/{rel}","templated":true}]}}