{"id":59565,"date":"2023-05-06T22:15:54","date_gmt":"2023-05-06T22:15:54","guid":{"rendered":"https:\/\/www.ole.com.ar\/river-plate\/lista-river-superclasico-boca-demichelis_0_T29jfNAyOf.html"},"modified":"2023-05-06T22:15:54","modified_gmt":"2023-05-06T22:15:54","slug":"los-concentrados-de-river-para-el-super-sin-paulo-diaz-y-con-la-vuelta-de-kranevitter","status":"publish","type":"post","link":"http:\/\/hoycordobaweb.com\/index.php\/2023\/05\/06\/los-concentrados-de-river-para-el-super-sin-paulo-diaz-y-con-la-vuelta-de-kranevitter\/","title":{"rendered":"Los concentrados de River para el S\u00faper: sin Paulo D\u00edaz y con la vuelta de Kranevitter"},"content":{"rendered":"<p><img src=\"http:\/\/hoycordobaweb.com\/wp-content\/uploads\/2023\/05\/los-concentrados-de-river-para-el-super-sin-paulo-diaz-y-con-la-vuelta-de-kranevitter.jpg\"><\/p>\n<p><time class=\"createDate\" datetime=\"2023-05-06T19:15:54-03:00\">06\/05\/2023 19:15hs.<\/time><time class=\"modificatedDate\" datetime=\"2023\/05\/06T19:44:21-03:00\"> Actualizado al 06\/05\/2023 19:44hs.<\/time><\/p>\n<div id=\"storyBody\">\n<div class=\"custom-text \" readability=\"40\">\n<p><strong>Mart\u00edn Demichelis<\/strong> lanz\u00f3 una de las listas que m\u00e1s expectativas gener\u00f3 en el a\u00f1o: la del supercl\u00e1sico. Sin muchos lesionados ni sancionados -salvo por Paradela-, la n\u00f3mina casi no tiene sorpresas. La \u00fanica negativa que hubo, que igualmente era esperable, es<strong> la ausencia de Paulo D\u00edaz<\/strong>. Y la positiva, que no era esperable sino esperada por todo el mundo River, es la vuelta de <strong>Mat\u00edas Kranevitter<\/strong>.<\/p>\n<\/div>\n<div class=\"sc-996041c8-0 dnrmTT\"><img alt=\"Demichelis lanz\u00f3 la lista supercl\u00e1sica. (AP)\" src=\"http:\/\/hoycordobaweb.com\/wp-content\/uploads\/2023\/05\/los-concentrados-de-river-para-el-super-sin-paulo-diaz-y-con-la-vuelta-de-kranevitter-2.jpg\" width=\"72\" height=\"10\" decoding=\"async\" data-nimg=\"future\" loading=\"lazy\"><span>Demichelis lanz\u00f3 la lista supercl\u00e1sica. (AP)<\/span><\/div>\n<div class=\"sc-a7166897-0 gOoLzD\" readability=\"6\">\n<section readability=\"2\"><picture><img alt=\"Como su pap\u00e1: el regalo riverplatense que recibi\u00f3 el hijo de Demichelis\" src=\"http:\/\/hoycordobaweb.com\/wp-content\/uploads\/2023\/05\/los-concentrados-de-river-para-el-super-sin-paulo-diaz-y-con-la-vuelta-de-kranevitter-3.jpg\" width=\"29\" height=\"29\" decoding=\"async\" data-nimg=\"future\" loading=\"lazy\"><\/picture>\n<p><span>Mir\u00e1 tambi\u00e9n<\/span><\/p>\n<hr>\n<h3>Como su pap\u00e1: el regalo riverplatense que recibi\u00f3 el hijo de Demichelis<\/h3>\n<\/p>\n<\/section>\n<\/div>\n<div class=\"custom-text \" readability=\"42\">\n<p>Para el duelo con Boca no hab\u00eda muchas dudas. Una de las pocas, sin embargo, era fundamental: <strong>Paulo D\u00edaz,<\/strong> con una distensi\u00f3n en el b\u00edceps femoral de la pierna izquierda, llevaba 13 d\u00edas de recuperaci\u00f3n, m\u00e1s o menos el plazo estimado -es de dos semanas-, y <strong>Demichelis quer\u00eda esperarlo hasta el \u00faltimo momento<\/strong>. Despu\u00e9s de probarlo a fondo en la \u00faltima pr\u00e1ctica, el det\u00e9 lleg\u00f3 a la conclusi\u00f3n de que lo mejor era no arriesgarlo y <strong>decidi\u00f3 dejarlo fuera del S\u00faper<\/strong>.<\/p>\n<\/div>\n<div class=\"sc-a7166897-0 gOoLzD\" readability=\"6\">\n<section readability=\"2\"><picture><img alt=\"River y una visita especial previa al S\u00faper... \u00a1con el Papa!\" src=\"http:\/\/hoycordobaweb.com\/wp-content\/uploads\/2023\/05\/los-concentrados-de-river-para-el-super-sin-paulo-diaz-y-con-la-vuelta-de-kranevitter-4.jpg\" width=\"29\" height=\"29\" decoding=\"async\" data-nimg=\"future\" loading=\"lazy\"><\/picture>\n<p><span>Mir\u00e1 tambi\u00e9n<\/span><\/p>\n<hr>\n<h3>River y una visita especial previa al S\u00faper&#8230; \u00a1con el Papa!<\/h3>\n<\/p>\n<\/section>\n<\/div>\n<div class=\"custom-text \" readability=\"40\">\n<p>Con eso determinado, <strong>el 11 sale casi de memoria<\/strong>. En el arco estar\u00e1 Armani; delante suyo tendr\u00eda a Casco, quien cambi\u00f3 a la banda izquierda entresemana por la ausencia de Enzo D\u00edaz; Gonz\u00e1lez P\u00edrez, Mammana y el Enzo carrilero. En el medio, por lo sucedido en Tucum\u00e1n hace m\u00e1s de una semana,<strong> es donde surgen algunas inc\u00f3gnitas&#8230;<\/strong><\/p>\n<\/div>\n<div class=\"sc-996041c8-0 dnrmTT\"><img alt=\"Paulo D\u00edaz, quien sufri\u00f3 una distensi\u00f3n en el b\u00edceps femoral ante Independiente, no lleg\u00f3 a recuperarse.\n(PRENSA RIVER)\" src=\"http:\/\/hoycordobaweb.com\/wp-content\/uploads\/2023\/05\/los-concentrados-de-river-para-el-super-sin-paulo-diaz-y-con-la-vuelta-de-kranevitter-5.jpg\" width=\"72\" height=\"10\" decoding=\"async\" data-nimg=\"future\" loading=\"lazy\"><span>Paulo D\u00edaz, quien sufri\u00f3 una distensi\u00f3n en el b\u00edceps femoral ante Independiente, no lleg\u00f3 a recuperarse.<br \/>\n(PRENSA RIVER)<\/span><\/div>\n<div class=\"sc-a7166897-0 gOoLzD\" readability=\"7\">\n<section readability=\"4\"><picture><img alt=\"Le dijo que no a Boca, sufri\u00f3 una grav\u00edsima lesi\u00f3n en el \u00faltimo S\u00faper y hoy es clave para River\" src=\"http:\/\/hoycordobaweb.com\/wp-content\/uploads\/2023\/05\/los-concentrados-de-river-para-el-super-sin-paulo-diaz-y-con-la-vuelta-de-kranevitter-6.jpg\" width=\"29\" height=\"29\" decoding=\"async\" data-nimg=\"future\" loading=\"lazy\"><\/picture>\n<p><span>Mir\u00e1 tambi\u00e9n<\/span><\/p>\n<hr>\n<h3>Le dijo que no a Boca, sufri\u00f3 una grav\u00edsima lesi\u00f3n en el \u00faltimo S\u00faper y hoy es clave para River<\/h3>\n<\/p>\n<\/section>\n<\/div>\n<div class=\"custom-text \" readability=\"43\">\n<p>Es que <strong>Jos\u00e9 Paradela, quien ven\u00eda siendo una fija en el armado de Demichelis, fue expulsado<\/strong> y purgar\u00e1 su sanci\u00f3n este domingo. As\u00ed, lo m\u00e1s probable es que se arme un doble cinco con Rodrigo Aliendro y Enzo P\u00e9rez, que el nexo con el nueve lo formen Nacho Fern\u00e1ndez, Barco y <strong>De la Cruz o Solari<\/strong> -depender\u00e1 de la impronta que quiera tomar Micho, si buscar las espaldas de los defensores o apostar a crear desde la tenencia- y arriba, luchando contra los centrales, <strong>a un Lucas Beltr\u00e1n que le viene rindiendo muy bien.<\/strong><\/p>\n<\/div>\n<div class=\"sc-a7166897-0 gOoLzD\" readability=\"6\">\n<section readability=\"2\"><picture><img alt=\"Real Madrid campe\u00f3n de la Copa del Rey\" src=\"http:\/\/hoycordobaweb.com\/wp-content\/uploads\/2023\/05\/los-concentrados-de-river-para-el-super-sin-paulo-diaz-y-con-la-vuelta-de-kranevitter-7.jpg\" width=\"29\" height=\"29\" decoding=\"async\" data-nimg=\"future\" loading=\"lazy\"><\/picture>\n<p><span>Mir\u00e1 tambi\u00e9n<\/span><\/p>\n<hr>\n<h3>Real Madrid campe\u00f3n de la Copa del Rey<\/h3>\n<\/p>\n<\/section>\n<\/div>\n<div class=\"custom-text \" readability=\"45\">\n<p>Fuera de la cancha, porque no ir\u00e1 de arranque y lo m\u00e1s probable es que no ingrese al partido, s\u00ed que habr\u00e1 novedades. <strong>Ah\u00ed estar\u00e1 Kranevitter, quien sufri\u00f3 una fractura de peron\u00e9 con compromiso ligamentario<\/strong> en el primer amistoso del ciclo, un partido lejos de casa con Uni\u00f3n la Calera el 22 de diciembre. Este domingo, sin importar qu\u00e9 le toque, es un hecho que el Colo saldr\u00e1 por el t\u00fanel \u00fanico<strong> por primera vez desde su vuelta al club<\/strong> y bajar\u00e1 un \u00abol\u00e9, ol\u00e9, ol\u00e9, Krane, Krane&#8230;\u00bb de la tribuna.<\/p>\n<\/div>\n<div class=\"sc-a7166897-0 gOoLzD\" readability=\"6\">\n<section readability=\"2\"><picture><img alt=\"El probable 11 de River para el supercl\u00e1sico: \u00bfsorprende Demichelis? \" src=\"http:\/\/hoycordobaweb.com\/wp-content\/uploads\/2023\/05\/los-concentrados-de-river-para-el-super-sin-paulo-diaz-y-con-la-vuelta-de-kranevitter-8.jpg\" width=\"29\" height=\"29\" decoding=\"async\" data-nimg=\"future\" loading=\"lazy\"><\/picture>\n<p><span>Mir\u00e1 tambi\u00e9n<\/span><\/p>\n<hr>\n<h3>El probable 11 de River para el supercl\u00e1sico: \u00bfsorprende Demichelis? <\/h3>\n<\/p>\n<\/section>\n<\/div>\n<div class=\"sc-996041c8-0 dnrmTT\"><img alt=\"Kranevitter ya est\u00e1 100% recuperado de su lesi\u00f3n.\n(Foto: Prensa River)\" src=\"http:\/\/hoycordobaweb.com\/wp-content\/uploads\/2023\/05\/los-concentrados-de-river-para-el-super-sin-paulo-diaz-y-con-la-vuelta-de-kranevitter-9.jpg\" width=\"72\" height=\"10\" decoding=\"async\" data-nimg=\"future\" loading=\"lazy\"><span>Kranevitter ya est\u00e1 100% recuperado de su lesi\u00f3n.<br \/>\n(Foto: Prensa River)<\/span><\/div>\n<p><h2>La lista de concentrados de River para el supercl\u00e1sico<\/h2>\n<\/p>\n<div class=\"custom-text \" readability=\"32\">\n<p><strong>Arqueros:<\/strong> Franco Armani y Ezequiel Centuri\u00f3n.<\/p>\n<\/div>\n<div class=\"custom-text \" readability=\"39\">\n<p><strong>Defensores:<\/strong> Milton Casco, Andr\u00e9s Herrera, Emanuel Mammana, Jonatan Maidana, Enzo D\u00edaz, El\u00edas G\u00f3mez, Robert Rojas y Leandro Gonz\u00e1lez Pirez.<\/p>\n<\/div>\n<div class=\"custom-text \" readability=\"39\">\n<p><strong>Volantes:<\/strong> Enzo P\u00e9rez, Mat\u00edas Kranevitter, Santiago Sim\u00f3n, Agust\u00edn Palavecino, Rodrigo Aliendro, Esequiel Barco, Nicol\u00e1s de la Cruz e Ignacio Fern\u00e1ndez.<\/p>\n<\/div>\n<div class=\"custom-text \" readability=\"35\">\n<p><strong>Delanteros:<\/strong> Lucas Beltr\u00e1n, Pablo Solari, Miguel Borja, Salom\u00f3n Rond\u00f3n y Mat\u00edas Su\u00e1rez.<\/p>\n<\/div>\n<div class=\"sc-a7166897-0 gOoLzD\" readability=\"6\">\n<section readability=\"2\"><picture><img alt=\"El llamativo historial de favoritismo en los \u00faltimos S\u00faper\" src=\"http:\/\/hoycordobaweb.com\/wp-content\/uploads\/2023\/05\/los-concentrados-de-river-para-el-super-sin-paulo-diaz-y-con-la-vuelta-de-kranevitter-10.jpg\" width=\"29\" height=\"29\" decoding=\"async\" data-nimg=\"future\" loading=\"lazy\"><\/picture>\n<p><span>Mir\u00e1 tambi\u00e9n<\/span><\/p>\n<hr>\n<h3>El llamativo historial de favoritismo en los \u00faltimos S\u00faper<\/h3>\n<\/p>\n<\/section>\n<\/div>\n<\/div>\n","protected":false},"excerpt":{"rendered":"<p>06\/05\/2023 19:15hs. Actualizado al 06\/05\/2023 19:44hs. Mart\u00edn Demichelis lanz\u00f3 una de las listas que m\u00e1s expectativas gener\u00f3 en el a\u00f1o: la del supercl\u00e1sico. Sin muchos lesionados ni sancionados -salvo por Paradela-, la n\u00f3mina casi no tiene sorpresas. La \u00fanica negativa que hubo, que igualmente era esperable, es la ausencia de Paulo D\u00edaz. Y la positiva, [&hellip;]<\/p>\n","protected":false},"author":1,"featured_media":59566,"comment_status":"open","ping_status":"closed","sticky":false,"template":"","format":"standard","meta":[],"categories":[16],"tags":[],"_links":{"self":[{"href":"http:\/\/hoycordobaweb.com\/index.php\/wp-json\/wp\/v2\/posts\/59565"}],"collection":[{"href":"http:\/\/hoycordobaweb.com\/index.php\/wp-json\/wp\/v2\/posts"}],"about":[{"href":"http:\/\/hoycordobaweb.com\/index.php\/wp-json\/wp\/v2\/types\/post"}],"author":[{"embeddable":true,"href":"http:\/\/hoycordobaweb.com\/index.php\/wp-json\/wp\/v2\/users\/1"}],"replies":[{"embeddable":true,"href":"http:\/\/hoycordobaweb.com\/index.php\/wp-json\/wp\/v2\/comments?post=59565"}],"version-history":[{"count":0,"href":"http:\/\/hoycordobaweb.com\/index.php\/wp-json\/wp\/v2\/posts\/59565\/revisions"}],"wp:featuredmedia":[{"embeddable":true,"href":"http:\/\/hoycordobaweb.com\/index.php\/wp-json\/wp\/v2\/media\/59566"}],"wp:attachment":[{"href":"http:\/\/hoycordobaweb.com\/index.php\/wp-json\/wp\/v2\/media?parent=59565"}],"wp:term":[{"taxonomy":"category","embeddable":true,"href":"http:\/\/hoycordobaweb.com\/index.php\/wp-json\/wp\/v2\/categories?post=59565"},{"taxonomy":"post_tag","embeddable":true,"href":"http:\/\/hoycordobaweb.com\/index.php\/wp-json\/wp\/v2\/tags?post=59565"}],"curies":[{"name":"wp","href":"https:\/\/api.w.org\/{rel}","templated":true}]}}