{"id":59502,"date":"2023-05-05T14:44:29","date_gmt":"2023-05-05T14:44:29","guid":{"rendered":"https:\/\/ladecimaweb.com\/?p=16649"},"modified":"2023-05-05T14:44:29","modified_gmt":"2023-05-05T14:44:29","slug":"el-tsj-confirmo-que-la-ucr-ya-no-dispone-de-tiempo-para-celebrar-elecciones-internas","status":"publish","type":"post","link":"http:\/\/hoycordobaweb.com\/index.php\/2023\/05\/05\/el-tsj-confirmo-que-la-ucr-ya-no-dispone-de-tiempo-para-celebrar-elecciones-internas\/","title":{"rendered":"El TSJ confirm\u00f3 que la UCR ya no dispone de tiempo para celebrar elecciones internas"},"content":{"rendered":"<div class=\"boldgrid-section\">\n<div class=\"container\">\n<div class=\"row\">\n<div class=\"col-md-12 col-xs-12 col-sm-12\">\n<div>El Tribunal Superior de Justicia (TSJ) declar\u00f3 inadmisible el recurso de casaci\u00f3n planteado por la \u201cL\u00ednea C\u00f3rdoba\u201d de la Uni\u00f3n C\u00edvica Radical (UCR). Como consecuencia, confirm\u00f3 la decisi\u00f3n del Juzgado Electoral provincial, que hab\u00eda rechazado el pedido formulado para que la UCR eligiera mediante elecciones internas los candidatos que la representar\u00e1n en los comicios provinciales previstos para el 25 de junio pr\u00f3ximo.&nbsp;<\/div>\n<div><\/div>\n<div>Los vocales recordaron que el argumento principal del juzgado hab\u00eda sido que, teniendo en cuenta el cronograma electoral provincial vigente, se hab\u00eda vuelto materialmente imposible la celebraci\u00f3n -en paralelo- de comicios internos en la UCR. En efecto, el pr\u00f3ximo s\u00e1bado 6 del mes en curso vence el plazo para la presentaci\u00f3n de las listas de postulantes para la renovaci\u00f3n de cargos provinciales (gobernador y vicegobernador, legisladores y miembros del Tribunal de Cuentas).&nbsp; &nbsp;<\/div>\n<div><\/div>\n<div>Asimismo, el TSJ manifest\u00f3 que los recurrentes no pod\u00edan responsabilizar a la Justicia. \u201cEl problema no es de los \u00f3rganos jurisdiccionales, sino de la tard\u00eda reacci\u00f3n de quienes, por su falta de actuaci\u00f3n interna oportuna (dentro de los mecanismos estatutarios propios de la UCR), han consolidado lo que ahora exteriorizan como un agravio: la falta del tiempo necesario para cumplir con un verdadero, transparente y leg\u00edtimo proceso electoral\u201d, se destac\u00f3.&nbsp;<\/div>\n<div><\/div>\n<div>En la misma l\u00ednea, en la resoluci\u00f3n se tuvo en cuenta lo siguiente. En ninguna de sus presentaciones -dentro de los carriles partidarios-, los dirigentes hab\u00edan solicitado o hab\u00edan instado a la celebraci\u00f3n de internas con miras a que, por esa v\u00eda, se definieran las candidaturas a los cargos electivos que estar\u00e1n en juego, en junio.&nbsp;<\/div>\n<div><\/div>\n<div><b>La participaci\u00f3n no se logra autom\u00e1ticamente<\/b><\/div>\n<div><\/div>\n<div>Los magistrados subrayaron que, como lo establece la Constituci\u00f3n provincial, \u201clos partidos son instituciones fundamentales\u201d y \u201ccontribuyen a la formaci\u00f3n de la voluntad pol\u00edtica del pueblo\u201d. Pero todo el entramado que ellos representan \u201cno funciona autom\u00e1ticamente, sino que depende de los propios afiliados y dirigentes, que tienen la responsabilidad insoslayable de motorizar y dinamizar internamente todo lo necesario -por los canales, formas y medios oportunos- para que las respectivas fuerzas pol\u00edticas sean, a su vez, lo m\u00e1s democr\u00e1ticas, participativas y pluralistas posibles\u201d.<\/div>\n<div><\/div>\n<div>Por \u00faltimo, los vocales tambi\u00e9n se\u00f1alaron que resultaba contradictorio que los recurrentes, que proclaman movilizarse en pos del principio de la m\u00e1xima participaci\u00f3n, fueran los mismos que propugnaran que la UCR no deb\u00eda intervenir en los comicios provinciales por no haber podido celebrar elecciones internas.&nbsp;<\/div>\n<div><\/div>\n<div>En ese sentido, los magistrados fueron terminantes: \u201cPor su car\u00e1cter estrictamente pol\u00edtico, el referido argumento no tiene relevancia jur\u00eddica para la resoluci\u00f3n del presente recurso. Si la tuviera, en los hechos, significar\u00eda pretender que a la UCR se le aplicara una suerte de penalidad, no prevista por el r\u00e9gimen jur\u00eddico de partidos pol\u00edticos vigente en nuestra provincia, por no haber seleccionado sus candidatos -para las elecciones del 25 de junio- por medio de comicios internos.&nbsp;&nbsp;<\/div>\n<div><\/div>\n<div>De acuerdo con la resoluci\u00f3n, el argumento solo \u201cpone al descubierto, por una parte, las divergencias pol\u00edticas entre una l\u00ednea interna con la adoptada por el partido -o por las autoridades de este- para la definici\u00f3n de sus postulantes con miras a los comicios provinciales\u201d. Y, por la otra, \u201clo m\u00e1s importante: la falta de activaci\u00f3n oportuna, por parte de la primera l\u00ednea, de los mecanismos necesarios (incluidos los jurisdiccionales) con el fin de demandar la celebraci\u00f3n en tiempo y forma de elecciones internas, de manera de determinar por esa v\u00eda los candidatos de la UCR\u201d.<\/div>\n<div><\/div>\n<\/div>\n<div>\n<div class=\"ubm_banner\"><a href=\"https:\/\/www.cba.gov.ar\/internet-estudiantil\/\" target=\"_blank\" rel=\"dofollow noopener noreferrer\"><img src=\"http:\/\/hoycordobaweb.com\/wp-content\/uploads\/2023\/05\/el-tsj-confirmo-que-la-ucr-ya-no-dispone-de-tiempo-para-celebrar-elecciones-internas.gif\" alt=\"\"><\/a><\/div>\n<\/div>\n<\/div>\n<\/div>\n<\/div>\n<p>La entrada <a rel=\"nofollow\" href=\"https:\/\/ladecimaweb.com\/el-tsj-confirmo-que-la-ucr-ya-no-dispone-de-tiempo-para-celebrar-elecciones-internas\/\">El TSJ confirm\u00f3 que la UCR ya no dispone de tiempo para celebrar elecciones internas<\/a> se public\u00f3 primero en <a rel=\"nofollow\" href=\"https:\/\/ladecimaweb.com\">LaDecima<\/a>.<\/p>\n","protected":false},"excerpt":{"rendered":"<p>El Tribunal Superior de Justicia (TSJ) declar\u00f3 inadmisible el recurso de casaci\u00f3n planteado por la \u201cL\u00ednea C\u00f3rdoba\u201d de la Uni\u00f3n C\u00edvica Radical (UCR). Como consecuencia, confirm\u00f3 la decisi\u00f3n del Juzgado Electoral provincial, que hab\u00eda rechazado el pedido formulado para que la UCR eligiera mediante elecciones internas los candidatos que la representar\u00e1n en los comicios provinciales [&hellip;]<\/p>\n","protected":false},"author":1,"featured_media":59503,"comment_status":"closed","ping_status":"closed","sticky":false,"template":"","format":"standard","meta":[],"categories":[19],"tags":[],"_links":{"self":[{"href":"http:\/\/hoycordobaweb.com\/index.php\/wp-json\/wp\/v2\/posts\/59502"}],"collection":[{"href":"http:\/\/hoycordobaweb.com\/index.php\/wp-json\/wp\/v2\/posts"}],"about":[{"href":"http:\/\/hoycordobaweb.com\/index.php\/wp-json\/wp\/v2\/types\/post"}],"author":[{"embeddable":true,"href":"http:\/\/hoycordobaweb.com\/index.php\/wp-json\/wp\/v2\/users\/1"}],"replies":[{"embeddable":true,"href":"http:\/\/hoycordobaweb.com\/index.php\/wp-json\/wp\/v2\/comments?post=59502"}],"version-history":[{"count":0,"href":"http:\/\/hoycordobaweb.com\/index.php\/wp-json\/wp\/v2\/posts\/59502\/revisions"}],"wp:featuredmedia":[{"embeddable":true,"href":"http:\/\/hoycordobaweb.com\/index.php\/wp-json\/wp\/v2\/media\/59503"}],"wp:attachment":[{"href":"http:\/\/hoycordobaweb.com\/index.php\/wp-json\/wp\/v2\/media?parent=59502"}],"wp:term":[{"taxonomy":"category","embeddable":true,"href":"http:\/\/hoycordobaweb.com\/index.php\/wp-json\/wp\/v2\/categories?post=59502"},{"taxonomy":"post_tag","embeddable":true,"href":"http:\/\/hoycordobaweb.com\/index.php\/wp-json\/wp\/v2\/tags?post=59502"}],"curies":[{"name":"wp","href":"https:\/\/api.w.org\/{rel}","templated":true}]}}