{"id":59457,"date":"2023-05-04T22:38:24","date_gmt":"2023-05-04T22:38:24","guid":{"rendered":"https:\/\/www.ole.com.ar\/futbol-internacional\/libertadores\/gol-patronato-esquivel-libertadores_0_CZs1MQY7k6.html"},"modified":"2023-05-04T22:38:24","modified_gmt":"2023-05-04T22:38:24","slug":"video-el-historico-primer-gol-de-patronato-en-su-cancha-por-libertadores","status":"publish","type":"post","link":"http:\/\/hoycordobaweb.com\/index.php\/2023\/05\/04\/video-el-historico-primer-gol-de-patronato-en-su-cancha-por-libertadores\/","title":{"rendered":"Video: el hist\u00f3rico primer gol de Patronato en su cancha por Libertadores"},"content":{"rendered":"<p><img src=\"http:\/\/hoycordobaweb.com\/wp-content\/uploads\/2023\/05\/video-el-historico-primer-gol-de-patronato-en-su-cancha-por-libertadores.jpg\"><\/p>\n<div><img src=\"http:\/\/hoycordobaweb.com\/wp-content\/uploads\/2023\/05\/video-el-historico-primer-gol-de-patronato-en-su-cancha-por-libertadores.jpg\" class=\"ff-og-image-inserted\"><\/div>\n<p>Claro, fue el primero de Patronato en el Grella a nivel internacional. Sucedi\u00f3 muy r\u00e1pido: iban 4 minutos de la primera parte cuando<strong> Esquivel anticip\u00f3 una pelota en su propio campo y arranc\u00f3 una corrida espectacular para pasar a tres rivales (arquero incluido) y definir dentro del \u00e1rea peruana para el 1-0 parcial. <\/strong>Desde luego, desat\u00f3 un delirio en los hinchas. Golazo. <\/p>\n","protected":false},"excerpt":{"rendered":"<p>Claro, fue el primero de Patronato en el Grella a nivel internacional. Sucedi\u00f3 muy r\u00e1pido: iban 4 minutos de la primera parte cuando Esquivel anticip\u00f3 una pelota en su propio campo y arranc\u00f3 una corrida espectacular para pasar a tres rivales (arquero incluido) y definir dentro del \u00e1rea peruana para el 1-0 parcial. Desde luego, [&hellip;]<\/p>\n","protected":false},"author":1,"featured_media":59458,"comment_status":"open","ping_status":"closed","sticky":false,"template":"","format":"standard","meta":[],"categories":[16],"tags":[],"_links":{"self":[{"href":"http:\/\/hoycordobaweb.com\/index.php\/wp-json\/wp\/v2\/posts\/59457"}],"collection":[{"href":"http:\/\/hoycordobaweb.com\/index.php\/wp-json\/wp\/v2\/posts"}],"about":[{"href":"http:\/\/hoycordobaweb.com\/index.php\/wp-json\/wp\/v2\/types\/post"}],"author":[{"embeddable":true,"href":"http:\/\/hoycordobaweb.com\/index.php\/wp-json\/wp\/v2\/users\/1"}],"replies":[{"embeddable":true,"href":"http:\/\/hoycordobaweb.com\/index.php\/wp-json\/wp\/v2\/comments?post=59457"}],"version-history":[{"count":0,"href":"http:\/\/hoycordobaweb.com\/index.php\/wp-json\/wp\/v2\/posts\/59457\/revisions"}],"wp:featuredmedia":[{"embeddable":true,"href":"http:\/\/hoycordobaweb.com\/index.php\/wp-json\/wp\/v2\/media\/59458"}],"wp:attachment":[{"href":"http:\/\/hoycordobaweb.com\/index.php\/wp-json\/wp\/v2\/media?parent=59457"}],"wp:term":[{"taxonomy":"category","embeddable":true,"href":"http:\/\/hoycordobaweb.com\/index.php\/wp-json\/wp\/v2\/categories?post=59457"},{"taxonomy":"post_tag","embeddable":true,"href":"http:\/\/hoycordobaweb.com\/index.php\/wp-json\/wp\/v2\/tags?post=59457"}],"curies":[{"name":"wp","href":"https:\/\/api.w.org\/{rel}","templated":true}]}}