{"id":59449,"date":"2023-05-04T21:28:02","date_gmt":"2023-05-04T21:28:02","guid":{"rendered":"https:\/\/ladecimaweb.com\/?p=16641"},"modified":"2023-05-04T21:28:02","modified_gmt":"2023-05-04T21:28:02","slug":"ipem-311-desde-el-19-de-abril-perdiendo-dias-de-clase","status":"publish","type":"post","link":"http:\/\/hoycordobaweb.com\/index.php\/2023\/05\/04\/ipem-311-desde-el-19-de-abril-perdiendo-dias-de-clase\/","title":{"rendered":"Ipem 311: desde el 19 de abril perdiendo d\u00edas de clase"},"content":{"rendered":"<div class=\"boldgrid-section\">\n<div class=\"container\">\n<div class=\"row\">\n<div class=\"col-md-12 col-xs-12 col-sm-12\">\n<p class=\"\">En el Ipem 311 Pablo Gait\u00e1n, en barrio Santa Isabel II Secci\u00f3n, los alumnos pierden d\u00edas de clase por reclamos edilicios irresueltos.<\/p>\n<p>Cronicamos ayer que la escuela Vicente Forestieri, en Villa El Libertador, est\u00e1 tomada en forma pac\u00edfica por los padres de los alumnos por reclamos de problemas de infraestructura en el lugar. Pero en el Ipem 311 est\u00e1n as\u00ed desde el 19 de abril, d\u00eda en que se robaron la bomba sumergible del sistema de tratamiento de l\u00edquidos cloacales y a\u00fan no fue repuesta.&nbsp;<\/p>\n<p class=\"\">Adem\u00e1s del Ipem, el problema afecta a dos instituciones contiguas: el jard\u00edn de infantes Pablo Neruda y la escuela provincial Jorge Osvaldo Le\u00f3n. Aunque estas dos \u00faltimas instituciones pueden funcionar porque a diario un cami\u00f3n desagota los l\u00edquidos de las c\u00e1maras. En el Ipem esto es imposible porque la instituci\u00f3n funciona desde la ma\u00f1ana hasta la noche.&nbsp;<\/p>\n<p class=\"\">&#8220;Las tres instituciones funcionan con la misma bomba&#8221;, comenta Jimena Acosta, mam\u00e1 de una alumna del Ipem. &#8220;Desde el 19 de abril que empezamos con el problema todav\u00eda no tenemos novedad de nada&#8221;.&nbsp;<\/p>\n<p class=\"\"><img loading=\"lazy\" class=\"alignnone wp-image-16644\" src=\"http:\/\/hoycordobaweb.com\/wp-content\/uploads\/2023\/05\/ipem-311-desde-el-19-de-abril-perdiendo-dias-de-clase.jpg\" alt=\"\" width=\"550\" height=\"310\" srcset=\"http:\/\/hoycordobaweb.com\/wp-content\/uploads\/2023\/05\/ipem-311-desde-el-19-de-abril-perdiendo-dias-de-clase.jpg 1600w, http:\/\/hoycordobaweb.com\/wp-content\/uploads\/2023\/05\/ipem-311-desde-el-19-de-abril-perdiendo-dias-de-clase-1.jpg 788w, http:\/\/hoycordobaweb.com\/wp-content\/uploads\/2023\/05\/ipem-311-desde-el-19-de-abril-perdiendo-dias-de-clase-2.jpg 768w, http:\/\/hoycordobaweb.com\/wp-content\/uploads\/2023\/05\/ipem-311-desde-el-19-de-abril-perdiendo-dias-de-clase-3.jpg 1536w\" sizes=\"(max-width: 550px) 100vw, 550px\" \/><\/p>\n<p class=\"\">&#8220;M\u00e1s de diez d\u00edas sin clases&#8221;, llevan los chicos, seg\u00fan esta mam\u00e1.&nbsp;<\/p>\n<p class=\"\">El problema evidencia, adem\u00e1s, la falta de coordinaci\u00f3n entre las direcciones de las tres instituciones para reclamar en forma conjunta.&nbsp;<\/p>\n<p class=\"\">&#8220;Queremos juntar a las tres instituciones para pechar todos juntos y obtener una soluci\u00f3n&#8221;, dice la mam\u00e1. El centro vecinal de Santa Isabel II apoya el reclamo de los pocos padres que se juntaron para exigir una soluci\u00f3n a las autoridades.&nbsp;<\/p>\n<p class=\"\">&#8220;Lo que pasa es que el colegio con el cami\u00f3n atmosf\u00e9rico desagotan y tienen clases, pero en la secundaria no podes porque funciona de la ma\u00f1ana a la noche&#8221;, dice Jimena. Adem\u00e1s del turno ma\u00f1ana y tarde, en el Ipem funciona un programa de terminalidad educativa y un Cenma.&nbsp;<\/p>\n<p>&#8220;Los chicos salen con dolor de cabeza y de los ojos por el olor&#8221;, describe Acosta.&nbsp;<\/p>\n<p class=\"\">\n<div class=\"ubm_banner\"><a href=\"https:\/\/www.cba.gov.ar\/internet-estudiantil\/\" target=\"_blank\" rel=\"dofollow noopener noreferrer\"><img src=\"http:\/\/hoycordobaweb.com\/wp-content\/uploads\/2023\/05\/ipem-311-desde-el-19-de-abril-perdiendo-dias-de-clase.gif\" alt=\"\"><\/a><\/div>\n<\/div>\n<\/div>\n<\/div>\n<\/div>\n<p>La entrada <a rel=\"nofollow\" href=\"https:\/\/ladecimaweb.com\/ipem-311-desde-el-19-de-abril-perdiendo-dias-de-clase\/\">Ipem 311: desde el 19 de abril perdiendo d\u00edas de clase<\/a> se public\u00f3 primero en <a rel=\"nofollow\" href=\"https:\/\/ladecimaweb.com\">LaDecima<\/a>.<\/p>\n","protected":false},"excerpt":{"rendered":"<p>En el Ipem 311 Pablo Gait\u00e1n, en barrio Santa Isabel II Secci\u00f3n, los alumnos pierden d\u00edas de clase por reclamos edilicios irresueltos. Cronicamos ayer que la escuela Vicente Forestieri, en Villa El Libertador, est\u00e1 tomada en forma pac\u00edfica por los padres de los alumnos por reclamos de problemas de infraestructura en el lugar. Pero en [&hellip;]<\/p>\n","protected":false},"author":1,"featured_media":59450,"comment_status":"closed","ping_status":"closed","sticky":false,"template":"","format":"standard","meta":[],"categories":[19],"tags":[],"_links":{"self":[{"href":"http:\/\/hoycordobaweb.com\/index.php\/wp-json\/wp\/v2\/posts\/59449"}],"collection":[{"href":"http:\/\/hoycordobaweb.com\/index.php\/wp-json\/wp\/v2\/posts"}],"about":[{"href":"http:\/\/hoycordobaweb.com\/index.php\/wp-json\/wp\/v2\/types\/post"}],"author":[{"embeddable":true,"href":"http:\/\/hoycordobaweb.com\/index.php\/wp-json\/wp\/v2\/users\/1"}],"replies":[{"embeddable":true,"href":"http:\/\/hoycordobaweb.com\/index.php\/wp-json\/wp\/v2\/comments?post=59449"}],"version-history":[{"count":0,"href":"http:\/\/hoycordobaweb.com\/index.php\/wp-json\/wp\/v2\/posts\/59449\/revisions"}],"wp:featuredmedia":[{"embeddable":true,"href":"http:\/\/hoycordobaweb.com\/index.php\/wp-json\/wp\/v2\/media\/59450"}],"wp:attachment":[{"href":"http:\/\/hoycordobaweb.com\/index.php\/wp-json\/wp\/v2\/media?parent=59449"}],"wp:term":[{"taxonomy":"category","embeddable":true,"href":"http:\/\/hoycordobaweb.com\/index.php\/wp-json\/wp\/v2\/categories?post=59449"},{"taxonomy":"post_tag","embeddable":true,"href":"http:\/\/hoycordobaweb.com\/index.php\/wp-json\/wp\/v2\/tags?post=59449"}],"curies":[{"name":"wp","href":"https:\/\/api.w.org\/{rel}","templated":true}]}}