{"id":59426,"date":"2023-05-04T01:20:00","date_gmt":"2023-05-04T01:20:00","guid":{"rendered":"http:\/\/hoycordobaweb.com\/index.php\/2023\/05\/04\/fuerte-cuestionamiento-a-que-el-fuero-anticorrupcion-investigue-a-funcionarios\/"},"modified":"2023-05-04T01:20:00","modified_gmt":"2023-05-04T01:20:00","slug":"fuerte-cuestionamiento-a-que-el-fuero-anticorrupcion-investigue-a-funcionarios","status":"publish","type":"post","link":"http:\/\/hoycordobaweb.com\/index.php\/2023\/05\/04\/fuerte-cuestionamiento-a-que-el-fuero-anticorrupcion-investigue-a-funcionarios\/","title":{"rendered":"Fuerte cuestionamiento a que el Fuero Anticorrupci\u00f3n investigue a funcionarios"},"content":{"rendered":"<p><img src=\"http:\/\/hoycordobaweb.com\/wp-content\/uploads\/2023\/05\/fuerte-cuestionamiento-a-que-el-fuero-anticorrupcion-investigue-a-funcionarios.jpg\"><\/p>\n<figure class=\"mb-3\"><img loading=\"lazy\" data-src=\"http:\/\/hoycordobaweb.com\/wp-content\/uploads\/2023\/05\/fuerte-cuestionamiento-a-que-el-fuero-anticorrupcion-investigue-a-funcionarios-2.jpg\" src=\"https:\/\/www.telam.com.ar\/assets\/img\/not_image.png\" class=\" lazy \" width=\"100%\" height=\"100%\" alt=\"Laciar El poder poltico entreg a la tropa policial y quiere la impunidad para los autores intelectuales del encubrimiento Foto Irma Montiel\"><figcaption> Laciar: \u00abEl poder pol\u00edtico entreg\u00f3 a la tropa policial y quiere la impunidad para los autores intelectuales del encubrimiento\u201d \/ Foto: Irma Montiel <\/figcaption><\/figure>\n<p>La madre de <strong>Blas Correas<\/strong>, el adolescente asesinado durante un control policial en agosto de 2020 en la ciudad de C\u00f3rdoba y por el cual 11 efectivos fueron condenados en marzo \u00faltimo, <strong>critic\u00f3 fuertemente la decisi\u00f3n de un fiscal de derivar la investigaci\u00f3n de funcionarios pol\u00edticos vinculados al caso al Fuero Anticorrupci\u00f3n, y se manifest\u00f3 \u00abtriste y decepcionada\u00bb.<\/strong><\/p>\n<p>Se trata de <strong>Soledad Laciar<\/strong>, madre del joven asesinado en el marco de un caso de violencia institucional, quien cuestion\u00f3 al fiscal de instrucci\u00f3n Jos\u00e9 Mana por derivar las actuaciones al Fuero Anticorrupci\u00f3n por tratarse de funcionarios pol\u00edticos los sospechados.<\/p>\n<p><strong>\u201cMe siento muy triste, indignada y defraudada porque lo que se est\u00e1 buscando es la impunidad de los responsables pol\u00edticos del encubrimiento\u201d,<\/strong> manifest\u00f3 a T\u00e9lam Laciar tras la decisi\u00f3n del fiscal Mana, quien hab\u00eda sido designado para ser el investigador de la segunda etapa del \u00abCaso Correas\u00bb.<\/p>\n<p><strong>\u201cEn m\u00e1s de 20 a\u00f1os ese fuero no investig\u00f3 ni conden\u00f3 un solo caso de corrupci\u00f3n, por el contrario, fue creado para proteger a los funcionarios y pol\u00edticos\u201d<\/strong>, asever\u00f3 la madre del chico de 17 a\u00f1os asesinado de un balazo en un control policial cuando se movilizaba en un autom\u00f3vil con cuatro amigos, hecho que ocurri\u00f3 en la madrugada del 6 de agosto de 2020 en la capital local.<\/p>\n<p>Durante un juicio, que hab\u00eda comenzado el 7 de setiembre de 2022 y concluido el 31 de marzo de este a\u00f1o, un jurado popular declar\u00f3 culpables a 11 de los 13 polic\u00edas que, con distintas responsabilidades, fueron acusados durante el proceso, entre ellos los cabos primero Lucas G\u00f3mez (37) y Javier Alarc\u00f3n (35).<\/p>\n<p>Tanto G\u00f3mez como Alarc\u00f3n recibieron la pena de \u00abprisi\u00f3n perpetua\u00bb por ser quienes efectuaron los disparos contra el veh\u00edculo en el que circulaba el grupo de amigos y uno de los proyectiles caus\u00f3 la muerte de Blas.<\/p>\n<p><strong>En el fallo tambi\u00e9n qued\u00f3 probado que la conducta policial se enmarco delito de \u201cviolencia institucional\u201d<\/strong>.<\/p>\n<p>Los jueces de la C\u00e1mara 8va. del Crimen decidieron, adem\u00e1s, remitir los antecedentes a la Fiscal\u00eda de Instrucci\u00f3n para que se inicie investigaci\u00f3n penal contra funcionarios que estaban a cargo de distintas \u00e1reas de seguridad al momento del hecho.<\/p>\n<p>Tal el caso de quien fuera ministro de Seguridad <strong>Alfonso Mosquera<\/strong>; el secretario de Seguridad Sebasti\u00e1n Mezzano; la actual jefa de la Polic\u00eda provincial <strong>Liliana Rita Z\u00e1rate Belletti<\/strong>; y el jefe zonal sur de la polic\u00eda, comisario <strong>Gonzalo Cumplido<\/strong>, entre otros.<\/p>\n<p>A ellos se les adjudican presuntos delitos de \u00abomisi\u00f3n a los deberes de funcionario p\u00fablico y encubrimiento por omisi\u00f3n de denuncia agravado por la calidad funcional, por la gravedad del hecho precedente y por haber sido cometido en ejercicio de sus funciones\u00bb.<\/p>\n<p><strong>\u201cNecesito conocer toda la verdad, no solo una parte. El poder pol\u00edtico entreg\u00f3 a la tropa policial y quiere la impunidad para los autores intelectuales del encubrimiento\u201d<\/strong>, consider\u00f3 Laciar, ante la decisi\u00f3n de poner en manos del Fuero Anticorrupci\u00f3n la <strong>\u201cinvestigaci\u00f3n clave para develar a los responsables pol\u00edticos\u201d<\/strong> de las maniobras que pretendieron encubrir el crimen de su hijo.<\/p>\n<p>En el debate oral y p\u00fablico<strong> \u201cqued\u00f3 totalmente probado que hubo violencia institucional, es decir, que a Blas lo mat\u00f3 el Estado, por lo tanto desde la justicia del mismo Estado tiene que haber voluntad de cambio para que esto no vuelva a ocurrir. Si hay impunidad nada va a cambiar\u201d,<\/strong> reproch\u00f3 la mujer.<\/p>\n<p>Asimismo dijo que la maniobra judicial tiene que ver con el contexto pol\u00edtico electoral: <strong>\u201cQuieren esconder el caso en un caj\u00f3n del escritorio del Fueron Anticorrupci\u00f3n\u201d<\/strong>, dijo la madre de la v\u00edctima.<\/p>\n<p>\u00abEste acto de injusticia me anima m\u00e1s que nunca a seguir luchando. No me van a detener\u201d, remarc\u00f3. <\/p>\n","protected":false},"excerpt":{"rendered":"<p>Laciar: \u00abEl poder pol\u00edtico entreg\u00f3 a la tropa policial y quiere la impunidad para los autores intelectuales del encubrimiento\u201d \/ Foto: Irma Montiel La madre de Blas Correas, el adolescente asesinado durante un control policial en agosto de 2020 en la ciudad de C\u00f3rdoba y por el cual 11 efectivos fueron condenados en marzo \u00faltimo, [&hellip;]<\/p>\n","protected":false},"author":1,"featured_media":59427,"comment_status":"open","ping_status":"closed","sticky":false,"template":"","format":"standard","meta":[],"categories":[19],"tags":[],"_links":{"self":[{"href":"http:\/\/hoycordobaweb.com\/index.php\/wp-json\/wp\/v2\/posts\/59426"}],"collection":[{"href":"http:\/\/hoycordobaweb.com\/index.php\/wp-json\/wp\/v2\/posts"}],"about":[{"href":"http:\/\/hoycordobaweb.com\/index.php\/wp-json\/wp\/v2\/types\/post"}],"author":[{"embeddable":true,"href":"http:\/\/hoycordobaweb.com\/index.php\/wp-json\/wp\/v2\/users\/1"}],"replies":[{"embeddable":true,"href":"http:\/\/hoycordobaweb.com\/index.php\/wp-json\/wp\/v2\/comments?post=59426"}],"version-history":[{"count":0,"href":"http:\/\/hoycordobaweb.com\/index.php\/wp-json\/wp\/v2\/posts\/59426\/revisions"}],"wp:featuredmedia":[{"embeddable":true,"href":"http:\/\/hoycordobaweb.com\/index.php\/wp-json\/wp\/v2\/media\/59427"}],"wp:attachment":[{"href":"http:\/\/hoycordobaweb.com\/index.php\/wp-json\/wp\/v2\/media?parent=59426"}],"wp:term":[{"taxonomy":"category","embeddable":true,"href":"http:\/\/hoycordobaweb.com\/index.php\/wp-json\/wp\/v2\/categories?post=59426"},{"taxonomy":"post_tag","embeddable":true,"href":"http:\/\/hoycordobaweb.com\/index.php\/wp-json\/wp\/v2\/tags?post=59426"}],"curies":[{"name":"wp","href":"https:\/\/api.w.org\/{rel}","templated":true}]}}