{"id":59424,"date":"2023-05-03T20:28:26","date_gmt":"2023-05-03T20:28:26","guid":{"rendered":"https:\/\/www.trendencias.com\/marcas\/estas-14-novedades-mercadona-mayo-que-no-vamos-a-andar-sino-a-correr-al-supermercado"},"modified":"2023-05-03T20:28:26","modified_gmt":"2023-05-03T20:28:26","slug":"estas-son-las-14-novedades-de-mercadona-en-mayo-por-las-que-no-vamos-a-andar-sino-a-correr-al-supermercado","status":"publish","type":"post","link":"http:\/\/hoycordobaweb.com\/index.php\/2023\/05\/03\/estas-son-las-14-novedades-de-mercadona-en-mayo-por-las-que-no-vamos-a-andar-sino-a-correr-al-supermercado\/","title":{"rendered":"Estas son las 14 novedades de Mercadona en mayo por las que no vamos a andar sino a correr al supermercado"},"content":{"rendered":"<p>Con 1.633 tiendas repartidas por toda Espa\u00f1a, Mercadona es el supermercado preferido de muchos compradores a lo largo y ancho del pa\u00eds, que depositan su confianza en esta gran superficie a la hora de abastecer sus despensas y frigor\u00edficos. Y no solo eso sino que<strong> los hay que esperan con impaciencia las nuevas propuestas y productos mejorados que llegan constantemente a sus estanter\u00edas<\/strong>. Estas son las novedades que podremos encontrar en mayo.<\/p>\n<p><!-- BREAK 1 --><\/p>\n<div class=\"article-asset article-asset-normal article-asset-center\">\n<div class=\"desvio-container\">\n<div class=\"desvio\">\n<div class=\"desvio-figure js-desvio-figure\"> <a href=\"https:\/\/www.trendencias.com\/propuestas-y-consejos\/muy-rapido-solo-agua-asi-bien-han-quedado-mis-zapatillas-blancas-despues-limpiarlas-borrador-magico-mercadona\"> <img alt=\"&quot;Muy r\u00e1pido y solo con agua&quot;: as\u00ed de bien han quedado mis zapatillas blancas despu\u00e9s de limpiarlas con el borrador m\u00e1gico de Mercadona\" src=\"http:\/\/hoycordobaweb.com\/wp-content\/uploads\/2023\/05\/estas-son-las-14-novedades-de-mercadona-en-mayo-por-las-que-no-vamos-a-andar-sino-a-correr-al-supermercado.jpg\"> <\/a> <\/div><\/div><\/div>\n<\/div>\n<div class=\"article-asset-image article-asset-small article-asset-center\">\n<div class=\"asset-content\">\n<div class=\"base-wrapper-image\"> <img class=\"sf-lazy centro_sinmarco\" data-sf-srcset=\"http:\/\/hoycordobaweb.com\/wp-content\/uploads\/2023\/05\/estas-son-las-14-novedades-de-mercadona-en-mayo-por-las-que-no-vamos-a-andar-sino-a-correr-al-supermercado-1.jpg 450w, http:\/\/hoycordobaweb.com\/wp-content\/uploads\/2023\/05\/estas-son-las-14-novedades-de-mercadona-en-mayo-por-las-que-no-vamos-a-andar-sino-a-correr-al-supermercado-16.jpg 681w,http:\/\/hoycordobaweb.com\/wp-content\/uploads\/2023\/05\/estas-son-las-14-novedades-de-mercadona-en-mayo-por-las-que-no-vamos-a-andar-sino-a-correr-al-supermercado-17.jpg 1024w, http:\/\/hoycordobaweb.com\/wp-content\/uploads\/2023\/05\/estas-son-las-14-novedades-de-mercadona-en-mayo-por-las-que-no-vamos-a-andar-sino-a-correr-al-supermercado-18.jpg 1366w,\" data-sf-src=\"http:\/\/hoycordobaweb.com\/wp-content\/uploads\/2023\/05\/estas-son-las-14-novedades-de-mercadona-en-mayo-por-las-que-no-vamos-a-andar-sino-a-correr-al-supermercado-1.jpg\" alt=\"galletas con canela\"> <noscript><img alt=\"galletas con canela\" class=\"centro_sinmarco\" src=\"http:\/\/hoycordobaweb.com\/wp-content\/uploads\/2023\/05\/estas-son-las-14-novedades-de-mercadona-en-mayo-por-las-que-no-vamos-a-andar-sino-a-correr-al-supermercado-1.jpg\"><\/noscript> <\/div><\/div>\n<\/div>\n<p><strong>Galletas con canela Hacendado<\/strong>: Paquete de 500 gramos a 2,30 \u20ac la unidad (4,60 \u20ac\/kg).<\/p>\n<p><!-- BREAK 2 --> <\/p>\n<div class=\"article-asset-image article-asset-small article-asset-center\">\n<div class=\"asset-content\">\n<div class=\"base-wrapper-image\"> <img class=\"sf-lazy centro_sinmarco\" data-sf-srcset=\"http:\/\/hoycordobaweb.com\/wp-content\/uploads\/2023\/05\/estas-son-las-14-novedades-de-mercadona-en-mayo-por-las-que-no-vamos-a-andar-sino-a-correr-al-supermercado-2.jpg 450w, http:\/\/hoycordobaweb.com\/wp-content\/uploads\/2023\/05\/estas-son-las-14-novedades-de-mercadona-en-mayo-por-las-que-no-vamos-a-andar-sino-a-correr-al-supermercado-19.jpg 681w,http:\/\/hoycordobaweb.com\/wp-content\/uploads\/2023\/05\/estas-son-las-14-novedades-de-mercadona-en-mayo-por-las-que-no-vamos-a-andar-sino-a-correr-al-supermercado-20.jpg 1024w, http:\/\/hoycordobaweb.com\/wp-content\/uploads\/2023\/05\/estas-son-las-14-novedades-de-mercadona-en-mayo-por-las-que-no-vamos-a-andar-sino-a-correr-al-supermercado-21.jpg 1366w,\" data-sf-src=\"http:\/\/hoycordobaweb.com\/wp-content\/uploads\/2023\/05\/estas-son-las-14-novedades-de-mercadona-en-mayo-por-las-que-no-vamos-a-andar-sino-a-correr-al-supermercado-2.jpg\" alt=\"Ba86371997a8bceb68bbf2c538f039a8\"> <noscript><img alt=\"Ba86371997a8bceb68bbf2c538f039a8\" class=\"centro_sinmarco\" src=\"http:\/\/hoycordobaweb.com\/wp-content\/uploads\/2023\/05\/estas-son-las-14-novedades-de-mercadona-en-mayo-por-las-que-no-vamos-a-andar-sino-a-correr-al-supermercado-2.jpg\"><\/noscript> <\/div><\/div>\n<\/div>\n<p><strong>Chipirones enharinados Hacendado ultracongelados:<\/strong> Paquete de 350 gramos a 4,95 \u20ac (14,143 \u20ac\/kg).<\/p>\n<p><!-- BREAK 3 --><\/p>\n<div class=\"article-asset-image article-asset-small article-asset-center\">\n<div class=\"asset-content\">\n<div class=\"base-wrapper-image\"> <img class=\"sf-lazy centro_sinmarco\" data-sf-srcset=\"http:\/\/hoycordobaweb.com\/wp-content\/uploads\/2023\/05\/estas-son-las-14-novedades-de-mercadona-en-mayo-por-las-que-no-vamos-a-andar-sino-a-correr-al-supermercado-3.jpg 450w, http:\/\/hoycordobaweb.com\/wp-content\/uploads\/2023\/05\/estas-son-las-14-novedades-de-mercadona-en-mayo-por-las-que-no-vamos-a-andar-sino-a-correr-al-supermercado-22.jpg 681w,http:\/\/hoycordobaweb.com\/wp-content\/uploads\/2023\/05\/estas-son-las-14-novedades-de-mercadona-en-mayo-por-las-que-no-vamos-a-andar-sino-a-correr-al-supermercado-23.jpg 1024w, http:\/\/hoycordobaweb.com\/wp-content\/uploads\/2023\/05\/estas-son-las-14-novedades-de-mercadona-en-mayo-por-las-que-no-vamos-a-andar-sino-a-correr-al-supermercado-24.jpg 1366w,\" data-sf-src=\"http:\/\/hoycordobaweb.com\/wp-content\/uploads\/2023\/05\/estas-son-las-14-novedades-de-mercadona-en-mayo-por-las-que-no-vamos-a-andar-sino-a-correr-al-supermercado-3.jpg\" alt=\"A00af51850285c71a9983943586ae0fe\"> <noscript><img alt=\"A00af51850285c71a9983943586ae0fe\" class=\"centro_sinmarco\" src=\"http:\/\/hoycordobaweb.com\/wp-content\/uploads\/2023\/05\/estas-son-las-14-novedades-de-mercadona-en-mayo-por-las-que-no-vamos-a-andar-sino-a-correr-al-supermercado-3.jpg\"><\/noscript> <\/div><\/div>\n<\/div>\n<p><strong>Pan de molde con cereales y sin gluten Hacendado<\/strong>: Paquete con 14 rebanadas (470 gramos) a 3,10 \u20ac la unidad (6,596 \u20ac\/kg).<\/p>\n<p><!-- BREAK 4 --><\/p>\n<div class=\"article-asset-image article-asset-small article-asset-center\">\n<div class=\"asset-content\">\n<div class=\"base-wrapper-image\"> <img class=\"sf-lazy centro_sinmarco\" data-sf-srcset=\"http:\/\/hoycordobaweb.com\/wp-content\/uploads\/2023\/05\/estas-son-las-14-novedades-de-mercadona-en-mayo-por-las-que-no-vamos-a-andar-sino-a-correr-al-supermercado-4.jpg 450w, http:\/\/hoycordobaweb.com\/wp-content\/uploads\/2023\/05\/estas-son-las-14-novedades-de-mercadona-en-mayo-por-las-que-no-vamos-a-andar-sino-a-correr-al-supermercado-25.jpg 681w,http:\/\/hoycordobaweb.com\/wp-content\/uploads\/2023\/05\/estas-son-las-14-novedades-de-mercadona-en-mayo-por-las-que-no-vamos-a-andar-sino-a-correr-al-supermercado-26.jpg 1024w, http:\/\/hoycordobaweb.com\/wp-content\/uploads\/2023\/05\/estas-son-las-14-novedades-de-mercadona-en-mayo-por-las-que-no-vamos-a-andar-sino-a-correr-al-supermercado-27.jpg 1366w,\" data-sf-src=\"http:\/\/hoycordobaweb.com\/wp-content\/uploads\/2023\/05\/estas-son-las-14-novedades-de-mercadona-en-mayo-por-las-que-no-vamos-a-andar-sino-a-correr-al-supermercado-4.jpg\" alt=\"body spray\"> <noscript><img alt=\"body spray\" class=\"centro_sinmarco\" src=\"http:\/\/hoycordobaweb.com\/wp-content\/uploads\/2023\/05\/estas-son-las-14-novedades-de-mercadona-en-mayo-por-las-que-no-vamos-a-andar-sino-a-correr-al-supermercado-4.jpg\"><\/noscript> <\/div><\/div>\n<\/div>\n<p><strong>Body spray Tea Breeze Deliplus:<\/strong> Bote de 200 mililitros a 3,00 \u20ac la unidad (1,50 \u20ac\/100 ml).<\/p>\n<p><!-- BREAK 5 --><\/p>\n<div class=\"article-asset-image article-asset-small article-asset-center\">\n<div class=\"asset-content\">\n<div class=\"base-wrapper-image\"> <img class=\"sf-lazy centro_sinmarco\" data-sf-srcset=\"http:\/\/hoycordobaweb.com\/wp-content\/uploads\/2023\/05\/estas-son-las-14-novedades-de-mercadona-en-mayo-por-las-que-no-vamos-a-andar-sino-a-correr-al-supermercado-5.jpg 450w, http:\/\/hoycordobaweb.com\/wp-content\/uploads\/2023\/05\/estas-son-las-14-novedades-de-mercadona-en-mayo-por-las-que-no-vamos-a-andar-sino-a-correr-al-supermercado-28.jpg 681w,http:\/\/hoycordobaweb.com\/wp-content\/uploads\/2023\/05\/estas-son-las-14-novedades-de-mercadona-en-mayo-por-las-que-no-vamos-a-andar-sino-a-correr-al-supermercado-29.jpg 1024w, http:\/\/hoycordobaweb.com\/wp-content\/uploads\/2023\/05\/estas-son-las-14-novedades-de-mercadona-en-mayo-por-las-que-no-vamos-a-andar-sino-a-correr-al-supermercado-30.jpg 1366w,\" data-sf-src=\"http:\/\/hoycordobaweb.com\/wp-content\/uploads\/2023\/05\/estas-son-las-14-novedades-de-mercadona-en-mayo-por-las-que-no-vamos-a-andar-sino-a-correr-al-supermercado-5.jpg\" alt=\"B8e65975f2a9af21614c2bc0ee9a825e\"> <noscript><img alt=\"B8e65975f2a9af21614c2bc0ee9a825e\" class=\"centro_sinmarco\" src=\"http:\/\/hoycordobaweb.com\/wp-content\/uploads\/2023\/05\/estas-son-las-14-novedades-de-mercadona-en-mayo-por-las-que-no-vamos-a-andar-sino-a-correr-al-supermercado-5.jpg\"><\/noscript> <\/div><\/div>\n<\/div>\n<p><strong>Pollo marinado rebozado Crispy American Style Hacendado ultracongelado:<\/strong> Paquete de 500 gramos a 4,90 \u20ac la unidad (9,80 \u20ac\/kg).<\/p>\n<p><!-- BREAK 6 --><\/p>\n<div class=\"article-asset-image article-asset-small article-asset-center\">\n<div class=\"asset-content\">\n<div class=\"base-wrapper-image\"> <img class=\"sf-lazy centro_sinmarco\" data-sf-srcset=\"http:\/\/hoycordobaweb.com\/wp-content\/uploads\/2023\/05\/estas-son-las-14-novedades-de-mercadona-en-mayo-por-las-que-no-vamos-a-andar-sino-a-correr-al-supermercado-6.jpg 450w, http:\/\/hoycordobaweb.com\/wp-content\/uploads\/2023\/05\/estas-son-las-14-novedades-de-mercadona-en-mayo-por-las-que-no-vamos-a-andar-sino-a-correr-al-supermercado-31.jpg 681w,http:\/\/hoycordobaweb.com\/wp-content\/uploads\/2023\/05\/estas-son-las-14-novedades-de-mercadona-en-mayo-por-las-que-no-vamos-a-andar-sino-a-correr-al-supermercado-32.jpg 1024w, http:\/\/hoycordobaweb.com\/wp-content\/uploads\/2023\/05\/estas-son-las-14-novedades-de-mercadona-en-mayo-por-las-que-no-vamos-a-andar-sino-a-correr-al-supermercado-33.jpg 1366w,\" data-sf-src=\"http:\/\/hoycordobaweb.com\/wp-content\/uploads\/2023\/05\/estas-son-las-14-novedades-de-mercadona-en-mayo-por-las-que-no-vamos-a-andar-sino-a-correr-al-supermercado-6.jpg\" alt=\"pintalabios\"> <noscript><img alt=\"pintalabios\" class=\"centro_sinmarco\" src=\"http:\/\/hoycordobaweb.com\/wp-content\/uploads\/2023\/05\/estas-son-las-14-novedades-de-mercadona-en-mayo-por-las-que-no-vamos-a-andar-sino-a-correr-al-supermercado-6.jpg\"><\/noscript> <\/div><\/div>\n<\/div>\n<p><strong>Pintalabios Vinyl Toscana Deliplus<\/strong>: disponible en color rosa, fucsia y coral a 5,00 \u20ac la unidad.<\/p>\n<p><!-- BREAK 7 --><\/p>\n<div class=\"article-asset-image article-asset-small article-asset-center\">\n<div class=\"asset-content\">\n<div class=\"base-wrapper-image\"> <img class=\"sf-lazy centro_sinmarco\" data-sf-srcset=\"http:\/\/hoycordobaweb.com\/wp-content\/uploads\/2023\/05\/estas-son-las-14-novedades-de-mercadona-en-mayo-por-las-que-no-vamos-a-andar-sino-a-correr-al-supermercado-7.jpg 450w, http:\/\/hoycordobaweb.com\/wp-content\/uploads\/2023\/05\/estas-son-las-14-novedades-de-mercadona-en-mayo-por-las-que-no-vamos-a-andar-sino-a-correr-al-supermercado-34.jpg 681w,http:\/\/hoycordobaweb.com\/wp-content\/uploads\/2023\/05\/estas-son-las-14-novedades-de-mercadona-en-mayo-por-las-que-no-vamos-a-andar-sino-a-correr-al-supermercado-35.jpg 1024w, http:\/\/hoycordobaweb.com\/wp-content\/uploads\/2023\/05\/estas-son-las-14-novedades-de-mercadona-en-mayo-por-las-que-no-vamos-a-andar-sino-a-correr-al-supermercado-36.jpg 1366w,\" data-sf-src=\"http:\/\/hoycordobaweb.com\/wp-content\/uploads\/2023\/05\/estas-son-las-14-novedades-de-mercadona-en-mayo-por-las-que-no-vamos-a-andar-sino-a-correr-al-supermercado-7.jpg\" alt=\"m\u00e1scara de pesta\u00f1as\"> <noscript><img alt=\"m\u00e1scara de pesta\u00f1as\" class=\"centro_sinmarco\" src=\"http:\/\/hoycordobaweb.com\/wp-content\/uploads\/2023\/05\/estas-son-las-14-novedades-de-mercadona-en-mayo-por-las-que-no-vamos-a-andar-sino-a-correr-al-supermercado-7.jpg\"><\/noscript> <\/div><\/div>\n<\/div>\n<p><strong>M\u00e1scara de pesta\u00f1as Curve Toscana Deliplus<\/strong>: color negro, a 4,00 \u20ac la unidad.<\/p>\n<div class=\"article-asset-image article-asset-small article-asset-center\">\n<div class=\"asset-content\">\n<div class=\"base-wrapper-image\"> <img class=\"sf-lazy centro_sinmarco\" data-sf-srcset=\"http:\/\/hoycordobaweb.com\/wp-content\/uploads\/2023\/05\/estas-son-las-14-novedades-de-mercadona-en-mayo-por-las-que-no-vamos-a-andar-sino-a-correr-al-supermercado-8.jpg 450w, http:\/\/hoycordobaweb.com\/wp-content\/uploads\/2023\/05\/estas-son-las-14-novedades-de-mercadona-en-mayo-por-las-que-no-vamos-a-andar-sino-a-correr-al-supermercado-37.jpg 681w,http:\/\/hoycordobaweb.com\/wp-content\/uploads\/2023\/05\/estas-son-las-14-novedades-de-mercadona-en-mayo-por-las-que-no-vamos-a-andar-sino-a-correr-al-supermercado-38.jpg 1024w, http:\/\/hoycordobaweb.com\/wp-content\/uploads\/2023\/05\/estas-son-las-14-novedades-de-mercadona-en-mayo-por-las-que-no-vamos-a-andar-sino-a-correr-al-supermercado-39.jpg 1366w,\" data-sf-src=\"http:\/\/hoycordobaweb.com\/wp-content\/uploads\/2023\/05\/estas-son-las-14-novedades-de-mercadona-en-mayo-por-las-que-no-vamos-a-andar-sino-a-correr-al-supermercado-8.jpg\" alt=\"Af65cbf2295ea01302dafe092dd188ec\"> <noscript><img alt=\"Af65cbf2295ea01302dafe092dd188ec\" class=\"centro_sinmarco\" src=\"http:\/\/hoycordobaweb.com\/wp-content\/uploads\/2023\/05\/estas-son-las-14-novedades-de-mercadona-en-mayo-por-las-que-no-vamos-a-andar-sino-a-correr-al-supermercado-8.jpg\"><\/noscript> <\/div><\/div>\n<\/div>\n<p><strong>Paleta sombras de ojos Toscana Deliplus<\/strong>: acabado mate y satinado, a 7,50 \u20ac la unidad.<\/p>\n<p><!-- BREAK 8 --><\/p>\n<div class=\"article-asset-image article-asset-small article-asset-center\">\n<div class=\"asset-content\">\n<div class=\"base-wrapper-image\"> <img class=\"sf-lazy centro_sinmarco\" data-sf-srcset=\"http:\/\/hoycordobaweb.com\/wp-content\/uploads\/2023\/05\/estas-son-las-14-novedades-de-mercadona-en-mayo-por-las-que-no-vamos-a-andar-sino-a-correr-al-supermercado-9.jpg 450w, http:\/\/hoycordobaweb.com\/wp-content\/uploads\/2023\/05\/estas-son-las-14-novedades-de-mercadona-en-mayo-por-las-que-no-vamos-a-andar-sino-a-correr-al-supermercado-40.jpg 681w,http:\/\/hoycordobaweb.com\/wp-content\/uploads\/2023\/05\/estas-son-las-14-novedades-de-mercadona-en-mayo-por-las-que-no-vamos-a-andar-sino-a-correr-al-supermercado-41.jpg 1024w, http:\/\/hoycordobaweb.com\/wp-content\/uploads\/2023\/05\/estas-son-las-14-novedades-de-mercadona-en-mayo-por-las-que-no-vamos-a-andar-sino-a-correr-al-supermercado-42.jpg 1366w,\" data-sf-src=\"http:\/\/hoycordobaweb.com\/wp-content\/uploads\/2023\/05\/estas-son-las-14-novedades-de-mercadona-en-mayo-por-las-que-no-vamos-a-andar-sino-a-correr-al-supermercado-9.jpg\" alt=\"rotulador\"> <noscript><img alt=\"rotulador\" class=\"centro_sinmarco\" src=\"http:\/\/hoycordobaweb.com\/wp-content\/uploads\/2023\/05\/estas-son-las-14-novedades-de-mercadona-en-mayo-por-las-que-no-vamos-a-andar-sino-a-correr-al-supermercado-9.jpg\"><\/noscript> <\/div><\/div>\n<\/div>\n<p><strong>Rotulador de cejas Long Lasting Deliplus:<\/strong> Disponible en distintos tonos, a 3,75 \u20ac la unidad.<\/p>\n<p><!-- BREAK 9 --><\/p>\n<div class=\"article-asset-image article-asset-small article-asset-center\">\n<div class=\"asset-content\">\n<div class=\"base-wrapper-image\"> <img class=\"sf-lazy centro_sinmarco\" data-sf-srcset=\"http:\/\/hoycordobaweb.com\/wp-content\/uploads\/2023\/05\/estas-son-las-14-novedades-de-mercadona-en-mayo-por-las-que-no-vamos-a-andar-sino-a-correr-al-supermercado-10.jpg 450w, http:\/\/hoycordobaweb.com\/wp-content\/uploads\/2023\/05\/estas-son-las-14-novedades-de-mercadona-en-mayo-por-las-que-no-vamos-a-andar-sino-a-correr-al-supermercado-43.jpg 681w,http:\/\/hoycordobaweb.com\/wp-content\/uploads\/2023\/05\/estas-son-las-14-novedades-de-mercadona-en-mayo-por-las-que-no-vamos-a-andar-sino-a-correr-al-supermercado-44.jpg 1024w, http:\/\/hoycordobaweb.com\/wp-content\/uploads\/2023\/05\/estas-son-las-14-novedades-de-mercadona-en-mayo-por-las-que-no-vamos-a-andar-sino-a-correr-al-supermercado-45.jpg 1366w,\" data-sf-src=\"http:\/\/hoycordobaweb.com\/wp-content\/uploads\/2023\/05\/estas-son-las-14-novedades-de-mercadona-en-mayo-por-las-que-no-vamos-a-andar-sino-a-correr-al-supermercado-10.jpg\" alt=\"B64be4d5dc6a571b4108498d687c91f9\"> <noscript><img alt=\"B64be4d5dc6a571b4108498d687c91f9\" class=\"centro_sinmarco\" src=\"http:\/\/hoycordobaweb.com\/wp-content\/uploads\/2023\/05\/estas-son-las-14-novedades-de-mercadona-en-mayo-por-las-que-no-vamos-a-andar-sino-a-correr-al-supermercado-10.jpg\"><\/noscript> <\/div><\/div>\n<\/div>\n<p><strong>Bruma facial multifuncional Make Up Fixer Toscana Deliplus 5 en 1<\/strong>: hidrata, prepara, protege, fija y refresca. Spray 100 ml a 5,50 \u20ac la unidad.<\/p>\n<p><!-- BREAK 10 --><\/p>\n<div class=\"article-asset-image article-asset-small article-asset-center\">\n<div class=\"asset-content\">\n<div class=\"base-wrapper-image\"> <img class=\"sf-lazy centro_sinmarco\" data-sf-srcset=\"http:\/\/hoycordobaweb.com\/wp-content\/uploads\/2023\/05\/estas-son-las-14-novedades-de-mercadona-en-mayo-por-las-que-no-vamos-a-andar-sino-a-correr-al-supermercado-11.jpg 450w, http:\/\/hoycordobaweb.com\/wp-content\/uploads\/2023\/05\/estas-son-las-14-novedades-de-mercadona-en-mayo-por-las-que-no-vamos-a-andar-sino-a-correr-al-supermercado-46.jpg 681w,http:\/\/hoycordobaweb.com\/wp-content\/uploads\/2023\/05\/estas-son-las-14-novedades-de-mercadona-en-mayo-por-las-que-no-vamos-a-andar-sino-a-correr-al-supermercado-47.jpg 1024w, http:\/\/hoycordobaweb.com\/wp-content\/uploads\/2023\/05\/estas-son-las-14-novedades-de-mercadona-en-mayo-por-las-que-no-vamos-a-andar-sino-a-correr-al-supermercado-48.jpg 1366w,\" data-sf-src=\"http:\/\/hoycordobaweb.com\/wp-content\/uploads\/2023\/05\/estas-son-las-14-novedades-de-mercadona-en-mayo-por-las-que-no-vamos-a-andar-sino-a-correr-al-supermercado-11.jpg\" alt=\"Face primer\"> <noscript><img alt=\"Face primer\" class=\"centro_sinmarco\" src=\"http:\/\/hoycordobaweb.com\/wp-content\/uploads\/2023\/05\/estas-son-las-14-novedades-de-mercadona-en-mayo-por-las-que-no-vamos-a-andar-sino-a-correr-al-supermercado-11.jpg\"><\/noscript> <\/div><\/div>\n<\/div>\n<p><strong>Primer facial hidratante Toscana Deliplus con p\u00e9talos de flores<\/strong>: Frasco de 28 ml a 7,00 \u20ac la unidad.<\/p>\n<p><!-- BREAK 11 --><\/p>\n<div class=\"article-asset-image article-asset-small article-asset-center\">\n<div class=\"asset-content\">\n<div class=\"base-wrapper-image\"> <img class=\"sf-lazy centro_sinmarco\" data-sf-srcset=\"http:\/\/hoycordobaweb.com\/wp-content\/uploads\/2023\/05\/estas-son-las-14-novedades-de-mercadona-en-mayo-por-las-que-no-vamos-a-andar-sino-a-correr-al-supermercado-12.jpg 450w, http:\/\/hoycordobaweb.com\/wp-content\/uploads\/2023\/05\/estas-son-las-14-novedades-de-mercadona-en-mayo-por-las-que-no-vamos-a-andar-sino-a-correr-al-supermercado-49.jpg 681w,http:\/\/hoycordobaweb.com\/wp-content\/uploads\/2023\/05\/estas-son-las-14-novedades-de-mercadona-en-mayo-por-las-que-no-vamos-a-andar-sino-a-correr-al-supermercado-50.jpg 1024w, http:\/\/hoycordobaweb.com\/wp-content\/uploads\/2023\/05\/estas-son-las-14-novedades-de-mercadona-en-mayo-por-las-que-no-vamos-a-andar-sino-a-correr-al-supermercado-51.jpg 1366w,\" data-sf-src=\"http:\/\/hoycordobaweb.com\/wp-content\/uploads\/2023\/05\/estas-son-las-14-novedades-de-mercadona-en-mayo-por-las-que-no-vamos-a-andar-sino-a-correr-al-supermercado-12.jpg\" alt=\"rose the nude\"> <noscript><img alt=\"rose the nude\" class=\"centro_sinmarco\" src=\"http:\/\/hoycordobaweb.com\/wp-content\/uploads\/2023\/05\/estas-son-las-14-novedades-de-mercadona-en-mayo-por-las-que-no-vamos-a-andar-sino-a-correr-al-supermercado-12.jpg\"><\/noscript> <\/div><\/div>\n<\/div>\n<p><strong>Lote Rose Nude The Rose:<\/strong> Contiene <em>eau de parfum<\/em> de 75 ml y bolso efecto paja, a 14,00 \u20ac la unidad.<\/p>\n<p><!-- BREAK 12 --><\/p>\n<div class=\"article-asset-image article-asset-small article-asset-center\">\n<div class=\"asset-content\">\n<div class=\"base-wrapper-image\"> <img class=\"sf-lazy centro_sinmarco\" data-sf-srcset=\"http:\/\/hoycordobaweb.com\/wp-content\/uploads\/2023\/05\/estas-son-las-14-novedades-de-mercadona-en-mayo-por-las-que-no-vamos-a-andar-sino-a-correr-al-supermercado-13.jpg 450w, http:\/\/hoycordobaweb.com\/wp-content\/uploads\/2023\/05\/estas-son-las-14-novedades-de-mercadona-en-mayo-por-las-que-no-vamos-a-andar-sino-a-correr-al-supermercado-52.jpg 681w,http:\/\/hoycordobaweb.com\/wp-content\/uploads\/2023\/05\/estas-son-las-14-novedades-de-mercadona-en-mayo-por-las-que-no-vamos-a-andar-sino-a-correr-al-supermercado-53.jpg 1024w, http:\/\/hoycordobaweb.com\/wp-content\/uploads\/2023\/05\/estas-son-las-14-novedades-de-mercadona-en-mayo-por-las-que-no-vamos-a-andar-sino-a-correr-al-supermercado-54.jpg 1366w,\" data-sf-src=\"http:\/\/hoycordobaweb.com\/wp-content\/uploads\/2023\/05\/estas-son-las-14-novedades-de-mercadona-en-mayo-por-las-que-no-vamos-a-andar-sino-a-correr-al-supermercado-13.jpg\" alt=\"Lote mujer\"> <noscript><img alt=\"Lote mujer\" class=\"centro_sinmarco\" src=\"http:\/\/hoycordobaweb.com\/wp-content\/uploads\/2023\/05\/estas-son-las-14-novedades-de-mercadona-en-mayo-por-las-que-no-vamos-a-andar-sino-a-correr-al-supermercado-13.jpg\"><\/noscript> <\/div><\/div>\n<\/div>\n<p><strong>Lote Verissime Dream<\/strong>: Contiene <em>eau de parfum<\/em> de 100 ml y un abanico, a 14,00 \u20ac la caja.<\/p>\n<p><!-- BREAK 13 --><\/p>\n<div class=\"article-asset-image article-asset-small article-asset-center\">\n<div class=\"asset-content\">\n<div class=\"base-wrapper-image\"> <img class=\"sf-lazy centro_sinmarco\" data-sf-srcset=\"http:\/\/hoycordobaweb.com\/wp-content\/uploads\/2023\/05\/estas-son-las-14-novedades-de-mercadona-en-mayo-por-las-que-no-vamos-a-andar-sino-a-correr-al-supermercado-14.jpg 450w, http:\/\/hoycordobaweb.com\/wp-content\/uploads\/2023\/05\/estas-son-las-14-novedades-de-mercadona-en-mayo-por-las-que-no-vamos-a-andar-sino-a-correr-al-supermercado-55.jpg 681w,http:\/\/hoycordobaweb.com\/wp-content\/uploads\/2023\/05\/estas-son-las-14-novedades-de-mercadona-en-mayo-por-las-que-no-vamos-a-andar-sino-a-correr-al-supermercado-56.jpg 1024w, http:\/\/hoycordobaweb.com\/wp-content\/uploads\/2023\/05\/estas-son-las-14-novedades-de-mercadona-en-mayo-por-las-que-no-vamos-a-andar-sino-a-correr-al-supermercado-57.jpg 1366w,\" data-sf-src=\"http:\/\/hoycordobaweb.com\/wp-content\/uploads\/2023\/05\/estas-son-las-14-novedades-de-mercadona-en-mayo-por-las-que-no-vamos-a-andar-sino-a-correr-al-supermercado-14.jpg\" alt=\"cocktail pi\u00f1a colada\"> <noscript><img alt=\"cocktail pi\u00f1a colada\" class=\"centro_sinmarco\" src=\"http:\/\/hoycordobaweb.com\/wp-content\/uploads\/2023\/05\/estas-son-las-14-novedades-de-mercadona-en-mayo-por-las-que-no-vamos-a-andar-sino-a-correr-al-supermercado-14.jpg\"><\/noscript> <\/div><\/div>\n<\/div>\n<p><strong>Cocktail pi\u00f1a colada sin alcohol Pi.omka<\/strong>: Botella de 700 ml a 4,00 \u20ac &nbsp;(5,715 \u20ac\/L).<\/p>\n<p><!-- BREAK 14 --><\/p>\n<p>Foto de portada | <a href=\"https:\/\/www.pexels.com\/es-es\/@el-gringo-photo-116752370\/\" rel=\"nofollow\" data-id=\"nofollow\">El gringo photo<\/a><\/p>\n<p><!-- BREAK 15 --><\/p>\n<p>En Trendencias | <a href=\"https:\/\/www.trendencias.com\/belleza\/nuevo-serum-retinol-mercadona-cuesta-6-euros-esta-llamado-a-convertirse-su-nuevo-cosmetico-estrella\">El s\u00e9rum de retinol de Mercadona cuesta menos de 6 euros y ya es uno de sus cosm\u00e9ticos estrella<\/a><\/p>\n<p><!-- BREAK 16 --><\/p>\n<p>En Trendencias | <a href=\"https:\/\/www.trendencias.com\/belleza\/nuevo-serum-retinol-mercadona-cuesta-6-euros-esta-llamado-a-convertirse-su-nuevo-cosmetico-estrella\">El aceite de Onagra de Mercadona que arrasa en RRSS como antiedad<\/a><\/p>\n<p><!-- BREAK 17 --><\/p>\n<p>En Trendencias | <a href=\"https:\/\/www.trendencias.com\/belleza\/aceite-onagra-mercadona-que-arrasa-rrss-como-antiedad-1\">El aceite de Onagra de Mercadona que arrasa en RRSS como antiedad<\/a><\/p>\n<p><!-- BREAK 18 --> <\/p>\n","protected":false},"excerpt":{"rendered":"<p>Con 1.633 tiendas repartidas por toda Espa\u00f1a, Mercadona es el supermercado preferido de muchos compradores a lo largo y ancho del pa\u00eds, que depositan su confianza en esta gran superficie a la hora de abastecer sus despensas y frigor\u00edficos. Y no solo eso sino que los hay que esperan con impaciencia las nuevas propuestas y [&hellip;]<\/p>\n","protected":false},"author":1,"featured_media":59425,"comment_status":"closed","ping_status":"closed","sticky":false,"template":"","format":"standard","meta":[],"categories":[1],"tags":[],"_links":{"self":[{"href":"http:\/\/hoycordobaweb.com\/index.php\/wp-json\/wp\/v2\/posts\/59424"}],"collection":[{"href":"http:\/\/hoycordobaweb.com\/index.php\/wp-json\/wp\/v2\/posts"}],"about":[{"href":"http:\/\/hoycordobaweb.com\/index.php\/wp-json\/wp\/v2\/types\/post"}],"author":[{"embeddable":true,"href":"http:\/\/hoycordobaweb.com\/index.php\/wp-json\/wp\/v2\/users\/1"}],"replies":[{"embeddable":true,"href":"http:\/\/hoycordobaweb.com\/index.php\/wp-json\/wp\/v2\/comments?post=59424"}],"version-history":[{"count":0,"href":"http:\/\/hoycordobaweb.com\/index.php\/wp-json\/wp\/v2\/posts\/59424\/revisions"}],"wp:featuredmedia":[{"embeddable":true,"href":"http:\/\/hoycordobaweb.com\/index.php\/wp-json\/wp\/v2\/media\/59425"}],"wp:attachment":[{"href":"http:\/\/hoycordobaweb.com\/index.php\/wp-json\/wp\/v2\/media?parent=59424"}],"wp:term":[{"taxonomy":"category","embeddable":true,"href":"http:\/\/hoycordobaweb.com\/index.php\/wp-json\/wp\/v2\/categories?post=59424"},{"taxonomy":"post_tag","embeddable":true,"href":"http:\/\/hoycordobaweb.com\/index.php\/wp-json\/wp\/v2\/tags?post=59424"}],"curies":[{"name":"wp","href":"https:\/\/api.w.org\/{rel}","templated":true}]}}