{"id":59412,"date":"2023-05-03T21:58:09","date_gmt":"2023-05-03T21:58:09","guid":{"rendered":"https:\/\/www.ole.com.ar\/messi\/neymar-messi-gusta-foto-barcelona_0_A6sRvRM9oS.html"},"modified":"2023-05-03T21:58:09","modified_gmt":"2023-05-03T21:58:09","slug":"el-me-gusta-de-neymar-con-messi-en-un-momento-muy-especial","status":"publish","type":"post","link":"http:\/\/hoycordobaweb.com\/index.php\/2023\/05\/03\/el-me-gusta-de-neymar-con-messi-en-un-momento-muy-especial\/","title":{"rendered":"El me gusta de Neymar con Messi en un momento muy especial"},"content":{"rendered":"<p><img src=\"http:\/\/hoycordobaweb.com\/wp-content\/uploads\/2023\/05\/el-me-gusta-de-neymar-con-messi-en-un-momento-muy-especial.jpg\"><\/p>\n<p><time class=\"createDate\" datetime=\"2023-05-03T18:58:09-03:00\">03\/05\/2023 18:58hs.<\/time><time class=\"modificatedDate\" datetime=\"2023\/05\/03T18:58:09-03:00\"><\/time><\/p>\n<div id=\"storyBody\">\n<div class=\"custom-text \" readability=\"32.287581699346\">\n<p>En un mi\u00e9rcoles in\u00e9dito para dos estrellas como<a href=\"https:\/\/www.ole.com.ar\/tema\/lionel-messi.html\" title=\"Lionel Messi\" alt=\"Lionel Messi\" class=\"slug\"> Lionel Messi<\/a> y<a href=\"https:\/\/www.ole.com.ar\/tema\/neymar.html\" title=\"Neymar\" alt=\"Neymar\" class=\"slug\"> Neymar<\/a>, ya que ambos fueron repudiados por fan\u00e1ticos del <a href=\"https:\/\/www.ole.com.ar\/tema\/paris-saint-germain.html\" title=\"Paris Saint Germain\" alt=\"Paris Saint Germain\" class=\"slug\">Paris Saint Germain<\/a>, el brasile\u00f1o volvi\u00f3 a mover el avispero con un \u00ab<strong>me gusta<\/strong>\u00bb a una publicaci\u00f3n en Instagram que lo muestra abrazo a su amigo, ambos con la camiseta del <a href=\"https:\/\/www.ole.com.ar\/tema\/barcelona.html\" title=\"Barcelona\" alt=\"Barcelona\" class=\"slug\">Barcelona<\/a>.<\/p>\n<\/div>\n<div class=\"custom-text \" readability=\"39\">\n<p>\u00abYo s\u00e9 que vos pensaste en lo mismo, fan\u00e1tico&#8230; Ellos eran mucho m\u00e1s felices en esa \u00e9poca\u00bb, escribi\u00f3 la cuenta de TNT Sports Brasil con una foto de Neymar de frente y Messi de espaldas, ambos festejando un gol y sonrientes con la camiseta del Barsa, donde hicieron historia y entablaron una relaci\u00f3n de profunda amistad.<\/p>\n<\/div>\n<div class=\"sc-996041c8-0 dnrmTT\"><img alt=\"El me gusta de Neymar.\" src=\"http:\/\/hoycordobaweb.com\/wp-content\/uploads\/2023\/05\/el-me-gusta-de-neymar-con-messi-en-un-momento-muy-especial-2.jpg\" width=\"72\" height=\"10\" decoding=\"async\" data-nimg=\"future\" loading=\"lazy\"><span>El me gusta de Neymar.<\/span><\/div>\n<div class=\"sc-a7166897-0 gOoLzD\" readability=\"6\">\n<section readability=\"2\"><picture><img alt=\"Repudiable: insultos de los hinchas del PSG a Messi\" src=\"http:\/\/hoycordobaweb.com\/wp-content\/uploads\/2023\/05\/el-me-gusta-de-neymar-con-messi-en-un-momento-muy-especial-3.jpg\" width=\"29\" height=\"29\" decoding=\"async\" data-nimg=\"future\" loading=\"lazy\"><\/picture>\n<p><span>Mir\u00e1 tambi\u00e9n<\/span><\/p>\n<hr>\n<h3>Repudiable: insultos de los hinchas del PSG a Messi<\/h3>\n<\/p>\n<\/section>\n<\/div>\n<div class=\"custom-text \" readability=\"35\">\n<p>El brasile\u00f1o, que no juega desde el 19 de febrero por una lesi\u00f3n en un tobillo, pas\u00f3 por la misma situaci\u00f3n en una manifestaci\u00f3n en las puertas del Parque de los Pr\u00edncipes.<\/p>\n<\/div>\n<div class=\"sc-a7166897-0 gOoLzD\" readability=\"6\">\n<section readability=\"2\"><picture><img alt=\"Video: en el PSG tambi\u00e9n piden la salida de Neymar\" src=\"http:\/\/hoycordobaweb.com\/wp-content\/uploads\/2023\/05\/el-me-gusta-de-neymar-con-messi-en-un-momento-muy-especial-4.jpg\" width=\"29\" height=\"29\" decoding=\"async\" data-nimg=\"future\" loading=\"lazy\"><\/picture>\n<p><span>Mir\u00e1 tambi\u00e9n<\/span><\/p>\n<hr>\n<h3>Video: en el PSG tambi\u00e9n piden la salida de Neymar<\/h3>\n<\/p>\n<\/section>\n<\/div>\n<div class=\"custom-text \" readability=\"37\">\n<p>Por eso, el like de Ney a dicha publicaci\u00f3n empez\u00f3 a generar todo tipo de especulaciones en Espa\u00f1a, donde el Barcelona ya empez\u00f3 los trabajos para volver a tener a Messi, pero todav\u00eda mucho no se hab\u00eda hablado si se le podr\u00eda sumar Neymar&#8230;<\/p>\n<\/div>\n<div class=\"sc-a7166897-0 gOoLzD\" readability=\"6.5\">\n<section readability=\"3\"><picture><img alt=\"Sin nada oficial, puede haber final abrupto de Messi en el PSG\" src=\"http:\/\/hoycordobaweb.com\/wp-content\/uploads\/2023\/05\/el-me-gusta-de-neymar-con-messi-en-un-momento-muy-especial-5.jpg\" width=\"29\" height=\"29\" decoding=\"async\" data-nimg=\"future\" loading=\"lazy\"><\/picture>\n<p><span>Mir\u00e1 tambi\u00e9n<\/span><\/p>\n<hr>\n<h3>Sin nada oficial, puede haber final abrupto de Messi en el PSG<\/h3>\n<\/p>\n<\/section>\n<\/div>\n<p><h2><strong>El repudio a Messi en Par\u00eds<\/strong><\/h2>\n<\/p>\n<div class=\"sc-e6588e40-0 edrUiu\">\n<div class=\"sc-e6588e40-1 eWxHOh videoText\" id=\"contentTitleundefinedvlc2Slqm\"><svg fill=\"#ffffff\"><symbol id=\"play\" viewBox=\"0 0 512 512\"><path d=\"M512 256C512 397.4 397.4 512 256 512C114.6 512 0 397.4 0 256C0 114.6 114.6 0 256 0C397.4 0 512 114.6 512 256zM176 168V344C176 352.7 180.7 360.7 188.3 364.9C195.8 369.2 205.1 369 212.5 364.5L356.5 276.5C363.6 272.1 368 264.4 368 256C368 247.6 363.6 239.9 356.5 235.5L212.5 147.5C205.1 142.1 195.8 142.8 188.3 147.1C180.7 151.3 176 159.3 176 168V168z\" \/><\/symbol><use xlink:href=\"#play\" \/><\/svg><\/p>\n<div class=\"right\">\n<p>Lionel Messi<!-- --> &#8211;<!-- --> <span>3-5-2023<\/span><\/p>\n<h2 class=\"title-vid\">Los insultos de los hinchas del PSG a Messi<\/h2>\n<\/div>\n<\/div>\n<p><span class=\"back\" id=\"spanBackundefinedvlc2Slqm\"><\/span><\/div>\n<\/div>\n","protected":false},"excerpt":{"rendered":"<p>03\/05\/2023 18:58hs. En un mi\u00e9rcoles in\u00e9dito para dos estrellas como Lionel Messi y Neymar, ya que ambos fueron repudiados por fan\u00e1ticos del Paris Saint Germain, el brasile\u00f1o volvi\u00f3 a mover el avispero con un \u00abme gusta\u00bb a una publicaci\u00f3n en Instagram que lo muestra abrazo a su amigo, ambos con la camiseta del Barcelona. \u00abYo [&hellip;]<\/p>\n","protected":false},"author":1,"featured_media":59413,"comment_status":"open","ping_status":"closed","sticky":false,"template":"","format":"standard","meta":[],"categories":[16],"tags":[],"_links":{"self":[{"href":"http:\/\/hoycordobaweb.com\/index.php\/wp-json\/wp\/v2\/posts\/59412"}],"collection":[{"href":"http:\/\/hoycordobaweb.com\/index.php\/wp-json\/wp\/v2\/posts"}],"about":[{"href":"http:\/\/hoycordobaweb.com\/index.php\/wp-json\/wp\/v2\/types\/post"}],"author":[{"embeddable":true,"href":"http:\/\/hoycordobaweb.com\/index.php\/wp-json\/wp\/v2\/users\/1"}],"replies":[{"embeddable":true,"href":"http:\/\/hoycordobaweb.com\/index.php\/wp-json\/wp\/v2\/comments?post=59412"}],"version-history":[{"count":0,"href":"http:\/\/hoycordobaweb.com\/index.php\/wp-json\/wp\/v2\/posts\/59412\/revisions"}],"wp:featuredmedia":[{"embeddable":true,"href":"http:\/\/hoycordobaweb.com\/index.php\/wp-json\/wp\/v2\/media\/59413"}],"wp:attachment":[{"href":"http:\/\/hoycordobaweb.com\/index.php\/wp-json\/wp\/v2\/media?parent=59412"}],"wp:term":[{"taxonomy":"category","embeddable":true,"href":"http:\/\/hoycordobaweb.com\/index.php\/wp-json\/wp\/v2\/categories?post=59412"},{"taxonomy":"post_tag","embeddable":true,"href":"http:\/\/hoycordobaweb.com\/index.php\/wp-json\/wp\/v2\/tags?post=59412"}],"curies":[{"name":"wp","href":"https:\/\/api.w.org\/{rel}","templated":true}]}}