{"id":59410,"date":"2023-05-03T22:38:34","date_gmt":"2023-05-03T22:38:34","guid":{"rendered":"https:\/\/www.ole.com.ar\/futbol-internacional\/libertadores\/libertadores-grupo-colo-colo-boca-fecha-3_0_VCJsVGALLE.html"},"modified":"2023-05-03T22:38:34","modified_gmt":"2023-05-03T22:38:34","slug":"boca-y-el-11-confirmado-para-ser-unico-puntero","status":"publish","type":"post","link":"http:\/\/hoycordobaweb.com\/index.php\/2023\/05\/03\/boca-y-el-11-confirmado-para-ser-unico-puntero\/","title":{"rendered":"Boca y el 11 confirmado para ser \u00fanico puntero"},"content":{"rendered":"<p><img src=\"http:\/\/hoycordobaweb.com\/wp-content\/uploads\/2023\/05\/boca-y-el-11-confirmado-para-ser-unico-puntero.jpg\"><\/p>\n<div><img src=\"http:\/\/hoycordobaweb.com\/wp-content\/uploads\/2023\/05\/boca-y-el-11-confirmado-para-ser-unico-puntero.jpg\" class=\"ff-og-image-inserted\"><\/div>\n<p>Jorge Almir\u00f3n apuesta por los mismos 11 que arrancaron con Racing en el 3-1 para la visita a Colo Colo, en un partido entre punteros del Grupo F de la Copa Libertadores. Justo antes del supercl\u00e1sico, asi forma Boca en Chile: Romero; Weigandt, Roncaglia, Figal, Barco; Payero, Varela, Pol Fern\u00e1ndez; Adv\u00edncula, V\u00e1zquez y Villa.<\/p>\n","protected":false},"excerpt":{"rendered":"<p>Jorge Almir\u00f3n apuesta por los mismos 11 que arrancaron con Racing en el 3-1 para la visita a Colo Colo, en un partido entre punteros del Grupo F de la Copa Libertadores. Justo antes del supercl\u00e1sico, asi forma Boca en Chile: Romero; Weigandt, Roncaglia, Figal, Barco; Payero, Varela, Pol Fern\u00e1ndez; Adv\u00edncula, V\u00e1zquez y Villa.<\/p>\n","protected":false},"author":1,"featured_media":59411,"comment_status":"open","ping_status":"closed","sticky":false,"template":"","format":"standard","meta":[],"categories":[16],"tags":[],"_links":{"self":[{"href":"http:\/\/hoycordobaweb.com\/index.php\/wp-json\/wp\/v2\/posts\/59410"}],"collection":[{"href":"http:\/\/hoycordobaweb.com\/index.php\/wp-json\/wp\/v2\/posts"}],"about":[{"href":"http:\/\/hoycordobaweb.com\/index.php\/wp-json\/wp\/v2\/types\/post"}],"author":[{"embeddable":true,"href":"http:\/\/hoycordobaweb.com\/index.php\/wp-json\/wp\/v2\/users\/1"}],"replies":[{"embeddable":true,"href":"http:\/\/hoycordobaweb.com\/index.php\/wp-json\/wp\/v2\/comments?post=59410"}],"version-history":[{"count":0,"href":"http:\/\/hoycordobaweb.com\/index.php\/wp-json\/wp\/v2\/posts\/59410\/revisions"}],"wp:featuredmedia":[{"embeddable":true,"href":"http:\/\/hoycordobaweb.com\/index.php\/wp-json\/wp\/v2\/media\/59411"}],"wp:attachment":[{"href":"http:\/\/hoycordobaweb.com\/index.php\/wp-json\/wp\/v2\/media?parent=59410"}],"wp:term":[{"taxonomy":"category","embeddable":true,"href":"http:\/\/hoycordobaweb.com\/index.php\/wp-json\/wp\/v2\/categories?post=59410"},{"taxonomy":"post_tag","embeddable":true,"href":"http:\/\/hoycordobaweb.com\/index.php\/wp-json\/wp\/v2\/tags?post=59410"}],"curies":[{"name":"wp","href":"https:\/\/api.w.org\/{rel}","templated":true}]}}