{"id":59373,"date":"2023-05-03T01:28:00","date_gmt":"2023-05-03T01:28:00","guid":{"rendered":"http:\/\/hoycordobaweb.com\/index.php\/2023\/05\/03\/filmus-visito-el-stand-de-telam-y-el-ministerio-de-ciencia-y-tecnologia\/"},"modified":"2023-05-03T01:28:00","modified_gmt":"2023-05-03T01:28:00","slug":"filmus-visito-el-stand-de-telam-y-el-ministerio-de-ciencia-y-tecnologia","status":"publish","type":"post","link":"http:\/\/hoycordobaweb.com\/index.php\/2023\/05\/03\/filmus-visito-el-stand-de-telam-y-el-ministerio-de-ciencia-y-tecnologia\/","title":{"rendered":"Filmus visit\u00f3 el stand de T\u00e9lam y el ministerio de Ciencia y Tecnolog\u00eda"},"content":{"rendered":"<p><img src=\"http:\/\/hoycordobaweb.com\/wp-content\/uploads\/2023\/05\/filmus-visito-el-stand-de-telam-y-el-ministerio-de-ciencia-y-tecnologia.jpg\"><\/p>\n<div class=\"video_repositive\"> <a class=\"video_sticky\" href=\"javascript:void();\" onclick=\"removeStuckVideo(true);\"><i class=\"far fa-window-close\"><\/i><\/a> <\/p>\n<div id=\"xv-43ljmitQ\" class=\"video_telam\" readability=\"6\">\n<div class=\"feature_article_inner\" readability=\"32\">\n<p><h2 class=\"text-center\">Filmus visit\u00f3 el stand que Ciencia y Tecnolog\u00eda comparte con T\u00e9lam en la Feria del Libro<\/h2>\n<\/p><\/div>\n<p>VER VIDEO <i class=\"fas fa-play\"><\/i><\/p>\n<\/p><\/div><\/div>\n<p>El ministro de Ciencia y Tecnolog\u00eda, Daniel Filmus, destac\u00f3 que el stand que esa cartera comparte con la agencia T\u00e9lam en la Feria del Libro \u00abpone a disposici\u00f3n de todos los visitantes la producci\u00f3n cultural y educativa\u00bb que produce el Estado y reflexion\u00f3 que en el futuro, quienes \u00abqueden al margen de la educaci\u00f3n\u00bb, van a encontrarse por fuera de \u00abcualquier forma de integraci\u00f3n\u00bb.<\/p>\n<p><strong>\u00abPone a disposici\u00f3n de todos los visitantes de la Feria una buena parte de la producci\u00f3n cultural y educativa que hace el Estado nacional\u00bb<\/strong>, remarc\u00f3 Filmus sobre el stand 602 que las carteras de Ciencia y Tecnolog\u00eda, de Educaci\u00f3n y de Cultura comparten con T\u00e9lam en el Pabell\u00f3n Azul, en la 47\u00b0 Feria Internacional del Libro de Buenos Aires, ubicado en el predio porte\u00f1o de La Rural.<\/p>\n<p>All\u00ed el ministro ponder\u00f3 a la Feria del Libro como \u00abuna forma indispensable\u00bb para \u00abponer al alcance de todos\u00bb los logros del Estado, por el lugar -explic\u00f3- que ocupa en la \u00abtradici\u00f3n cultural\u00bb argentina.<\/p>\n<figure class=\"mb-3\"><img loading=\"lazy\" data-src=\"http:\/\/hoycordobaweb.com\/wp-content\/uploads\/2023\/05\/filmus-visito-el-stand-de-telam-y-el-ministerio-de-ciencia-y-tecnologia-2.jpg\" src=\"https:\/\/www.telam.com.ar\/assets\/img\/not_image.png\" class=\" lazy \" width=\"100%\" height=\"100%\" alt=\"Foto Alfredo Luna\"><figcaption> Foto: Alfredo Luna. <\/figcaption><\/figure>\n<p><strong>\u00abLa parte espec\u00edfica del Ministerio de Ciencia y Tecnolog\u00eda es tratar de colocar en manos de nuestros chicos y nuestros j\u00f3venes la posibilidad de acceder a nuevas tecnolog\u00edas y despertar vocaciones tempranas\u00bb<\/strong>, puntualiz\u00f3 sobre el trabajo de su cartera.<\/p>\n<p>El ministro sostuvo que existe el derecho \u00abal acceso a la educaci\u00f3n, a la cultura, a la ciencia y tecnolog\u00eda\u00bb y que entonces, dijo, \u00abtiene que haber un Estado que los garantice porque el mercado no distribuye de manera igualitaria\u00bb.<\/p>\n<blockquote class=\"twitter-tweet\" readability=\"7\">\n<p lang=\"es\" dir=\"ltr\">\ud83d\udcda <a href=\"https:\/\/twitter.com\/hashtag\/FILBuenosAires?src=hash&amp;ref_src=twsrc%5Etfw\">#FILBuenosAires<\/a> <\/p>\n<p>\ud83d\udde3 Daniel Filmus (<a href=\"https:\/\/twitter.com\/FilmusDaniel?ref_src=twsrc%5Etfw\">@FilmusDaniel<\/a>) visit\u00f3 la Feria del Libro (<a href=\"https:\/\/twitter.com\/ferialibro?ref_src=twsrc%5Etfw\">@ferialibro<\/a>) y afirm\u00f3 que \u201cno hay ciencia y tecnolog\u00eda si no hay Estado\u201d. <\/p>\n<p>\ud83d\udccc El ministro destac\u00f3 la importancia de la inversi\u00f3n estatal en el desarrollo de la ciencia b\u00e1sica. <a href=\"https:\/\/t.co\/iBHn1bLpOz\">pic.twitter.com\/iBHn1bLpOz<\/a><\/p>\n<p>\u2014 Agencia T\u00e9lam (@AgenciaTelam) <a href=\"https:\/\/twitter.com\/AgenciaTelam\/status\/1653543641950961667?ref_src=twsrc%5Etfw\">May 2, 2023<\/a><\/p><\/blockquote>\n<p>Sobre esa cuesti\u00f3n, apunt\u00f3 contra los referentes libertarios que plantean \u00abque el Estado no invierta en educaci\u00f3n\u00bb ni \u00abque los chicos vayan a la escuela\u00bb, y contrapuso que lo que \u00abdistingui\u00f3 a Argentina sobre Am\u00e9rica Latina\u00bb fue \u00abtener educaci\u00f3n de calidad muy temprana\u00bb.<\/p>\n<p><strong>\u00abLo que estamos seguros del futuro es que aquellos que queden al margen de la educaci\u00f3n, van a quedar al margen de cualquier forma de integraci\u00f3n\u00bb<\/strong>, analiz\u00f3.<\/p>\n<p>Al llegar, <strong>Filmus se dirigi\u00f3 primero al puesto del Laboratorio de Inteligencia Artificial Aplicada<\/strong>, donde prob\u00f3 el uso de una inteligencia artificial generativa que a partir del ingreso de par\u00e1metros del usuario genera im\u00e1genes, textos, o audios.<\/p>\n<figure class=\"mb-3\"><img loading=\"lazy\" data-src=\"http:\/\/hoycordobaweb.com\/wp-content\/uploads\/2023\/05\/filmus-visito-el-stand-de-telam-y-el-ministerio-de-ciencia-y-tecnologia-3.jpg\" src=\"https:\/\/www.telam.com.ar\/assets\/img\/not_image.png\" class=\" lazy \" width=\"100%\" height=\"100%\" alt=\"Foto Alfredo Luna\"><figcaption> Foto: Alfredo Luna. <\/figcaption><\/figure>\n<p>\u00abLos chicos tienen la posibilidad de practicar ac\u00e1 c\u00f3mo ingresar a los programas de inteligencia artificial, hacerles preguntas y que conteste\u00bb, explic\u00f3 sobre una de las actividades que m\u00e1s atracci\u00f3n genera en el stand 602.<\/p>\n<p>Consultado sobre el impacto de la innovaci\u00f3n tecnol\u00f3gica en la sociedad, Filmus reflexion\u00f3 que \u00abtraen miedo porque se avanza sobre lo desconocido\u00bb pero volvi\u00f3 a reivindicar el rol del Estado, que, dijo, \u00abgarantice que esas nuevas tecnolog\u00edas sirvan para la integraci\u00f3n y no para la exclusi\u00f3n\u00bb.<\/p>\n<p><strong>\u00abNada que tenga que ver con la inteligencia artificial en principio si est\u00e1 bien regulado, puede traerle perjuicios a la humanidad\u00bb<\/strong>, conjetur\u00f3.<\/p>\n<p>Adem\u00e1s, resalt\u00f3 los espacios para \u00abla nanotecnolog\u00eda\u00bb, el de \u00abbiotecnolog\u00eda\u00bb y otro de \u00ablectura donde se juntan escritores que unifican la mirada literaria con la mirada cient\u00edfica\u00bb.<\/p>\n<figure class=\"mb-3\"><img loading=\"lazy\" data-src=\"http:\/\/hoycordobaweb.com\/wp-content\/uploads\/2023\/05\/filmus-visito-el-stand-de-telam-y-el-ministerio-de-ciencia-y-tecnologia-4.jpg\" src=\"https:\/\/www.telam.com.ar\/assets\/img\/not_image.png\" class=\" lazy \" width=\"100%\" height=\"100%\" alt=\"Foto Alfredo Luna\"><figcaption> Foto: Alfredo Luna. <\/figcaption><\/figure>\n<p>Tambi\u00e9n estim\u00f3 que como ocurri\u00f3 <strong>\u00abel a\u00f1o pasado\u00bb, los m\u00e1s chicos se puedan \u00absentir atra\u00eddos por los dinosaurios que son ya una tradici\u00f3n del Ministerio de Ciencia y Tecnolog\u00eda\u00bb<\/strong>. <\/p>\n","protected":false},"excerpt":{"rendered":"<p>Filmus visit\u00f3 el stand que Ciencia y Tecnolog\u00eda comparte con T\u00e9lam en la Feria del Libro VER VIDEO El ministro de Ciencia y Tecnolog\u00eda, Daniel Filmus, destac\u00f3 que el stand que esa cartera comparte con la agencia T\u00e9lam en la Feria del Libro \u00abpone a disposici\u00f3n de todos los visitantes la producci\u00f3n cultural y educativa\u00bb [&hellip;]<\/p>\n","protected":false},"author":1,"featured_media":59374,"comment_status":"open","ping_status":"closed","sticky":false,"template":"","format":"standard","meta":[],"categories":[19],"tags":[],"_links":{"self":[{"href":"http:\/\/hoycordobaweb.com\/index.php\/wp-json\/wp\/v2\/posts\/59373"}],"collection":[{"href":"http:\/\/hoycordobaweb.com\/index.php\/wp-json\/wp\/v2\/posts"}],"about":[{"href":"http:\/\/hoycordobaweb.com\/index.php\/wp-json\/wp\/v2\/types\/post"}],"author":[{"embeddable":true,"href":"http:\/\/hoycordobaweb.com\/index.php\/wp-json\/wp\/v2\/users\/1"}],"replies":[{"embeddable":true,"href":"http:\/\/hoycordobaweb.com\/index.php\/wp-json\/wp\/v2\/comments?post=59373"}],"version-history":[{"count":0,"href":"http:\/\/hoycordobaweb.com\/index.php\/wp-json\/wp\/v2\/posts\/59373\/revisions"}],"wp:featuredmedia":[{"embeddable":true,"href":"http:\/\/hoycordobaweb.com\/index.php\/wp-json\/wp\/v2\/media\/59374"}],"wp:attachment":[{"href":"http:\/\/hoycordobaweb.com\/index.php\/wp-json\/wp\/v2\/media?parent=59373"}],"wp:term":[{"taxonomy":"category","embeddable":true,"href":"http:\/\/hoycordobaweb.com\/index.php\/wp-json\/wp\/v2\/categories?post=59373"},{"taxonomy":"post_tag","embeddable":true,"href":"http:\/\/hoycordobaweb.com\/index.php\/wp-json\/wp\/v2\/tags?post=59373"}],"curies":[{"name":"wp","href":"https:\/\/api.w.org\/{rel}","templated":true}]}}