{"id":59363,"date":"2023-05-02T12:14:56","date_gmt":"2023-05-02T12:14:56","guid":{"rendered":"https:\/\/www.mujerhoy.com\/moda\/no-te-pierdas\/lourdes-montes-mejores-looks-rejuvenecedores-vestidos-novedades-verano-20230502141325-nt.html"},"modified":"2023-05-02T12:14:56","modified_gmt":"2023-05-02T12:14:56","slug":"los-siete-looks-de-lourdes-montes-que-tienes-que-llevar-esta-primavera-vestidos-estampados-accesorios-de-rafia-y-muchas-otras-propuestas-para-los-proximos-meses","status":"publish","type":"post","link":"http:\/\/hoycordobaweb.com\/index.php\/2023\/05\/02\/los-siete-looks-de-lourdes-montes-que-tienes-que-llevar-esta-primavera-vestidos-estampados-accesorios-de-rafia-y-muchas-otras-propuestas-para-los-proximos-meses\/","title":{"rendered":"Los siete looks de Lourdes Montes que tienes que llevar esta primavera: vestidos estampados, accesorios de rafia y muchas otras propuestas para los pr\u00f3ximos meses"},"content":{"rendered":"<p><!-- AUTHOR --><\/p>\n<div class=\"voc-author-timesocial \"><!-- AUTHOR --><\/p>\n<div class=\"voc-author-timesocial__signature\"><!-- IMAGE AUTHOR --><picture class=\"voc-image-signature\"><img class=\"voc-image-signature__img\" src=\"http:\/\/hoycordobaweb.com\/wp-content\/uploads\/2023\/05\/los-siete-looks-de-lourdes-montes-que-tienes-que-llevar-esta-primavera-vestidos-estampados-accesorios-de-rafia-y-muchas-otras-propuestas-para-los-proximos-meses.jpg\" alt=\"Gemma Cano\"><\/picture><!-- INFO AUTHOR --><\/div>\n<\/div>\n<p><!-- COMPONENTS --><\/p>\n<p class=\"voc-paragraph\">Poco a poco, Lourdes Montes, se ha ido posicionado como una de los personajes m\u00e1s reconocidos de nuestro pa\u00eds. En su vestidor conviven las <strong>prendas b\u00e1sicas<\/strong>, todos esos esenciales que perdurar\u00e1n en el tiempo, con otras piezas de <a data-voc-vtm-id=\"in-text-traffic\" href=\"https:\/\/www.mujerhoy.com\/moda\/no-te-pierdas\/elena-tablada-look-rejuvenecedor-edad-40-anos-primavera-zara-20230425132041-nt.html\">pura tendencia<\/a>. En su d\u00eda a d\u00eda, Lourdes apuesta por looks que pueden usarse tanto de d\u00eda como de noche, con las camisas estampadas, los accesorios de rafia, los vestidos midi y las sandalias de tac\u00f3n como piezas clave. Aqu\u00ed est\u00e1n <strong>algunos de sus mejores looks<\/strong> de primavera-verano. \u00a1Toma nota!\n<\/p>\n<div class=\"voc-detail-photo-zoom\"><picture data-toggle=\"modal\" data-target=\"#photoZoomModal-343\" target=\"modal\">\n<div class=\"voc-img-icon-link\"><img loading=\"lazy\" data-original=\"\/\/static.mujerhoy.com\/www\/multimedia\/202304\/28\/media\/cortadas\/vestido-lourdes-montes-fran-rivera-kIyB--460x637@MujerHoy.jpg\" class=\"lazy\" alt=\"Lunes: El vestido perfecto\"><noscript><img src=\"http:\/\/hoycordobaweb.com\/wp-content\/uploads\/2023\/05\/los-siete-looks-de-lourdes-montes-que-tienes-que-llevar-esta-primavera-vestidos-estampados-accesorios-de-rafia-y-muchas-otras-propuestas-para-los-proximos-meses-1.jpg\" alt=\"Lunes: El vestido perfecto\"><\/noscript><i class=\"voc-icons zoom voc-multimedia-box voc-ico-l\"><\/i><\/div><figcaption class=\"figure-caption\">Lunes: El vestido perfecto<\/figcaption><\/picture><\/div>\n<div id=\"photoZoomModal-343\" class=\"voc-lightbox modal fade voc-lightbox--photo-zoom\" role=\"dialog\" data-voc-photozoom-lightbox>\n<div class=\"voc-lightbox__dialog\" role=\"document\">\n<div class=\"voc-lightbox__content\"><!-- Modal header --><!-- Modal content --><\/p>\n<div class=\"voc-lightbox__photo-container\"><picture class><img loading=\"lazy\" data-original=\"\/\/static.mujerhoy.com\/www\/multimedia\/202304\/28\/media\/cortadas\/vestido-lourdes-montes-fran-rivera-kIyB--460x637@MujerHoy.jpg\" alt=\"Lunes: El vestido perfecto\" class=\"lazy\"><noscript><img src=\"http:\/\/hoycordobaweb.com\/wp-content\/uploads\/2023\/05\/los-siete-looks-de-lourdes-montes-que-tienes-que-llevar-esta-primavera-vestidos-estampados-accesorios-de-rafia-y-muchas-otras-propuestas-para-los-proximos-meses-1.jpg\" alt=\"Lunes: El vestido perfecto\"><\/noscript><\/picture><\/div>\n<\/div>\n<\/div>\n<\/div>\n<p><h3 class=\"voc-detail__title\"> Lunes: El vestido perfecto<br \/>\n<\/h3>\n<\/p>\n<p class=\"voc-paragraph\">Estamos en esa \u00e9poca del a\u00f1o en la que cuesta vestirse por las ma\u00f1anas. Lourdes Montes maneja como nadie el arte de crear looks impecables para estos d\u00edas raros. <\/p>\n<p class=\"voc-paragraph\">Truco de estilo: Un vestido estampado y los complementos adecuados son los elementos de este sencillo, pero efectivo, look de primavera-verano.\n<\/p>\n<div class=\"voc-detail-photo-zoom\"><picture data-toggle=\"modal\" data-target=\"#photoZoomModal-170\" target=\"modal\">\n<div class=\"voc-img-icon-link\"><img loading=\"lazy\" data-original=\"\/\/static2.mujerhoy.com\/www\/multimedia\/202304\/28\/media\/cortadas\/vestidos-lourdes-montes-fran-rivera-kIyB--460x637@MujerHoy.jpeg\" class=\"lazy\" alt=\"Martes: Un poco de mostaza\"><noscript><img src=\"http:\/\/hoycordobaweb.com\/wp-content\/uploads\/2023\/05\/los-siete-looks-de-lourdes-montes-que-tienes-que-llevar-esta-primavera-vestidos-estampados-accesorios-de-rafia-y-muchas-otras-propuestas-para-los-proximos-meses-2.jpg\" alt=\"Martes: Un poco de mostaza\"><\/noscript><i class=\"voc-icons zoom voc-multimedia-box voc-ico-l\"><\/i><\/div><figcaption class=\"figure-caption\">Martes: Un poco de mostaza<\/figcaption><\/picture><\/div>\n<div id=\"photoZoomModal-170\" class=\"voc-lightbox modal fade voc-lightbox--photo-zoom\" role=\"dialog\" data-voc-photozoom-lightbox>\n<div class=\"voc-lightbox__dialog\" role=\"document\">\n<div class=\"voc-lightbox__content\"><!-- Modal header --><!-- Modal content --><\/p>\n<div class=\"voc-lightbox__photo-container\"><picture class><img loading=\"lazy\" data-original=\"\/\/static2.mujerhoy.com\/www\/multimedia\/202304\/28\/media\/cortadas\/vestidos-lourdes-montes-fran-rivera-kIyB--460x637@MujerHoy.jpeg\" alt=\"Martes: Un poco de mostaza\" class=\"lazy\"><noscript><img src=\"http:\/\/hoycordobaweb.com\/wp-content\/uploads\/2023\/05\/los-siete-looks-de-lourdes-montes-que-tienes-que-llevar-esta-primavera-vestidos-estampados-accesorios-de-rafia-y-muchas-otras-propuestas-para-los-proximos-meses-2.jpg\" alt=\"Martes: Un poco de mostaza\"><\/noscript><\/picture><\/div>\n<\/div>\n<\/div>\n<\/div>\n<p><h3 class=\"voc-detail__title\"> Martes: Un poco de mostaza<br \/>\n<\/h3>\n<\/p>\n<p class=\"voc-paragraph\">El amarillo, en todas sus tonalidades, es uno de los colores favoritos de Lourdes Montes. <\/p>\n<p class=\"voc-paragraph\">Truco de estilo: si quieres llevar este bonito tono esta temporada apuesta por una elegante vestido con escote halter. Ll\u00e9valo con accesorios de rafia.\n<\/p>\n<div class=\"voc-detail-photo-zoom\"><picture data-toggle=\"modal\" data-target=\"#photoZoomModal-495\" target=\"modal\">\n<div class=\"voc-img-icon-link\"><img loading=\"lazy\" data-original=\"\/\/static1.mujerhoy.com\/www\/multimedia\/202304\/28\/media\/cortadas\/vestido-lourdes-montes-fran-estampado-kIyB--460x637@MujerHoy.jpg\" class=\"lazy\" alt=\"Mi\u00e9rcoles: Estampado de lunares\"><noscript><img src=\"http:\/\/hoycordobaweb.com\/wp-content\/uploads\/2023\/05\/los-siete-looks-de-lourdes-montes-que-tienes-que-llevar-esta-primavera-vestidos-estampados-accesorios-de-rafia-y-muchas-otras-propuestas-para-los-proximos-meses-3.jpg\" alt=\"Mi\u00e9rcoles: Estampado de lunares\"><\/noscript><i class=\"voc-icons zoom voc-multimedia-box voc-ico-l\"><\/i><\/div><figcaption class=\"figure-caption\">Mi\u00e9rcoles: Estampado de lunares<\/figcaption><\/picture><\/div>\n<div id=\"photoZoomModal-495\" class=\"voc-lightbox modal fade voc-lightbox--photo-zoom\" role=\"dialog\" data-voc-photozoom-lightbox>\n<div class=\"voc-lightbox__dialog\" role=\"document\">\n<div class=\"voc-lightbox__content\"><!-- Modal header --><!-- Modal content --><\/p>\n<div class=\"voc-lightbox__photo-container\"><picture class><img loading=\"lazy\" data-original=\"\/\/static1.mujerhoy.com\/www\/multimedia\/202304\/28\/media\/cortadas\/vestido-lourdes-montes-fran-estampado-kIyB--460x637@MujerHoy.jpg\" alt=\"Mi\u00e9rcoles: Estampado de lunares\" class=\"lazy\"><noscript><img src=\"http:\/\/hoycordobaweb.com\/wp-content\/uploads\/2023\/05\/los-siete-looks-de-lourdes-montes-que-tienes-que-llevar-esta-primavera-vestidos-estampados-accesorios-de-rafia-y-muchas-otras-propuestas-para-los-proximos-meses-3.jpg\" alt=\"Mi\u00e9rcoles: Estampado de lunares\"><\/noscript><\/picture><\/div>\n<\/div>\n<\/div>\n<\/div>\n<p><h3 class=\"voc-detail__title\"> Mi\u00e9rcoles: Estampado de lunares<br \/>\n<\/h3>\n<\/p>\n<p class=\"voc-paragraph\">Lourdes Montes tiene una buena colecci\u00f3n de vestidos con estampado de aires flamencos. <\/p>\n<p class=\"voc-paragraph\">Trucos de estilo: Hasta que llegue el verano, los vestidos de manga larga ser\u00e1n tus mejores aliados. Ll\u00e9valos con accesorios discretos.\n<\/p>\n<div class=\"voc-detail-photo-zoom\"><picture data-toggle=\"modal\" data-target=\"#photoZoomModal-68\" target=\"modal\">\n<div class=\"voc-img-icon-link\"><img loading=\"lazy\" data-original=\"\/\/static2.mujerhoy.com\/www\/multimedia\/202304\/28\/media\/cortadas\/zapatillas-lourdes-montes-fran-rivera-kIyB--460x637@MujerHoy.jpg\" class=\"lazy\" alt=\"Jueves: No son mis zapatillas\"><noscript><img src=\"http:\/\/hoycordobaweb.com\/wp-content\/uploads\/2023\/05\/los-siete-looks-de-lourdes-montes-que-tienes-que-llevar-esta-primavera-vestidos-estampados-accesorios-de-rafia-y-muchas-otras-propuestas-para-los-proximos-meses-4.jpg\" alt=\"Jueves: No son mis zapatillas\"><\/noscript><i class=\"voc-icons zoom voc-multimedia-box voc-ico-l\"><\/i><\/div><figcaption class=\"figure-caption\">Jueves: No son mis zapatillas<\/figcaption><\/picture><\/div>\n<div id=\"photoZoomModal-68\" class=\"voc-lightbox modal fade voc-lightbox--photo-zoom\" role=\"dialog\" data-voc-photozoom-lightbox>\n<div class=\"voc-lightbox__dialog\" role=\"document\">\n<div class=\"voc-lightbox__content\"><!-- Modal header --><!-- Modal content --><\/p>\n<div class=\"voc-lightbox__photo-container\"><picture class><img loading=\"lazy\" data-original=\"\/\/static2.mujerhoy.com\/www\/multimedia\/202304\/28\/media\/cortadas\/zapatillas-lourdes-montes-fran-rivera-kIyB--460x637@MujerHoy.jpg\" alt=\"Jueves: No son mis zapatillas\" class=\"lazy\"><noscript><img src=\"http:\/\/hoycordobaweb.com\/wp-content\/uploads\/2023\/05\/los-siete-looks-de-lourdes-montes-que-tienes-que-llevar-esta-primavera-vestidos-estampados-accesorios-de-rafia-y-muchas-otras-propuestas-para-los-proximos-meses-4.jpg\" alt=\"Jueves: No son mis zapatillas\"><\/noscript><\/picture><\/div>\n<\/div>\n<\/div>\n<\/div>\n<p><h3 class=\"voc-detail__title\"> Jueves: No son mis zapatillas<br \/>\n<\/h3>\n<\/p>\n<p class=\"voc-paragraph\">Tras los largos meses de invierno, es hora de apostar por combinaciones de entretiempo. Sigue los pasos de Lourdes Montes. <\/p>\n<p class=\"voc-paragraph\">Truco de estilo: una camisa con estampado de cuadros, un sencillo pantal\u00f3n negro y un par de zapatillas originales son todo lo que necesitas para crear este look c\u00f3modo e impecable.\n<\/p>\n<div class=\"voc-detail-photo-zoom\"><picture data-toggle=\"modal\" data-target=\"#photoZoomModal-86\" target=\"modal\">\n<div class=\"voc-img-icon-link\"><img loading=\"lazy\" data-original=\"\/\/static1.mujerhoy.com\/www\/multimedia\/202304\/28\/media\/cortadas\/vestido-lourdes-montes-boda-rivera-kIyB--460x637@MujerHoy.jpg\" class=\"lazy\" alt=\"Viernes: Inspiraci\u00f3n oriental\"><noscript><img src=\"http:\/\/hoycordobaweb.com\/wp-content\/uploads\/2023\/05\/los-siete-looks-de-lourdes-montes-que-tienes-que-llevar-esta-primavera-vestidos-estampados-accesorios-de-rafia-y-muchas-otras-propuestas-para-los-proximos-meses-5.jpg\" alt=\"Viernes: Inspiraci\u00f3n oriental\"><\/noscript><i class=\"voc-icons zoom voc-multimedia-box voc-ico-l\"><\/i><\/div><figcaption class=\"figure-caption\">Viernes: Inspiraci\u00f3n oriental<\/figcaption><\/picture><\/div>\n<div id=\"photoZoomModal-86\" class=\"voc-lightbox modal fade voc-lightbox--photo-zoom\" role=\"dialog\" data-voc-photozoom-lightbox>\n<div class=\"voc-lightbox__dialog\" role=\"document\">\n<div class=\"voc-lightbox__content\"><!-- Modal header --><!-- Modal content --><\/p>\n<div class=\"voc-lightbox__photo-container\"><picture class><img loading=\"lazy\" data-original=\"\/\/static1.mujerhoy.com\/www\/multimedia\/202304\/28\/media\/cortadas\/vestido-lourdes-montes-boda-rivera-kIyB--460x637@MujerHoy.jpg\" alt=\"Viernes: Inspiraci\u00f3n oriental\" class=\"lazy\"><noscript><img src=\"http:\/\/hoycordobaweb.com\/wp-content\/uploads\/2023\/05\/los-siete-looks-de-lourdes-montes-que-tienes-que-llevar-esta-primavera-vestidos-estampados-accesorios-de-rafia-y-muchas-otras-propuestas-para-los-proximos-meses-5.jpg\" alt=\"Viernes: Inspiraci\u00f3n oriental\"><\/noscript><\/picture><\/div>\n<\/div>\n<\/div>\n<\/div>\n<p><h3 class=\"voc-detail__title\"> Viernes: Inspiraci\u00f3n oriental<br \/>\n<\/h3>\n<\/p>\n<p class=\"voc-paragraph\">Llega el fin de semana y es el momento de lucir estilismos de fiesta. Lourdes Montes es la mejor inspiraci\u00f3n. <\/p>\n<p class=\"voc-paragraph\">Truco de estilo: la clave para triunfar con un look de fiesta es elegir un vestido estilo kimono. Comb\u00ednalo con accesorios b\u00e1sicos.\n<\/p>\n<div class=\"voc-detail-photo-zoom\"><picture data-toggle=\"modal\" data-target=\"#photoZoomModal-845\" target=\"modal\">\n<div class=\"voc-img-icon-link\"><img loading=\"lazy\" data-original=\"\/\/static3.mujerhoy.com\/www\/multimedia\/202304\/28\/media\/cortadas\/vestido-rojo-lourdes-montes-boda-rivera-kIyB--460x637@MujerHoy.jpeg\" class=\"lazy\" alt=\"S\u00e1bado: De boda en boda\"><noscript><img src=\"http:\/\/hoycordobaweb.com\/wp-content\/uploads\/2023\/05\/los-siete-looks-de-lourdes-montes-que-tienes-que-llevar-esta-primavera-vestidos-estampados-accesorios-de-rafia-y-muchas-otras-propuestas-para-los-proximos-meses-6.jpg\" alt=\"S\u00e1bado: De boda en boda\"><\/noscript><i class=\"voc-icons zoom voc-multimedia-box voc-ico-l\"><\/i><\/div><figcaption class=\"figure-caption\">S\u00e1bado: De boda en boda<\/figcaption><\/picture><\/div>\n<div id=\"photoZoomModal-845\" class=\"voc-lightbox modal fade voc-lightbox--photo-zoom\" role=\"dialog\" data-voc-photozoom-lightbox>\n<div class=\"voc-lightbox__dialog\" role=\"document\">\n<div class=\"voc-lightbox__content\"><!-- Modal header --><!-- Modal content --><\/p>\n<div class=\"voc-lightbox__photo-container\"><picture class><img loading=\"lazy\" data-original=\"\/\/static3.mujerhoy.com\/www\/multimedia\/202304\/28\/media\/cortadas\/vestido-rojo-lourdes-montes-boda-rivera-kIyB--460x637@MujerHoy.jpeg\" alt=\"S\u00e1bado: De boda en boda\" class=\"lazy\"><noscript><img src=\"http:\/\/hoycordobaweb.com\/wp-content\/uploads\/2023\/05\/los-siete-looks-de-lourdes-montes-que-tienes-que-llevar-esta-primavera-vestidos-estampados-accesorios-de-rafia-y-muchas-otras-propuestas-para-los-proximos-meses-6.jpg\" alt=\"S\u00e1bado: De boda en boda\"><\/noscript><\/picture><\/div>\n<\/div>\n<\/div>\n<\/div>\n<p><h3 class=\"voc-detail__title\"> S\u00e1bado: De boda en boda<br \/>\n<\/h3>\n<\/p>\n<p class=\"voc-paragraph\">Lourdes Montes tiene la agenda repleta de eventos de primavera. Para estas ocasiones elige looks elegantes con toques de tendencia. <\/p>\n<p class=\"voc-paragraph\">Truco de estilo: un espectacular vestido rojo es todo lo que necesitas para brillar en este tipo de eventos.\n<\/p>\n<div class=\"voc-detail-photo-zoom\"><picture data-toggle=\"modal\" data-target=\"#photoZoomModal-313\" target=\"modal\">\n<div class=\"voc-img-icon-link\"><img loading=\"lazy\" data-original=\"\/\/static3.mujerhoy.com\/www\/multimedia\/202304\/28\/media\/cortadas\/vestidos-blancos-lourdes-montes-fran-rivera-kIyB--460x637@MujerHoy.jpeg\" class=\"lazy\" alt=\"Domingo: Estampado floral\"><noscript><img src=\"http:\/\/hoycordobaweb.com\/wp-content\/uploads\/2023\/05\/los-siete-looks-de-lourdes-montes-que-tienes-que-llevar-esta-primavera-vestidos-estampados-accesorios-de-rafia-y-muchas-otras-propuestas-para-los-proximos-meses-7.jpg\" alt=\"Domingo: Estampado floral\"><\/noscript><i class=\"voc-icons zoom voc-multimedia-box voc-ico-l\"><\/i><\/div><figcaption class=\"figure-caption\">Domingo: Estampado floral<\/figcaption><\/picture><\/div>\n<div id=\"photoZoomModal-313\" class=\"voc-lightbox modal fade voc-lightbox--photo-zoom\" role=\"dialog\" data-voc-photozoom-lightbox>\n<div class=\"voc-lightbox__dialog\" role=\"document\">\n<div class=\"voc-lightbox__content\"><!-- Modal header --><!-- Modal content --><\/p>\n<div class=\"voc-lightbox__photo-container\"><picture class><img loading=\"lazy\" data-original=\"\/\/static3.mujerhoy.com\/www\/multimedia\/202304\/28\/media\/cortadas\/vestidos-blancos-lourdes-montes-fran-rivera-kIyB--460x637@MujerHoy.jpeg\" alt=\"Domingo: Estampado floral\" class=\"lazy\"><noscript><img src=\"http:\/\/hoycordobaweb.com\/wp-content\/uploads\/2023\/05\/los-siete-looks-de-lourdes-montes-que-tienes-que-llevar-esta-primavera-vestidos-estampados-accesorios-de-rafia-y-muchas-otras-propuestas-para-los-proximos-meses-7.jpg\" alt=\"Domingo: Estampado floral\"><\/noscript><\/picture><\/div>\n<\/div>\n<\/div>\n<\/div>\n<p><h3 class=\"voc-detail__title\"> Domingo: Estampado floral<br \/>\n<\/h3>\n<\/p>\n<p class=\"voc-paragraph\">El blanco es siempre una buena idea. Lourdes Montes elige un espectacular vestido de aires rom\u00e1nticos, con estampado de flores. <\/p>\n<p class=\"voc-paragraph\">Truco de estilo: Estos dise\u00f1os son perfectos para las comuniones del mes de mayo. \u00a1O incluso para alg\u00fan bautizo!\n<\/p>\n<p><!-- TOPICS --><\/p>\n","protected":false},"excerpt":{"rendered":"<p>Poco a poco, Lourdes Montes, se ha ido posicionado como una de los personajes m\u00e1s reconocidos de nuestro pa\u00eds. En su vestidor conviven las prendas b\u00e1sicas, todos esos esenciales que perdurar\u00e1n en el tiempo, con otras piezas de pura tendencia. En su d\u00eda a d\u00eda, Lourdes apuesta por looks que pueden usarse tanto de d\u00eda [&hellip;]<\/p>\n","protected":false},"author":1,"featured_media":59364,"comment_status":"closed","ping_status":"closed","sticky":false,"template":"","format":"standard","meta":[],"categories":[1],"tags":[],"_links":{"self":[{"href":"http:\/\/hoycordobaweb.com\/index.php\/wp-json\/wp\/v2\/posts\/59363"}],"collection":[{"href":"http:\/\/hoycordobaweb.com\/index.php\/wp-json\/wp\/v2\/posts"}],"about":[{"href":"http:\/\/hoycordobaweb.com\/index.php\/wp-json\/wp\/v2\/types\/post"}],"author":[{"embeddable":true,"href":"http:\/\/hoycordobaweb.com\/index.php\/wp-json\/wp\/v2\/users\/1"}],"replies":[{"embeddable":true,"href":"http:\/\/hoycordobaweb.com\/index.php\/wp-json\/wp\/v2\/comments?post=59363"}],"version-history":[{"count":0,"href":"http:\/\/hoycordobaweb.com\/index.php\/wp-json\/wp\/v2\/posts\/59363\/revisions"}],"wp:featuredmedia":[{"embeddable":true,"href":"http:\/\/hoycordobaweb.com\/index.php\/wp-json\/wp\/v2\/media\/59364"}],"wp:attachment":[{"href":"http:\/\/hoycordobaweb.com\/index.php\/wp-json\/wp\/v2\/media?parent=59363"}],"wp:term":[{"taxonomy":"category","embeddable":true,"href":"http:\/\/hoycordobaweb.com\/index.php\/wp-json\/wp\/v2\/categories?post=59363"},{"taxonomy":"post_tag","embeddable":true,"href":"http:\/\/hoycordobaweb.com\/index.php\/wp-json\/wp\/v2\/tags?post=59363"}],"curies":[{"name":"wp","href":"https:\/\/api.w.org\/{rel}","templated":true}]}}