{"id":59334,"date":"2023-05-02T09:51:00","date_gmt":"2023-05-02T09:51:00","guid":{"rendered":"https:\/\/fm-comunicar.com.ar\/contenido\/20187\/hubo-seis-personas-detenidas-durante-el-fin-de-semana-largo"},"modified":"2023-05-02T09:51:00","modified_gmt":"2023-05-02T09:51:00","slug":"hubo-seis-personas-detenidas-durante-el-fin-de-semana-largo","status":"publish","type":"post","link":"http:\/\/hoycordobaweb.com\/index.php\/2023\/05\/02\/hubo-seis-personas-detenidas-durante-el-fin-de-semana-largo\/","title":{"rendered":"Hubo seis personas detenidas durante el fin de semana largo"},"content":{"rendered":"<p>La Departamental Col\u00f3n de Polic\u00eda inform\u00f3 distintos hechos delictivos ocurridos en la zona entre ellos un joven de 22 a\u00f1os aprehendido por tenencia de estupefacientes en la tarde del feriado.<img src=\"http:\/\/hoycordobaweb.com\/wp-content\/uploads\/2023\/05\/hubo-seis-personas-detenidas-durante-el-fin-de-semana-largo.jpg\"><\/p>\n","protected":false},"excerpt":{"rendered":"<p>La Departamental Col\u00f3n de Polic\u00eda inform\u00f3 distintos hechos delictivos ocurridos en la zona entre ellos un joven de 22 a\u00f1os aprehendido por tenencia de estupefacientes en la tarde del feriado.<\/p>\n","protected":false},"author":1,"featured_media":59335,"comment_status":"closed","ping_status":"closed","sticky":false,"template":"","format":"standard","meta":[],"categories":[18],"tags":[],"_links":{"self":[{"href":"http:\/\/hoycordobaweb.com\/index.php\/wp-json\/wp\/v2\/posts\/59334"}],"collection":[{"href":"http:\/\/hoycordobaweb.com\/index.php\/wp-json\/wp\/v2\/posts"}],"about":[{"href":"http:\/\/hoycordobaweb.com\/index.php\/wp-json\/wp\/v2\/types\/post"}],"author":[{"embeddable":true,"href":"http:\/\/hoycordobaweb.com\/index.php\/wp-json\/wp\/v2\/users\/1"}],"replies":[{"embeddable":true,"href":"http:\/\/hoycordobaweb.com\/index.php\/wp-json\/wp\/v2\/comments?post=59334"}],"version-history":[{"count":0,"href":"http:\/\/hoycordobaweb.com\/index.php\/wp-json\/wp\/v2\/posts\/59334\/revisions"}],"wp:featuredmedia":[{"embeddable":true,"href":"http:\/\/hoycordobaweb.com\/index.php\/wp-json\/wp\/v2\/media\/59335"}],"wp:attachment":[{"href":"http:\/\/hoycordobaweb.com\/index.php\/wp-json\/wp\/v2\/media?parent=59334"}],"wp:term":[{"taxonomy":"category","embeddable":true,"href":"http:\/\/hoycordobaweb.com\/index.php\/wp-json\/wp\/v2\/categories?post=59334"},{"taxonomy":"post_tag","embeddable":true,"href":"http:\/\/hoycordobaweb.com\/index.php\/wp-json\/wp\/v2\/tags?post=59334"}],"curies":[{"name":"wp","href":"https:\/\/api.w.org\/{rel}","templated":true}]}}