{"id":59321,"date":"2023-05-02T00:54:00","date_gmt":"2023-05-02T00:54:00","guid":{"rendered":"http:\/\/hoycordobaweb.com\/index.php\/2023\/05\/02\/el-pulga-rodriguez-esta-con-los-parametros-vitales-normales-y-seria-operado-el-jueves\/"},"modified":"2023-05-02T00:54:00","modified_gmt":"2023-05-02T00:54:00","slug":"el-pulga-rodriguez-esta-con-los-parametros-vitales-normales-y-seria-operado-el-jueves","status":"publish","type":"post","link":"http:\/\/hoycordobaweb.com\/index.php\/2023\/05\/02\/el-pulga-rodriguez-esta-con-los-parametros-vitales-normales-y-seria-operado-el-jueves\/","title":{"rendered":"El \u00abPulga\u00bb Rodr\u00edguez \u00abest\u00e1 con los par\u00e1metros vitales normales\u00bb y ser\u00eda operado el jueves"},"content":{"rendered":"<p><img src=\"http:\/\/hoycordobaweb.com\/wp-content\/uploads\/2023\/05\/el-pulga-rodriguez-esta-con-los-parametros-vitales-normales-y-seria-operado-el-jueves.jpg\"><\/p>\n<figure class=\"mb-3\"><img loading=\"lazy\" data-src=\"http:\/\/hoycordobaweb.com\/wp-content\/uploads\/2023\/05\/el-pulga-rodriguez-esta-con-los-parametros-vitales-normales-y-seria-operado-el-jueves-2.jpg\" src=\"https:\/\/www.telam.com.ar\/assets\/img\/not_image.png\" class=\" lazy \" width=\"100%\" height=\"100%\" alt=\"El Pulga Rodrguez est con los parmetros vitales normales Foto Luis Cetraro\"><figcaption> El \u00abPulga\u00bb Rodr\u00edguez \u00abest\u00e1 con los par\u00e1metros vitales normales\u00bb \/ Foto: Luis Cetraro. <\/figcaption><\/figure>\n<p>El delantero de Central C\u00f3rdoba de Santiago del Estero <strong>Luis Miguel \u00abPulga\u00bb Rodr\u00edguez \u00abpas\u00f3 una buena noche y est\u00e1 con los par\u00e1metros vitales normales\u00bb<\/strong>, informaron este lunes fuentes sanitarias tras <a href=\"https:\/\/www.telam.com.ar\/notas\/202304\/627076-pulga-rodriguez-accidente-automovilistico-terapia-intensiva.html\" target=\"_blank\" rel=\"noopener noreferrer\">el grave accidente de tr\u00e1nsito<\/a> que protagoniz\u00f3 el pasado domingo en una ruta de Tucum\u00e1n, y por la tarde fue trasladado a una cl\u00ednica privada donde ser\u00eda operado en unas 72 horas.<\/p>\n<p>El m\u00e9dico Jorge Valdecantos, director del hospital Padilla en el que se encontraba internado hasta este lunes por la tarde en que fue trasladado a la cl\u00ednica privada 9 de Julio, donde fue visitado por sus excompa\u00f1eros en Atl\u00e9tico Tucum\u00e1n, Bruno Bianchi, Enzo Kalinski y Sebasti\u00e1n Longo, detall\u00f3 que el futbolista registra \u00abp<strong>resi\u00f3n, respiraci\u00f3n y saturaci\u00f3n de ox\u00edgeno normal\u00bb<\/strong>.<\/p>\n<p><strong>\u00abHoy durante el d\u00eda seguramente repetimos una tomograf\u00eda. Hay que seguir alerta, no se puede descartar nada, y por eso fue internado en terapia intensiva y controlado\u00bb<\/strong>, explic\u00f3 en di\u00e1logo con Cr\u00f3nica TV.<\/p>\n<p><strong>Rodr\u00edguez sufri\u00f3 traumatismo de cr\u00e1neo, fractura en los senos maxilares y acumulaci\u00f3n de aire en el mediastino <\/strong>tras el vuelco de la camioneta en la que circulaba por su provincia natal.<\/p>\n<p><strong>\u00abLo que m\u00e1s nos preocup\u00f3 es que ten\u00eda aire en el mediastino y en la cara. Eso puede ser por una v\u00eda a\u00e9rea rota y por eso decidimos derivarlo a la terapia intensiva en observaci\u00f3n\u00bb<\/strong>, argument\u00f3 el m\u00e9dico en otra nota con DSports.<\/p>\n<figure class=\"mb-3\"><img loading=\"lazy\" data-src=\"http:\/\/hoycordobaweb.com\/wp-content\/uploads\/2023\/05\/el-pulga-rodriguez-esta-con-los-parametros-vitales-normales-y-seria-operado-el-jueves-3.jpg\" src=\"https:\/\/www.telam.com.ar\/assets\/img\/not_image.png\" class=\" lazy \" width=\"100%\" height=\"100%\" alt=\"As qued el auto tras el accidente Foto Twitter\"><figcaption> As\u00ed qued\u00f3 el auto tras el accidente \/ Foto: Twitter. <\/figcaption><\/figure>\n<p>El titular del Hospital Padilla estim\u00f3 que el delantero \u00abno deber\u00eda tener problemas para regresar a la actividad porque como futbolista est\u00e1 muy bien muscularmente\u00bb.<\/p>\n<p><strong>\u00bbVamos a hacer todo lo posible para que vuelva a la cancha cuanto antes&#8217;<\/strong>&#8216;, concluy\u00f3 Valdecantos.<\/p>\n<p>Por su parte el representante del jugador de 38 a\u00f1os, Roberto San Juan le confi\u00f3 a ESPN que el nacido en la localidad tucumana de Simoca <strong>\u00abal momento del vuelco sali\u00f3 despedido por el parabrisas y eso lo salv\u00f3\u00bb<\/strong>.<\/p>\n<p>\u00ab<strong>Despu\u00e9s estuvo caminando confundido hasta que lleg\u00f3 a una casa y pidi\u00f3 ayuda, diciendo que lo hab\u00edan asaltado y lo golpearon. No sab\u00eda ni porqu\u00e9 estaba volviendo de Santiago del Estero. Lo bueno es que ahora est\u00e1 fuera de peligro. Despu\u00e9s, la operaci\u00f3n que le podr\u00edan hacer en la cara ser\u00e1 otra etapa\u00bb<\/strong>, apunt\u00f3.<\/p>\n<p>\u00abLuis tiene a su lado a su esposa todo el d\u00eda, y la verdad que Paula es un fen\u00f3meno en todo lo que hace por \u00e9l\u00bb, cerr\u00f3 San Juan. La operaci\u00f3n en cuesti\u00f3n se llevar\u00eda a cabo en la cl\u00ednica 9 de Julio dentro de aproximadamente tres d\u00edas. <\/p>\n","protected":false},"excerpt":{"rendered":"<p>El \u00abPulga\u00bb Rodr\u00edguez \u00abest\u00e1 con los par\u00e1metros vitales normales\u00bb \/ Foto: Luis Cetraro. El delantero de Central C\u00f3rdoba de Santiago del Estero Luis Miguel \u00abPulga\u00bb Rodr\u00edguez \u00abpas\u00f3 una buena noche y est\u00e1 con los par\u00e1metros vitales normales\u00bb, informaron este lunes fuentes sanitarias tras el grave accidente de tr\u00e1nsito que protagoniz\u00f3 el pasado domingo en una [&hellip;]<\/p>\n","protected":false},"author":1,"featured_media":59322,"comment_status":"open","ping_status":"closed","sticky":false,"template":"","format":"standard","meta":[],"categories":[19],"tags":[],"_links":{"self":[{"href":"http:\/\/hoycordobaweb.com\/index.php\/wp-json\/wp\/v2\/posts\/59321"}],"collection":[{"href":"http:\/\/hoycordobaweb.com\/index.php\/wp-json\/wp\/v2\/posts"}],"about":[{"href":"http:\/\/hoycordobaweb.com\/index.php\/wp-json\/wp\/v2\/types\/post"}],"author":[{"embeddable":true,"href":"http:\/\/hoycordobaweb.com\/index.php\/wp-json\/wp\/v2\/users\/1"}],"replies":[{"embeddable":true,"href":"http:\/\/hoycordobaweb.com\/index.php\/wp-json\/wp\/v2\/comments?post=59321"}],"version-history":[{"count":0,"href":"http:\/\/hoycordobaweb.com\/index.php\/wp-json\/wp\/v2\/posts\/59321\/revisions"}],"wp:featuredmedia":[{"embeddable":true,"href":"http:\/\/hoycordobaweb.com\/index.php\/wp-json\/wp\/v2\/media\/59322"}],"wp:attachment":[{"href":"http:\/\/hoycordobaweb.com\/index.php\/wp-json\/wp\/v2\/media?parent=59321"}],"wp:term":[{"taxonomy":"category","embeddable":true,"href":"http:\/\/hoycordobaweb.com\/index.php\/wp-json\/wp\/v2\/categories?post=59321"},{"taxonomy":"post_tag","embeddable":true,"href":"http:\/\/hoycordobaweb.com\/index.php\/wp-json\/wp\/v2\/tags?post=59321"}],"curies":[{"name":"wp","href":"https:\/\/api.w.org\/{rel}","templated":true}]}}