{"id":59309,"date":"2023-05-01T11:58:23","date_gmt":"2023-05-01T11:58:23","guid":{"rendered":"https:\/\/www.mujerhoy.com\/moda\/no-te-pierdas\/alpargatas-cuna-comodas-ponibles-baratas-favoritas-bar-rafaeli-20230501135748-nt.html"},"modified":"2023-05-01T11:58:23","modified_gmt":"2023-05-01T11:58:23","slug":"las-alpargatas-de-cuna-mas-comodas-y-ponibles-son-estas-asequibles-que-llevan-las-supermodelos","status":"publish","type":"post","link":"http:\/\/hoycordobaweb.com\/index.php\/2023\/05\/01\/las-alpargatas-de-cuna-mas-comodas-y-ponibles-son-estas-asequibles-que-llevan-las-supermodelos\/","title":{"rendered":"Las alpargatas de cu\u00f1a m\u00e1s c\u00f3modas y ponibles son estas asequibles que llevan las supermodelos"},"content":{"rendered":"<p><!-- AUTHOR --><\/p>\n<div class=\"voc-author-timesocial \"><!-- AUTHOR --><\/p>\n<div class=\"voc-author-timesocial__signature\"><!-- IMAGE AUTHOR --><picture class=\"voc-image-signature\"><img class=\"voc-image-signature__img\" src=\"http:\/\/hoycordobaweb.com\/wp-content\/uploads\/2023\/05\/las-alpargatas-de-cuna-mas-comodas-y-ponibles-son-estas-asequibles-que-llevan-las-supermodelos.jpg\" alt=\"Raquel Rodr\u00edguez\"><\/picture><!-- INFO AUTHOR --><\/div>\n<\/div>\n<p><!-- COMPONENTS --><\/p>\n<p class=\"voc-paragraph\">Confirmado, esta temporada tambi\u00e9n van a arrasar las alpargatas. Llevan unos a\u00f1os siendo el calzado favorito de la temporada primavera\/verano desde que la reina Letizia hiciera de \u00e9l su mejor aliado. Las <a data-voc-vtm-id=\"in-text-traffic\" href=\"https:\/\/www.mujerhoy.com\/moda\/no-te-pierdas\/alpargatas-tendencia-2023-20230408132904-nt.html\" title=\"www.mujerhoy.com\">tendencias de alpargatas de 2023<\/a> dicen que en los pr\u00f3ximos meses vamos a lucir dise\u00f1os de cu\u00f1a como <a data-voc-vtm-id=\"in-text-traffic\" href=\"https:\/\/www.mujerhoy.com\/moda\/no-te-pierdas\/alpargatas-bicolor-zara-agotadas-buen-tiempo-20230311112609-nt.html\" title=\"www.mujerhoy.com\">las ya casi agotadas de Zara<\/a> o este modelo low cost que nos ha descubierto <strong>Bar Rafaeli<\/strong>.\n<\/p>\n<p class=\"voc-paragraph\">Y es que, la supermodelo se ha estrenado como imagen de la marca de calzado <strong>Xti<\/strong> su nueva campa\u00f1a Primavera-Verano 23. Un fichaje en el que modelo israel\u00ed pasa a formar del elenco de celebridades de fama mundial que han representado a la firma como es el caso de Irina Shayk, Alessandra Ambrosio o Sara Sampaio.\n<\/p>\n<p class=\"voc-paragraph\">La top model internacional ha presentado la nueva colecci\u00f3n de la firma con una campa\u00f1a en la que es protagonista y con una presentaci\u00f3n ante los medios de comunicaci\u00f3n en la que ha lucido un look que es toda una inspiraci\u00f3n. Un <strong>outfit formado por b\u00e1sicos<\/strong> y completado con las alpargatas m\u00e1s ponibles de la temporada.\n<\/p>\n<div class=\"voc-detail-photo-zoom\"><picture data-toggle=\"modal\" data-target=\"#photoZoomModal-293\" target=\"modal\">\n<div class=\"voc-img-icon-link\"><img loading=\"lazy\" data-original=\"\/\/static2.mujerhoy.com\/www\/multimedia\/202304\/20\/media\/cortadas\/bar-rafaeli-alpargatas-cuna-kCNE--460x637@MujerHoy.jpg\" class=\"lazy\" alt=\"Bar Rafaeli con unas alpargas de Xti. \/ MUJERHOY\"><noscript><img src=\"http:\/\/hoycordobaweb.com\/wp-content\/uploads\/2023\/05\/las-alpargatas-de-cuna-mas-comodas-y-ponibles-son-estas-asequibles-que-llevan-las-supermodelos-1.jpg\" alt=\"Bar Rafaeli con unas alpargas de Xti. \/ MUJERHOY\"><\/noscript><i class=\"voc-icons zoom voc-multimedia-box voc-ico-l\"><\/i><\/div><figcaption class=\"figure-caption\">Bar Rafaeli con unas alpargas de Xti. \/ MUJERHOY<\/figcaption><\/picture><\/div>\n<div id=\"photoZoomModal-293\" class=\"voc-lightbox modal fade voc-lightbox--photo-zoom\" role=\"dialog\" data-voc-photozoom-lightbox>\n<div class=\"voc-lightbox__dialog\" role=\"document\">\n<div class=\"voc-lightbox__content\"><!-- Modal header --><!-- Modal content --><\/p>\n<div class=\"voc-lightbox__photo-container\"><picture class><img loading=\"lazy\" data-original=\"\/\/static2.mujerhoy.com\/www\/multimedia\/202304\/20\/media\/cortadas\/bar-rafaeli-alpargatas-cuna-kCNE--460x637@MujerHoy.jpg\" alt=\"Bar Rafaeli con unas alpargas de Xti. \/ MUJERHOY\" class=\"lazy\"><noscript><img src=\"http:\/\/hoycordobaweb.com\/wp-content\/uploads\/2023\/05\/las-alpargatas-de-cuna-mas-comodas-y-ponibles-son-estas-asequibles-que-llevan-las-supermodelos-1.jpg\" alt=\"Bar Rafaeli con unas alpargas de Xti. \/ MUJERHOY\"><\/noscript><\/picture><\/div>\n<\/div>\n<\/div>\n<\/div>\n<p class=\"voc-paragraph\">Bar apareci\u00f3 en la cita con un total look blanco protagonizado por una camisa blanca y unos jeans rectos. Dos prendas de estilo masculino y corte oversize que puedes encontrar en cualquier firma low cost y que forman un estilismo c\u00f3modo y favorecedor para cualquier d\u00eda de primavera.\n<\/p>\n<p class=\"voc-paragraph\">Y para seguir con esa l\u00ednea de prendas c\u00f3modas y aptas para el diario, Bar complet\u00f3 el look con unas alpargatas de Xti. Y en concreto, se decant\u00f3 por un modelo muy ponible, vers\u00e1til y que pega con todo. Y lo mejor de todo es que son un dise\u00f1o que puedes comprar a un precio muy asequible:<br \/>\n<strong> 39,95 euros<\/strong>.\n<\/p>\n<div class=\"voc-detail__cmp\">\n<div class=\"voc-article-container\">\n<article class=\"voc-article voc-article--cmp-photo-text\" readability=\"26\">\n<div class=\"voc-img-container\" readability=\"7\"><picture>\n<div class=\"voc-horizontal voc-img-icon-link\"><img class=\"lazy\" loading=\"lazy\" data-original=\"\/\/static1.mujerhoy.com\/www\/multimedia\/202304\/20\/media\/cortadas\/alpargatas-negras-comodas-kCNE--624x624@MujerHoy.png\" alt=\"Las alpargatas negras de Xti.\"><\/div>\n<\/picture>\n<p class=\"figure-caption \"> Las alpargatas negras de Xti. <span class=\"voc-photo-author\"><\/span><\/p>\n<\/div>\n<\/article>\n<\/div>\n<\/div>\n<p class=\"voc-paragraph\">Se trata de una alpargata de mujer tipo valenciana fabricada en antelina combinada con una trasera de textil. Tiene el cierre mediante cintas atadas al tobillo que te permitir\u00e1n adaptarla a tu estilo y una cu\u00f1a de 8 cent\u00edmetros de yute con suela de goma antideslizante.\n<\/p>\n<p class=\"voc-paragraph\">Adem\u00e1s, es un modelo que ha obtenido el certificado vegano por la organizaci\u00f3n mundial PETA (Organizaci\u00f3n de los derechos de los animales). Est\u00e1 disponible desde la talla 35 a la 41 y aunque la puedes comprar en cinco colores diferentes como el rojo o el azul, lo cierto es que el negro que ha llevado es el m\u00e1s ponible.\n<\/p>\n<div class=\"voc-detail__cmp\">\n<div class=\"voc-article-container\">\n<article class=\"voc-article voc-article--cmp-photo-text\" readability=\"26\">\n<div class=\"voc-img-container\" readability=\"7\"><picture>\n<div class=\"voc-horizontal voc-img-icon-link\"><img class=\"lazy\" loading=\"lazy\" data-original=\"\/\/static2.mujerhoy.com\/www\/multimedia\/202304\/20\/media\/cortadas\/alpargatas-cunas-baratas-kCNE--624x624@MujerHoy.png\" alt=\"Las alpargatas negras de Xti.\"><\/div>\n<\/picture>\n<p class=\"figure-caption \"> Las alpargatas negras de Xti. <span class=\"voc-photo-author\"><\/span><\/p>\n<\/div>\n<\/article>\n<\/div>\n<\/div>\n<p><h3 class=\"voc-detail__title\"> Las alpargatas negras m\u00e1s ponibles<br \/>\n<\/h3>\n<\/p>\n<div class=\"voc-detail__cmp\" readability=\"6.5\">\n<div class=\"voc-photo-combo-three fw-xs\" readability=\"8\">\n<p class=\"figure-caption\"><span class=\"voc-photo-caption\">Las alpargatas de Gaimo, Macarena y Toni Pons.<\/span><span class=\"voc-photo-author\"><\/span><\/p>\n<\/div>\n<\/div>\n<p class=\"voc-paragraph\">Si te ha gustado la idea, debes saber que hay opciones en el mercado similares e igual de ideales. Y si eres de las que apuestan siempre por el <i>made in Spain<\/i>, ficha que estos modelos que son de lo m\u00e1s c\u00f3modos y te vas a poner much\u00edsimo.\n<\/p>\n<p class=\"voc-paragraph\">Puedes probar con esta cu\u00f1a media de yute 100% ecol\u00f3gico confeccionadas en piel ante con corte cerrado y plantillas acolchadas de <strong>Gaimo <\/strong>que cuesta 55 euros. Si eres del team de las de tiras, estas de <strong>Macarena Shoes<\/strong>, la firma favorita de la reina Letizia, est\u00e1n elaboradas en lino viejo color negro y cuestan 84,90 euros. Por \u00faltimo, para las que no quieren tanta altura, tienes que fichar las de <strong>Toni Pons<\/strong>, con cu\u00f1a media y con un precio de 49,95 euros.\n<\/p>\n<p><!-- TOPICS --><\/p>\n","protected":false},"excerpt":{"rendered":"<p>Confirmado, esta temporada tambi\u00e9n van a arrasar las alpargatas. Llevan unos a\u00f1os siendo el calzado favorito de la temporada primavera\/verano desde que la reina Letizia hiciera de \u00e9l su mejor aliado. Las tendencias de alpargatas de 2023 dicen que en los pr\u00f3ximos meses vamos a lucir dise\u00f1os de cu\u00f1a como las ya casi agotadas de [&hellip;]<\/p>\n","protected":false},"author":1,"featured_media":59310,"comment_status":"closed","ping_status":"closed","sticky":false,"template":"","format":"standard","meta":[],"categories":[1],"tags":[],"_links":{"self":[{"href":"http:\/\/hoycordobaweb.com\/index.php\/wp-json\/wp\/v2\/posts\/59309"}],"collection":[{"href":"http:\/\/hoycordobaweb.com\/index.php\/wp-json\/wp\/v2\/posts"}],"about":[{"href":"http:\/\/hoycordobaweb.com\/index.php\/wp-json\/wp\/v2\/types\/post"}],"author":[{"embeddable":true,"href":"http:\/\/hoycordobaweb.com\/index.php\/wp-json\/wp\/v2\/users\/1"}],"replies":[{"embeddable":true,"href":"http:\/\/hoycordobaweb.com\/index.php\/wp-json\/wp\/v2\/comments?post=59309"}],"version-history":[{"count":0,"href":"http:\/\/hoycordobaweb.com\/index.php\/wp-json\/wp\/v2\/posts\/59309\/revisions"}],"wp:featuredmedia":[{"embeddable":true,"href":"http:\/\/hoycordobaweb.com\/index.php\/wp-json\/wp\/v2\/media\/59310"}],"wp:attachment":[{"href":"http:\/\/hoycordobaweb.com\/index.php\/wp-json\/wp\/v2\/media?parent=59309"}],"wp:term":[{"taxonomy":"category","embeddable":true,"href":"http:\/\/hoycordobaweb.com\/index.php\/wp-json\/wp\/v2\/categories?post=59309"},{"taxonomy":"post_tag","embeddable":true,"href":"http:\/\/hoycordobaweb.com\/index.php\/wp-json\/wp\/v2\/tags?post=59309"}],"curies":[{"name":"wp","href":"https:\/\/api.w.org\/{rel}","templated":true}]}}