{"id":59295,"date":"2023-05-01T22:31:34","date_gmt":"2023-05-01T22:31:34","guid":{"rendered":"https:\/\/www.ole.com.ar\/fuera-de-juego\/maradona-pele-argentinos-santos-homenaje_0_dctlAhAvwK.html"},"modified":"2023-05-01T22:31:34","modified_gmt":"2023-05-01T22:31:34","slug":"video-el-homenaje-de-argentinos-y-santos-a-maradona-y-pele","status":"publish","type":"post","link":"http:\/\/hoycordobaweb.com\/index.php\/2023\/05\/01\/video-el-homenaje-de-argentinos-y-santos-a-maradona-y-pele\/","title":{"rendered":"Video: el homenaje de Argentinos y Santos a Maradona y Pel\u00e9"},"content":{"rendered":"<p><img src=\"http:\/\/hoycordobaweb.com\/wp-content\/uploads\/2023\/05\/video-el-homenaje-de-argentinos-y-santos-a-maradona-y-pele.jpg\"><\/p>\n<p><time class=\"createDate\" datetime=\"2023-05-01T19:31:34-03:00\">01\/05\/2023 19:31hs.<\/time><time class=\"modificatedDate\" datetime=\"2023\/05\/01T19:31:34-03:00\"><\/time><\/p>\n<div id=\"storyBody\">\n<div class=\"custom-text \" readability=\"14\">\n<p>Formaron el n\u00famero 10, hubo intercambio de camisetas con los nombres invertidos y un video muy emotivo que publicaron ambos clubes. \u201cEs un gran placer volver a tener este encuentro entre Pel\u00e9 y Maradona. Y despu\u00e9s de esa visita pudimos identificar similitudes entre los dos clubes, y encontramos un equipo hermano para nosotros\u201d, dijo Javier Pederzoli, vicepresidente del Bicho.<\/p>\n<\/div>\n<div class=\"sc-996041c8-0 dnrmTT\"><img alt=\"Maradona y la 10 de Santos, Pel\u00e9 y la 10 de Argentinos...\" src=\"http:\/\/hoycordobaweb.com\/wp-content\/uploads\/2023\/05\/video-el-homenaje-de-argentinos-y-santos-a-maradona-y-pele-2.jpg\" width=\"72\" height=\"10\" decoding=\"async\" data-nimg=\"future\" loading=\"lazy\"><span>Maradona y la 10 de Santos, Pel\u00e9 y la 10 de Argentinos&#8230;<\/span><\/div>\n<div class=\"sc-996041c8-0 dnrmTT\"><img alt=\"El 10 en el Diego Maradona para Pelusa y Pel\u00e9.\" src=\"http:\/\/hoycordobaweb.com\/wp-content\/uploads\/2023\/05\/video-el-homenaje-de-argentinos-y-santos-a-maradona-y-pele-3.jpg\" width=\"72\" height=\"10\" decoding=\"async\" data-nimg=\"future\" loading=\"lazy\"><span>El 10 en el Diego Maradona para Pelusa y Pel\u00e9.<\/span><\/div>\n<div class=\"custom-text \" readability=\"13\">\n<p>\u00abEstamos muy contentos de homenajear a Pel\u00e9 y Maradona, principalmente porque son los clubes que crearon estas dos leyendas. Vinimos a Argentina para celebrar su grandeza y genialidad, y tambi\u00e9n es otra forma de que Santos FC se acerque a clubes de todo el mundo y difunda la marca en todo el planeta\u00bb, dijeron desde el club brasile\u00f1o.<\/p>\n<\/div>\n<div class=\"custom-text \" readability=\"10\">\n<p>Mientras Diego falleci\u00f3 el 25 de noviembre del 2020 a los 60 a\u00f1os, Pel\u00e9 muri\u00f3 el 29 de diciembre del a\u00f1o pasado, a los 82.<\/p>\n<\/div>\n<p><h2><strong>EL VIDEO POR MARADONA Y PEL\u00c9<\/strong><\/h2>\n<\/p>\n<\/div>\n","protected":false},"excerpt":{"rendered":"<p>01\/05\/2023 19:31hs. Formaron el n\u00famero 10, hubo intercambio de camisetas con los nombres invertidos y un video muy emotivo que publicaron ambos clubes. \u201cEs un gran placer volver a tener este encuentro entre Pel\u00e9 y Maradona. Y despu\u00e9s de esa visita pudimos identificar similitudes entre los dos clubes, y encontramos un equipo hermano para nosotros\u201d, [&hellip;]<\/p>\n","protected":false},"author":1,"featured_media":59296,"comment_status":"open","ping_status":"closed","sticky":false,"template":"","format":"standard","meta":[],"categories":[16],"tags":[],"_links":{"self":[{"href":"http:\/\/hoycordobaweb.com\/index.php\/wp-json\/wp\/v2\/posts\/59295"}],"collection":[{"href":"http:\/\/hoycordobaweb.com\/index.php\/wp-json\/wp\/v2\/posts"}],"about":[{"href":"http:\/\/hoycordobaweb.com\/index.php\/wp-json\/wp\/v2\/types\/post"}],"author":[{"embeddable":true,"href":"http:\/\/hoycordobaweb.com\/index.php\/wp-json\/wp\/v2\/users\/1"}],"replies":[{"embeddable":true,"href":"http:\/\/hoycordobaweb.com\/index.php\/wp-json\/wp\/v2\/comments?post=59295"}],"version-history":[{"count":0,"href":"http:\/\/hoycordobaweb.com\/index.php\/wp-json\/wp\/v2\/posts\/59295\/revisions"}],"wp:featuredmedia":[{"embeddable":true,"href":"http:\/\/hoycordobaweb.com\/index.php\/wp-json\/wp\/v2\/media\/59296"}],"wp:attachment":[{"href":"http:\/\/hoycordobaweb.com\/index.php\/wp-json\/wp\/v2\/media?parent=59295"}],"wp:term":[{"taxonomy":"category","embeddable":true,"href":"http:\/\/hoycordobaweb.com\/index.php\/wp-json\/wp\/v2\/categories?post=59295"},{"taxonomy":"post_tag","embeddable":true,"href":"http:\/\/hoycordobaweb.com\/index.php\/wp-json\/wp\/v2\/tags?post=59295"}],"curies":[{"name":"wp","href":"https:\/\/api.w.org\/{rel}","templated":true}]}}