{"id":59262,"date":"2023-04-30T12:16:27","date_gmt":"2023-04-30T12:16:27","guid":{"rendered":"https:\/\/www.mujerhoy.com\/moda\/no-te-pierdas\/sofia-palazuelo-vestidos-camisas-zara-secretos-estilo-famosas-modelos-novedades-primavera-20230430013436-nt.html"},"modified":"2023-04-30T12:16:27","modified_gmt":"2023-04-30T12:16:27","slug":"los-siete-looks-sofia-palazuelo-que-tienes-que-copiar-esta-primavera-los-vestidos-mas-elegantes-los-accesorios-clave-y-los-conjuntos-mas-bonitos-de-la-temporada","status":"publish","type":"post","link":"http:\/\/hoycordobaweb.com\/index.php\/2023\/04\/30\/los-siete-looks-sofia-palazuelo-que-tienes-que-copiar-esta-primavera-los-vestidos-mas-elegantes-los-accesorios-clave-y-los-conjuntos-mas-bonitos-de-la-temporada\/","title":{"rendered":"Los siete looks Sof\u00eda Palazuelo que tienes que copiar esta primavera: los vestidos m\u00e1s elegantes, los accesorios clave y los conjuntos m\u00e1s bonitos de la temporada"},"content":{"rendered":"<p><!-- AUTHOR --><\/p>\n<div class=\"voc-author-timesocial \"><!-- AUTHOR --><\/p>\n<div class=\"voc-author-timesocial__signature\"><!-- IMAGE AUTHOR --><picture class=\"voc-image-signature\"><img class=\"voc-image-signature__img\" src=\"http:\/\/hoycordobaweb.com\/wp-content\/uploads\/2023\/04\/los-siete-looks-sofia-palazuelo-que-tienes-que-copiar-esta-primavera-los-vestidos-mas-elegantes-los-accesorios-clave-y-los-conjuntos-mas-bonitos-de-la-temporada.jpg\" alt=\"Gemma Cano\"><\/picture><!-- INFO AUTHOR --><\/div>\n<\/div>\n<p><!-- COMPONENTS --><\/p>\n<p class=\"voc-paragraph\">No cabe duda de que Sofia Palazuelo se ha convertido en una de los personajes de la aristocracia espa\u00f1ola m\u00e1s buscados. Aunque su perfil p\u00fablico es discreto, en cada evento al que acude sus looks son analizados al detalle. Para <strong>su d\u00eda a d\u00eda<\/strong>, la Duquesa de Hu\u00e9scar apuesta por los <a data-voc-vtm-id=\"in-text-traffic\" href=\"https:\/\/www.mujerhoy.com\/moda\/no-te-pierdas\/edurne-mejores-looks-vestidos-favorecedores-rejuvenecen-a-partir-40-anos-20230426030946-nt.html\">b\u00e1sicos m\u00e1s cl\u00e1sicos<\/a>, con peque\u00f1os toques innovadores. Para los eventos de su agenda personal, elige siempre <a data-voc-vtm-id=\"in-text-traffic\" href=\"https:\/\/www.mujerhoy.com\/moda\/no-te-pierdas\/elena-tablada-look-rejuvenecedor-edad-40-anos-primavera-zara-20230425132041-nt.html\">looks m\u00e1s arriesgados<\/a>, dentro de su estilo formal. Adem\u00e1s, puede presumir de ser siempre una de las invitadas mejor vestidas de las bodas a las que acude. Aqu\u00ed est\u00e1n los mejores momentos estil\u00edsticos de Sof\u00eda Palazuelo, con un mont\u00f3n de ideas, que podemos copiar en nuestros primeros <strong>looks de primavera<\/strong>.\n<\/p>\n<div class=\"voc-detail-photo-zoom\"><picture data-toggle=\"modal\" data-target=\"#photoZoomModal-484\" target=\"modal\">\n<div class=\"voc-img-icon-link\"><img loading=\"lazy\" data-original=\"\/\/static3.mujerhoy.com\/www\/multimedia\/202304\/30\/media\/cortadas\/vestido-sofia-palazuelo-zara-nuevo-kOaH--460x637@MujerHoy.jpg\" class=\"lazy\" alt=\"Lunes: Versi\u00f3n reducida\"><noscript><img src=\"http:\/\/hoycordobaweb.com\/wp-content\/uploads\/2023\/04\/los-siete-looks-sofia-palazuelo-que-tienes-que-copiar-esta-primavera-los-vestidos-mas-elegantes-los-accesorios-clave-y-los-conjuntos-mas-bonitos-de-la-temporada-1.jpg\" alt=\"Lunes: Versi\u00f3n reducida\"><\/noscript><i class=\"voc-icons zoom voc-multimedia-box voc-ico-l\"><\/i><\/div><figcaption class=\"figure-caption\">Lunes: Versi\u00f3n reducida<\/figcaption><\/picture><\/div>\n<div id=\"photoZoomModal-484\" class=\"voc-lightbox modal fade voc-lightbox--photo-zoom\" role=\"dialog\" data-voc-photozoom-lightbox>\n<div class=\"voc-lightbox__dialog\" role=\"document\">\n<div class=\"voc-lightbox__content\"><!-- Modal header --><!-- Modal content --><\/p>\n<div class=\"voc-lightbox__photo-container\"><picture class><img loading=\"lazy\" data-original=\"\/\/static3.mujerhoy.com\/www\/multimedia\/202304\/30\/media\/cortadas\/vestido-sofia-palazuelo-zara-nuevo-kOaH--460x637@MujerHoy.jpg\" alt=\"Lunes: Versi\u00f3n reducida\" class=\"lazy\"><noscript><img src=\"http:\/\/hoycordobaweb.com\/wp-content\/uploads\/2023\/04\/los-siete-looks-sofia-palazuelo-que-tienes-que-copiar-esta-primavera-los-vestidos-mas-elegantes-los-accesorios-clave-y-los-conjuntos-mas-bonitos-de-la-temporada-1.jpg\" alt=\"Lunes: Versi\u00f3n reducida\"><\/noscript><\/picture><\/div>\n<\/div>\n<\/div>\n<\/div>\n<p><h3 class=\"voc-detail__title\"> Lunes: Versi\u00f3n reducida<br \/>\n<\/h3>\n<\/p>\n<p class=\"voc-paragraph\">La semana empieza para Sof\u00eda Palazuelo con una propuesta c\u00f3moda, pero de plena tendencia. Un mini vestido en el binomio de colores m\u00e1s elegante. <\/p>\n<p class=\"voc-paragraph\">Truco de estilo: Si quieres a\u00f1adir un toque especial a esta propuesta a\u00f1ade un par de sandalias planas con un dise\u00f1o original.\n<\/p>\n<div class=\"voc-detail-photo-zoom\"><picture data-toggle=\"modal\" data-target=\"#photoZoomModal-368\" target=\"modal\">\n<div class=\"voc-img-icon-link\"><img loading=\"lazy\" data-original=\"\/\/static3.mujerhoy.com\/www\/multimedia\/202304\/30\/media\/cortadas\/vestidos-sofia-palazuelo-zara-nuevo-kOaH--460x637@MujerHoy.jpg\" class=\"lazy\" alt=\"Martes: B\u00e1sicos de primavera\"><noscript><img src=\"http:\/\/hoycordobaweb.com\/wp-content\/uploads\/2023\/04\/los-siete-looks-sofia-palazuelo-que-tienes-que-copiar-esta-primavera-los-vestidos-mas-elegantes-los-accesorios-clave-y-los-conjuntos-mas-bonitos-de-la-temporada-2.jpg\" alt=\"Martes: B\u00e1sicos de primavera\"><\/noscript><i class=\"voc-icons zoom voc-multimedia-box voc-ico-l\"><\/i><\/div><figcaption class=\"figure-caption\">Martes: B\u00e1sicos de primavera<\/figcaption><\/picture><\/div>\n<div id=\"photoZoomModal-368\" class=\"voc-lightbox modal fade voc-lightbox--photo-zoom\" role=\"dialog\" data-voc-photozoom-lightbox>\n<div class=\"voc-lightbox__dialog\" role=\"document\">\n<div class=\"voc-lightbox__content\"><!-- Modal header --><!-- Modal content --><\/p>\n<div class=\"voc-lightbox__photo-container\"><picture class><img loading=\"lazy\" data-original=\"\/\/static3.mujerhoy.com\/www\/multimedia\/202304\/30\/media\/cortadas\/vestidos-sofia-palazuelo-zara-nuevo-kOaH--460x637@MujerHoy.jpg\" alt=\"Martes: B\u00e1sicos de primavera\" class=\"lazy\"><noscript><img src=\"http:\/\/hoycordobaweb.com\/wp-content\/uploads\/2023\/04\/los-siete-looks-sofia-palazuelo-que-tienes-que-copiar-esta-primavera-los-vestidos-mas-elegantes-los-accesorios-clave-y-los-conjuntos-mas-bonitos-de-la-temporada-2.jpg\" alt=\"Martes: B\u00e1sicos de primavera\"><\/noscript><\/picture><\/div>\n<\/div>\n<\/div>\n<\/div>\n<p><h3 class=\"voc-detail__title\"> Martes: B\u00e1sicos de primavera<br \/>\n<\/h3>\n<\/p>\n<p class=\"voc-paragraph\">Utiliza los recursos estil\u00edsticos de Sof\u00eda Palazuelo para poner el punto primaveral a tus looks diarios. <\/p>\n<p class=\"voc-paragraph\">Truco de estilo: Encontrar el vestido blanco perfecto no es f\u00e1cil, pero si eliges un dise\u00f1o midi con mangas abullonadas el \u00e9xito est\u00e1 asegurado.\n<\/p>\n<div class=\"voc-detail-photo-zoom\"><picture data-toggle=\"modal\" data-target=\"#photoZoomModal-397\" target=\"modal\">\n<div class=\"voc-img-icon-link\"><img loading=\"lazy\" data-original=\"\/\/static1.mujerhoy.com\/www\/multimedia\/202304\/30\/media\/cortadas\/vestido-rojo-sofia-palazuelo-zara-nuevo-kOaH--460x637@MujerHoy.jpg\" class=\"lazy\" alt=\"Mi\u00e9rcoles: Casual chic\"><noscript><img src=\"http:\/\/hoycordobaweb.com\/wp-content\/uploads\/2023\/04\/los-siete-looks-sofia-palazuelo-que-tienes-que-copiar-esta-primavera-los-vestidos-mas-elegantes-los-accesorios-clave-y-los-conjuntos-mas-bonitos-de-la-temporada-3.jpg\" alt=\"Mi\u00e9rcoles: Casual chic\"><\/noscript><i class=\"voc-icons zoom voc-multimedia-box voc-ico-l\"><\/i><\/div><figcaption class=\"figure-caption\">Mi\u00e9rcoles: Casual chic<\/figcaption><\/picture><\/div>\n<div id=\"photoZoomModal-397\" class=\"voc-lightbox modal fade voc-lightbox--photo-zoom\" role=\"dialog\" data-voc-photozoom-lightbox>\n<div class=\"voc-lightbox__dialog\" role=\"document\">\n<div class=\"voc-lightbox__content\"><!-- Modal header --><!-- Modal content --><\/p>\n<div class=\"voc-lightbox__photo-container\"><picture class><img loading=\"lazy\" data-original=\"\/\/static1.mujerhoy.com\/www\/multimedia\/202304\/30\/media\/cortadas\/vestido-rojo-sofia-palazuelo-zara-nuevo-kOaH--460x637@MujerHoy.jpg\" alt=\"Mi\u00e9rcoles: Casual chic\" class=\"lazy\"><noscript><img src=\"http:\/\/hoycordobaweb.com\/wp-content\/uploads\/2023\/04\/los-siete-looks-sofia-palazuelo-que-tienes-que-copiar-esta-primavera-los-vestidos-mas-elegantes-los-accesorios-clave-y-los-conjuntos-mas-bonitos-de-la-temporada-3.jpg\" alt=\"Mi\u00e9rcoles: Casual chic\"><\/noscript><\/picture><\/div>\n<\/div>\n<\/div>\n<\/div>\n<p><h3 class=\"voc-detail__title\"> Mi\u00e9rcoles: Casual chic<br \/>\n<\/h3>\n<\/p>\n<p class=\"voc-paragraph\">Despu\u00e9s del largo invierno, ya ten\u00edamos ganas de rescatar del fondo del armario las prendas a todo color. Y sin duda, una de ellas, es el vestido rojo. <\/p>\n<p class=\"voc-paragraph\">Truco de estilo: la comodidad no est\u00e1 re\u00f1ida con lucir un estilo femenino. Elige unas sandalias de tiras de tac\u00f3n medio.\n<\/p>\n<div class=\"voc-detail-photo-zoom\"><picture data-toggle=\"modal\" data-target=\"#photoZoomModal-905\" target=\"modal\">\n<div class=\"voc-img-icon-link\"><img loading=\"lazy\" data-original=\"\/\/static3.mujerhoy.com\/www\/multimedia\/202304\/30\/media\/cortadas\/pantalon-rojo-sofia-palazuelo-zara-nuevo-kOaH--460x637@MujerHoy.jpg\" class=\"lazy\" alt=\"Jueves: Nuevas tendencias\"><noscript><img src=\"http:\/\/hoycordobaweb.com\/wp-content\/uploads\/2023\/04\/los-siete-looks-sofia-palazuelo-que-tienes-que-copiar-esta-primavera-los-vestidos-mas-elegantes-los-accesorios-clave-y-los-conjuntos-mas-bonitos-de-la-temporada-4.jpg\" alt=\"Jueves: Nuevas tendencias\"><\/noscript><i class=\"voc-icons zoom voc-multimedia-box voc-ico-l\"><\/i><\/div><figcaption class=\"figure-caption\">Jueves: Nuevas tendencias<\/figcaption><\/picture><\/div>\n<div id=\"photoZoomModal-905\" class=\"voc-lightbox modal fade voc-lightbox--photo-zoom\" role=\"dialog\" data-voc-photozoom-lightbox>\n<div class=\"voc-lightbox__dialog\" role=\"document\">\n<div class=\"voc-lightbox__content\"><!-- Modal header --><!-- Modal content --><\/p>\n<div class=\"voc-lightbox__photo-container\"><picture class><img loading=\"lazy\" data-original=\"\/\/static3.mujerhoy.com\/www\/multimedia\/202304\/30\/media\/cortadas\/pantalon-rojo-sofia-palazuelo-zara-nuevo-kOaH--460x637@MujerHoy.jpg\" alt=\"Jueves: Nuevas tendencias\" class=\"lazy\"><noscript><img src=\"http:\/\/hoycordobaweb.com\/wp-content\/uploads\/2023\/04\/los-siete-looks-sofia-palazuelo-que-tienes-que-copiar-esta-primavera-los-vestidos-mas-elegantes-los-accesorios-clave-y-los-conjuntos-mas-bonitos-de-la-temporada-4.jpg\" alt=\"Jueves: Nuevas tendencias\"><\/noscript><\/picture><\/div>\n<\/div>\n<\/div>\n<\/div>\n<p><h3 class=\"voc-detail__title\"> Jueves: Nuevas tendencias<br \/>\n<\/h3>\n<\/p>\n<p class=\"voc-paragraph\">La Duquesa de Hu\u00e9scar no tiene miedo a arriesgar con sus estilismos. Esta propuesta estampada, de blusa y pantal\u00f3n, es perfecta para sacarle partido al llamado total look. <\/p>\n<p class=\"voc-paragraph\">Truco de estilo: Los accesorios pasan a un segundo plano en este tipo de looks. Una pulsera con forma de flor y unas sandalias de color rosa oscuro ser\u00e1n tus mejores aliadas.\n<\/p>\n<div class=\"voc-detail-photo-zoom\"><picture data-toggle=\"modal\" data-target=\"#photoZoomModal-297\" target=\"modal\">\n<div class=\"voc-img-icon-link\"><img loading=\"lazy\" data-original=\"\/\/static1.mujerhoy.com\/www\/multimedia\/202304\/30\/media\/cortadas\/vestido-blanco-sofia-palazuelo-zara-nuevo-kOaH--460x637@MujerHoy.jpg\" class=\"lazy\" alt=\"Viernes: El vestido blanco\"><noscript><img src=\"http:\/\/hoycordobaweb.com\/wp-content\/uploads\/2023\/04\/los-siete-looks-sofia-palazuelo-que-tienes-que-copiar-esta-primavera-los-vestidos-mas-elegantes-los-accesorios-clave-y-los-conjuntos-mas-bonitos-de-la-temporada-5.jpg\" alt=\"Viernes: El vestido blanco\"><\/noscript><i class=\"voc-icons zoom voc-multimedia-box voc-ico-l\"><\/i><\/div><figcaption class=\"figure-caption\">Viernes: El vestido blanco<\/figcaption><\/picture><\/div>\n<div id=\"photoZoomModal-297\" class=\"voc-lightbox modal fade voc-lightbox--photo-zoom\" role=\"dialog\" data-voc-photozoom-lightbox>\n<div class=\"voc-lightbox__dialog\" role=\"document\">\n<div class=\"voc-lightbox__content\"><!-- Modal header --><!-- Modal content --><\/p>\n<div class=\"voc-lightbox__photo-container\"><picture class><img loading=\"lazy\" data-original=\"\/\/static1.mujerhoy.com\/www\/multimedia\/202304\/30\/media\/cortadas\/vestido-blanco-sofia-palazuelo-zara-nuevo-kOaH--460x637@MujerHoy.jpg\" alt=\"Viernes: El vestido blanco\" class=\"lazy\"><noscript><img src=\"http:\/\/hoycordobaweb.com\/wp-content\/uploads\/2023\/04\/los-siete-looks-sofia-palazuelo-que-tienes-que-copiar-esta-primavera-los-vestidos-mas-elegantes-los-accesorios-clave-y-los-conjuntos-mas-bonitos-de-la-temporada-5.jpg\" alt=\"Viernes: El vestido blanco\"><\/noscript><\/picture><\/div>\n<\/div>\n<\/div>\n<\/div>\n<p><h3 class=\"voc-detail__title\"> Viernes: El vestido blanco<br \/>\n<\/h3>\n<\/p>\n<p class=\"voc-paragraph\">Se acaba la semana y es hora de lucir el dise\u00f1o m\u00e1s elegante. Sof\u00eda Palazuelo apuesta esta temporada por un impecable vestido de color blanco. <\/p>\n<p class=\"voc-paragraph\">Truco de estilo: \u00bfQuieres rematar este bonito look de primavera-verano? A\u00f1ade un par de sandalias de color dorado.\n<\/p>\n<div class=\"voc-detail-photo-zoom\"><picture data-toggle=\"modal\" data-target=\"#photoZoomModal-300\" target=\"modal\">\n<div class=\"voc-img-icon-link\"><img loading=\"lazy\" data-original=\"\/\/static1.mujerhoy.com\/www\/multimedia\/202304\/30\/media\/cortadas\/vestido-rosa-sofia-palazuelo-zara-nuevo-kOaH--460x637@MujerHoy.jpg\" class=\"lazy\" alt=\"S\u00e1bado: Corte asim\u00e9trico\"><noscript><img src=\"http:\/\/hoycordobaweb.com\/wp-content\/uploads\/2023\/04\/los-siete-looks-sofia-palazuelo-que-tienes-que-copiar-esta-primavera-los-vestidos-mas-elegantes-los-accesorios-clave-y-los-conjuntos-mas-bonitos-de-la-temporada-6.jpg\" alt=\"S\u00e1bado: Corte asim\u00e9trico\"><\/noscript><i class=\"voc-icons zoom voc-multimedia-box voc-ico-l\"><\/i><\/div><figcaption class=\"figure-caption\">S\u00e1bado: Corte asim\u00e9trico<\/figcaption><\/picture><\/div>\n<div id=\"photoZoomModal-300\" class=\"voc-lightbox modal fade voc-lightbox--photo-zoom\" role=\"dialog\" data-voc-photozoom-lightbox>\n<div class=\"voc-lightbox__dialog\" role=\"document\">\n<div class=\"voc-lightbox__content\"><!-- Modal header --><!-- Modal content --><\/p>\n<div class=\"voc-lightbox__photo-container\"><picture class><img loading=\"lazy\" data-original=\"\/\/static1.mujerhoy.com\/www\/multimedia\/202304\/30\/media\/cortadas\/vestido-rosa-sofia-palazuelo-zara-nuevo-kOaH--460x637@MujerHoy.jpg\" alt=\"S\u00e1bado: Corte asim\u00e9trico\" class=\"lazy\"><noscript><img src=\"http:\/\/hoycordobaweb.com\/wp-content\/uploads\/2023\/04\/los-siete-looks-sofia-palazuelo-que-tienes-que-copiar-esta-primavera-los-vestidos-mas-elegantes-los-accesorios-clave-y-los-conjuntos-mas-bonitos-de-la-temporada-6.jpg\" alt=\"S\u00e1bado: Corte asim\u00e9trico\"><\/noscript><\/picture><\/div>\n<\/div>\n<\/div>\n<\/div>\n<p><h3 class=\"voc-detail__title\"> S\u00e1bado: Corte asim\u00e9trico<br \/>\n<\/h3>\n<\/p>\n<p class=\"voc-paragraph\">Sof\u00eda Palazuelo maneja como nadie el arte de vestir en las ocasiones especiales. Su colecci\u00f3n de vestidos de fiesta, en todos los colores de la paleta crom\u00e1tica, es una aut\u00e9ntica maravilla. <\/p>\n<p class=\"voc-paragraph\">Truco de estilo: si quieres ser la m\u00e1s elegante de cualquier evento de primavera, apuesta por un vestido asim\u00e9trico de color magenta.\n<\/p>\n<div class=\"voc-detail-photo-zoom\"><picture data-toggle=\"modal\" data-target=\"#photoZoomModal-837\" target=\"modal\">\n<div class=\"voc-img-icon-link\"><img loading=\"lazy\" data-original=\"\/\/static.mujerhoy.com\/www\/multimedia\/202304\/30\/media\/cortadas\/vestido-estampado-sofia-palazuelo-zara-nuevo-kOaH--460x637@MujerHoy.jpg\" class=\"lazy\" alt=\"Domingo: El poder de los complementos\"><noscript><img src=\"http:\/\/hoycordobaweb.com\/wp-content\/uploads\/2023\/04\/los-siete-looks-sofia-palazuelo-que-tienes-que-copiar-esta-primavera-los-vestidos-mas-elegantes-los-accesorios-clave-y-los-conjuntos-mas-bonitos-de-la-temporada-7.jpg\" alt=\"Domingo: El poder de los complementos\"><\/noscript><i class=\"voc-icons zoom voc-multimedia-box voc-ico-l\"><\/i><\/div><figcaption class=\"figure-caption\">Domingo: El poder de los complementos<\/figcaption><\/picture><\/div>\n<div id=\"photoZoomModal-837\" class=\"voc-lightbox modal fade voc-lightbox--photo-zoom\" role=\"dialog\" data-voc-photozoom-lightbox>\n<div class=\"voc-lightbox__dialog\" role=\"document\">\n<div class=\"voc-lightbox__content\"><!-- Modal header --><!-- Modal content --><\/p>\n<div class=\"voc-lightbox__photo-container\"><picture class><img loading=\"lazy\" data-original=\"\/\/static.mujerhoy.com\/www\/multimedia\/202304\/30\/media\/cortadas\/vestido-estampado-sofia-palazuelo-zara-nuevo-kOaH--460x637@MujerHoy.jpg\" alt=\"Domingo: El poder de los complementos\" class=\"lazy\"><noscript><img src=\"http:\/\/hoycordobaweb.com\/wp-content\/uploads\/2023\/04\/los-siete-looks-sofia-palazuelo-que-tienes-que-copiar-esta-primavera-los-vestidos-mas-elegantes-los-accesorios-clave-y-los-conjuntos-mas-bonitos-de-la-temporada-7.jpg\" alt=\"Domingo: El poder de los complementos\"><\/noscript><\/picture><\/div>\n<\/div>\n<\/div>\n<\/div>\n<p><h3 class=\"voc-detail__title\"> Domingo: El poder de los complementos<br \/>\n<\/h3>\n<\/p>\n<p class=\"voc-paragraph\">La moda es una gran arma de expresi\u00f3n para Sof\u00eda Palazuelo. Aunque suele lucir un estilo sencillo, tambi\u00e9n le gusta probar mezclas m\u00e1s arriesgadas. <\/p>\n<p class=\"voc-paragraph\">Truco de estilo: Los accesorios son la clave del \u00e9xito de este look: Un original bolso de punto y unos zapatos estilo slippers rematan este look de nota.\n<\/p>\n<p><!-- TOPICS --><\/p>\n","protected":false},"excerpt":{"rendered":"<p>No cabe duda de que Sofia Palazuelo se ha convertido en una de los personajes de la aristocracia espa\u00f1ola m\u00e1s buscados. Aunque su perfil p\u00fablico es discreto, en cada evento al que acude sus looks son analizados al detalle. Para su d\u00eda a d\u00eda, la Duquesa de Hu\u00e9scar apuesta por los b\u00e1sicos m\u00e1s cl\u00e1sicos, con [&hellip;]<\/p>\n","protected":false},"author":1,"featured_media":59263,"comment_status":"closed","ping_status":"closed","sticky":false,"template":"","format":"standard","meta":[],"categories":[1],"tags":[],"_links":{"self":[{"href":"http:\/\/hoycordobaweb.com\/index.php\/wp-json\/wp\/v2\/posts\/59262"}],"collection":[{"href":"http:\/\/hoycordobaweb.com\/index.php\/wp-json\/wp\/v2\/posts"}],"about":[{"href":"http:\/\/hoycordobaweb.com\/index.php\/wp-json\/wp\/v2\/types\/post"}],"author":[{"embeddable":true,"href":"http:\/\/hoycordobaweb.com\/index.php\/wp-json\/wp\/v2\/users\/1"}],"replies":[{"embeddable":true,"href":"http:\/\/hoycordobaweb.com\/index.php\/wp-json\/wp\/v2\/comments?post=59262"}],"version-history":[{"count":0,"href":"http:\/\/hoycordobaweb.com\/index.php\/wp-json\/wp\/v2\/posts\/59262\/revisions"}],"wp:featuredmedia":[{"embeddable":true,"href":"http:\/\/hoycordobaweb.com\/index.php\/wp-json\/wp\/v2\/media\/59263"}],"wp:attachment":[{"href":"http:\/\/hoycordobaweb.com\/index.php\/wp-json\/wp\/v2\/media?parent=59262"}],"wp:term":[{"taxonomy":"category","embeddable":true,"href":"http:\/\/hoycordobaweb.com\/index.php\/wp-json\/wp\/v2\/categories?post=59262"},{"taxonomy":"post_tag","embeddable":true,"href":"http:\/\/hoycordobaweb.com\/index.php\/wp-json\/wp\/v2\/tags?post=59262"}],"curies":[{"name":"wp","href":"https:\/\/api.w.org\/{rel}","templated":true}]}}