{"id":59256,"date":"2023-04-30T22:05:26","date_gmt":"2023-04-30T22:05:26","guid":{"rendered":"https:\/\/www.ole.com.ar\/futbol-internacional\/espana\/alvarez-zaragoza-las-palmas-segunda_0_gjYWq2vtaD.html"},"modified":"2023-04-30T22:05:26","modified_gmt":"2023-04-30T22:05:26","slug":"video-la-insolita-roja-a-un-ex-san-lorenzo","status":"publish","type":"post","link":"http:\/\/hoycordobaweb.com\/index.php\/2023\/04\/30\/video-la-insolita-roja-a-un-ex-san-lorenzo\/","title":{"rendered":"Video: la ins\u00f3lita roja a un ex San Lorenzo"},"content":{"rendered":"<p><img src=\"http:\/\/hoycordobaweb.com\/wp-content\/uploads\/2023\/04\/video-la-insolita-roja-a-un-ex-san-lorenzo.jpg\"><\/p>\n<p><time class=\"createDate\" datetime=\"2023-04-30T19:05:26-03:00\">30\/04\/2023 19:05hs.<\/time><time class=\"modificatedDate\" datetime=\"2023\/04\/30T19:05:25-03:00\"><\/time><\/p>\n<div id=\"storyBody\">\n<div class=\"custom-text \" readability=\"39\">\n<p><strong>Cristian \u00c1lvarez<\/strong>, arquero argentino de Zaragoza, recibi\u00f3 una expulsi\u00f3n absurda, aunque justificada desde lo reglamentario, en el partido que su equipo igual\u00f3 1 a 1 ante Las Palmas, por la Segunda Divisi\u00f3n de Espa\u00f1a.<\/p>\n<\/div>\n<div class=\"custom-text \" readability=\"37\">\n<p>Se jugaba tiempo de descuento, hab\u00eda tiro libre para los Ma\u00f1os en zona defensiva y uno de sus compa\u00f1eros no sac\u00f3 y esper\u00f3 que el ex San Lorenzo se acercara. Como demor\u00f3 la reanudaci\u00f3n, el refer\u00ed Luis Mario Milla Alvendiz lo amonest\u00f3. \u00bfQu\u00e9 hizo el uno?<strong> Lo aplaudi\u00f3 ir\u00f3nicamente. Conclusi\u00f3n: segunda amarilla y roja.<\/strong><\/p>\n<\/div>\n<div class=\"custom-text \" readability=\"36\">\n<p>El Zaragoza, que hab\u00eda tenido a Giuliano Simeone de titular, ya hab\u00eda hecho los cinco cambios, por lo que el colombiano Fuentes fue el improvisado arquero hasta el final del partido.<\/p>\n<\/div>\n<p><h2><strong>Mir\u00e1 el video <\/strong><\/h2>\n<\/p>\n<div class=\"sc-e6588e40-0 edrUiu\">\n<div class=\"sc-e6588e40-1 eWxHOh videoText\" id=\"contentTitleundefinedCbEYFymc\"><svg fill=\"#ffffff\"><symbol id=\"play\" viewBox=\"0 0 512 512\"><path d=\"M512 256C512 397.4 397.4 512 256 512C114.6 512 0 397.4 0 256C0 114.6 114.6 0 256 0C397.4 0 512 114.6 512 256zM176 168V344C176 352.7 180.7 360.7 188.3 364.9C195.8 369.2 205.1 369 212.5 364.5L356.5 276.5C363.6 272.1 368 264.4 368 256C368 247.6 363.6 239.9 356.5 235.5L212.5 147.5C205.1 142.1 195.8 142.8 188.3 147.1C180.7 151.3 176 159.3 176 168V168z\" \/><\/symbol><use xlink:href=\"#play\" \/><\/svg><\/p>\n<div class=\"right\">\n<p>Liga Espa\u00f1a<!-- --> &#8211;<!-- --> <span>30-4-2023<\/span><\/p>\n<h2 class=\"title-vid\">La absurda expulsi\u00f3n de Cristian \u00c1lvarez<\/h2>\n<\/div>\n<\/div>\n<p><span class=\"back\" id=\"spanBackundefinedCbEYFymc\"><\/span><\/div>\n<div class=\"custom-text \" readability=\"41\">\n<p>\u00c1lvarez, surgido de Rosario Central, jug\u00f3 en San Lorenzo de 2013 a 2014, luego de la baja de Migliore. El t\u00e9cnico, Juan Antonio Pizzi, contaba con \u00e9l como titular. Pero despu\u00e9s de un error contra River por la Copa Sudamericana, que fue gol del rival. Despu\u00e9s tuvo una lesi\u00f3n y Torrico se qued\u00f3 con el puesto.<\/p>\n<\/div>\n<div class=\"custom-text \" readability=\"37\">\n<p>M\u00e1s adelante, regres\u00f3 a Espa\u00f1a, para jugar en el Rayo Vallecano, y el Cicl\u00f3n contrat\u00f3 a Leo Franco. Con 37 a\u00f1os, resulta absurdo que haya recibido una expulsi\u00f3n por una situaci\u00f3n tan ingenua.<\/p>\n<\/div>\n<div class=\"sc-a7166897-0 gOoLzD\" readability=\"6\">\n<section readability=\"2\"><picture><img alt=\"Icardi volvi\u00f3 al gol pero el Galatasaray perdi\u00f3 el cl\u00e1sico\" src=\"http:\/\/hoycordobaweb.com\/wp-content\/uploads\/2023\/04\/video-la-insolita-roja-a-un-ex-san-lorenzo-2.jpg\" width=\"29\" height=\"29\" decoding=\"async\" data-nimg=\"future\" loading=\"lazy\"><\/picture>\n<p><span>Mir\u00e1 tambi\u00e9n<\/span><\/p>\n<hr>\n<h3>Icardi volvi\u00f3 al gol pero el Galatasaray perdi\u00f3 el cl\u00e1sico<\/h3>\n<\/p>\n<\/section>\n<\/div>\n<div class=\"sc-a7166897-0 gOoLzD\" readability=\"6\">\n<section readability=\"2\"><picture><img alt=\"La &quot;sospechosa lesi\u00f3n&quot; de Di Mar\u00eda\" src=\"http:\/\/hoycordobaweb.com\/wp-content\/uploads\/2023\/04\/video-la-insolita-roja-a-un-ex-san-lorenzo-3.jpg\" width=\"29\" height=\"29\" decoding=\"async\" data-nimg=\"future\" loading=\"lazy\"><\/picture>\n<p><span>Mir\u00e1 tambi\u00e9n<\/span><\/p>\n<hr>\n<h3>La \u00absospechosa lesi\u00f3n\u00bb de Di Mar\u00eda<\/h3>\n<\/p>\n<\/section>\n<\/div>\n<\/div>\n","protected":false},"excerpt":{"rendered":"<p>30\/04\/2023 19:05hs. Cristian \u00c1lvarez, arquero argentino de Zaragoza, recibi\u00f3 una expulsi\u00f3n absurda, aunque justificada desde lo reglamentario, en el partido que su equipo igual\u00f3 1 a 1 ante Las Palmas, por la Segunda Divisi\u00f3n de Espa\u00f1a. Se jugaba tiempo de descuento, hab\u00eda tiro libre para los Ma\u00f1os en zona defensiva y uno de sus compa\u00f1eros [&hellip;]<\/p>\n","protected":false},"author":1,"featured_media":59257,"comment_status":"open","ping_status":"closed","sticky":false,"template":"","format":"standard","meta":[],"categories":[16],"tags":[],"_links":{"self":[{"href":"http:\/\/hoycordobaweb.com\/index.php\/wp-json\/wp\/v2\/posts\/59256"}],"collection":[{"href":"http:\/\/hoycordobaweb.com\/index.php\/wp-json\/wp\/v2\/posts"}],"about":[{"href":"http:\/\/hoycordobaweb.com\/index.php\/wp-json\/wp\/v2\/types\/post"}],"author":[{"embeddable":true,"href":"http:\/\/hoycordobaweb.com\/index.php\/wp-json\/wp\/v2\/users\/1"}],"replies":[{"embeddable":true,"href":"http:\/\/hoycordobaweb.com\/index.php\/wp-json\/wp\/v2\/comments?post=59256"}],"version-history":[{"count":0,"href":"http:\/\/hoycordobaweb.com\/index.php\/wp-json\/wp\/v2\/posts\/59256\/revisions"}],"wp:featuredmedia":[{"embeddable":true,"href":"http:\/\/hoycordobaweb.com\/index.php\/wp-json\/wp\/v2\/media\/59257"}],"wp:attachment":[{"href":"http:\/\/hoycordobaweb.com\/index.php\/wp-json\/wp\/v2\/media?parent=59256"}],"wp:term":[{"taxonomy":"category","embeddable":true,"href":"http:\/\/hoycordobaweb.com\/index.php\/wp-json\/wp\/v2\/categories?post=59256"},{"taxonomy":"post_tag","embeddable":true,"href":"http:\/\/hoycordobaweb.com\/index.php\/wp-json\/wp\/v2\/tags?post=59256"}],"curies":[{"name":"wp","href":"https:\/\/api.w.org\/{rel}","templated":true}]}}