{"id":59212,"date":"2023-04-29T22:19:31","date_gmt":"2023-04-29T22:19:31","guid":{"rendered":"https:\/\/www.ole.com.ar\/velez\/velez-tigre-gareca-conferencia-prensa-empate-san-lorenzo_0_i5GEeqvUhn.html"},"modified":"2023-04-29T22:19:31","modified_gmt":"2023-04-29T22:19:31","slug":"gareca-no-vi-un-clima-hostil-ni-de-presion","status":"publish","type":"post","link":"http:\/\/hoycordobaweb.com\/index.php\/2023\/04\/29\/gareca-no-vi-un-clima-hostil-ni-de-presion\/","title":{"rendered":"Gareca: \u00abNo vi un clima hostil, ni de presi\u00f3n\u00bb"},"content":{"rendered":"<p><img src=\"http:\/\/hoycordobaweb.com\/wp-content\/uploads\/2023\/04\/gareca-no-vi-un-clima-hostil-ni-de-presion.jpg\"><\/p>\n<p><time class=\"createDate\" datetime=\"2023-04-29T19:19:31-03:00\">29\/04\/2023 19:19hs.<\/time><time class=\"modificatedDate\" datetime=\"2023\/04\/29T19:19:31-03:00\"><\/time><\/p>\n<div id=\"storyBody\">\n<div class=\"custom-text \" readability=\"36.244224422442\">\n<p><strong>V\u00e9lez<\/strong> no logra enderezar el rumbo. Igual\u00f3 0-0 ante San Lorenzo en el Estadio Jos\u00e9 Amalfitani y enlaza seis encuentros sin victorias, con cuatro empates y dos derrotas. Luego del encuentro, en conferencia de prensa,<strong> <\/strong><a href=\"https:\/\/www.ole.com.ar\/tema\/ricardo-gareca.html\" title=\"Ricardo Gareca\" alt=\"Ricardo Gareca\" class=\"slug\"><strong>Ricardo Gareca<\/strong><\/a><strong> habl\u00f3 sobre el presente del equipo y el posible enojo de los hinchas.<\/strong><\/p>\n<\/div>\n<div class=\"sc-a7166897-0 gOoLzD\" readability=\"6\">\n<section readability=\"2\"><picture><img alt=\"Ins\u00f3lito video: hinchas de V\u00e9lez impidieron que la gr\u00faa se lleve una moto\" src=\"http:\/\/hoycordobaweb.com\/wp-content\/uploads\/2023\/04\/gareca-no-vi-un-clima-hostil-ni-de-presion-2.jpg\" width=\"29\" height=\"29\" decoding=\"async\" data-nimg=\"future\" loading=\"lazy\"><\/picture>\n<p><span>Mir\u00e1 tambi\u00e9n<\/span><\/p>\n<hr>\n<h3>Ins\u00f3lito video: hinchas de V\u00e9lez impidieron que la gr\u00faa se lleve una moto<\/h3>\n<\/p>\n<\/section>\n<\/div>\n<p><h2><strong>\u00bfQU\u00c9 DIJO EL TIGRE?<\/strong><\/h2>\n<\/p>\n<div class=\"custom-text \" readability=\"36\">\n<p><strong>\u00abNo vi un clima hostil, ni de presi\u00f3n: el hincha de V\u00e9lez nos est\u00e1 apoyando. L\u00f3gicamente pueden quejarse si no obtenemos resultados\u00bb<\/strong>, expres\u00f3 el DT sobre el descontento de la gente velezana ante el adverso momento del Fort\u00edn.<\/p>\n<\/div>\n<div class=\"sc-996041c8-0 dnrmTT\"><img alt=\"Habl\u00f3 en conferencia de prensa. (@velez670)\" src=\"http:\/\/hoycordobaweb.com\/wp-content\/uploads\/2023\/04\/gareca-no-vi-un-clima-hostil-ni-de-presion-3.jpg\" width=\"72\" height=\"10\" decoding=\"async\" data-nimg=\"future\" loading=\"lazy\"><span>Habl\u00f3 en conferencia de prensa. (@velez670)<\/span><\/div>\n<div class=\"sc-a7166897-0 gOoLzD\" readability=\"6\">\n<section readability=\"2\"><picture><img alt=\"\u00bfQu\u00e9 dijo Insua tras el gol anulado contra V\u00e9lez?\" src=\"http:\/\/hoycordobaweb.com\/wp-content\/uploads\/2023\/04\/gareca-no-vi-un-clima-hostil-ni-de-presion-4.jpg\" width=\"29\" height=\"29\" decoding=\"async\" data-nimg=\"future\" loading=\"lazy\"><\/picture>\n<p><span>Mir\u00e1 tambi\u00e9n<\/span><\/p>\n<hr>\n<h3>\u00bfQu\u00e9 dijo Insua tras el gol anulado contra V\u00e9lez?<\/h3>\n<\/p>\n<\/section>\n<\/div>\n<div class=\"custom-text \" readability=\"37\">\n<p><strong>\u00abLo veo bien a V\u00e9lez para esta seguidilla de partidos. Veo a los muchachos muy comprometidos con la situaci\u00f3n. La gente que est\u00e9 tranquila y no pierda la fe\u00bb<\/strong>, a\u00f1adi\u00f3 al respecto, y coment\u00f3: <strong>\u00abTodav\u00eda no nos han superado para que yo pueda plasmar una gran preocupaci\u00f3n.<\/strong> Tenemos que estar tranquilos y vamos a conseguir las victorias\u00bb.<\/p>\n<\/div>\n<div class=\"custom-text \" readability=\"35\">\n<p><strong>\u00abEs un momento dif\u00edcil, pero no estoy preocupado. Estoy ocupado de que estoy en una instituci\u00f3n como V\u00e9lez que demanda ganar y vamos a contar con el apoyo de todos\u00bb,<\/strong> explic\u00f3.<\/p>\n<\/div>\n<div class=\"sc-996041c8-0 dnrmTT\"><img alt=\"El Tigre no est\u00e1 preocupado por el presente del equipo. (Prensa Velez)\" src=\"http:\/\/hoycordobaweb.com\/wp-content\/uploads\/2023\/04\/gareca-no-vi-un-clima-hostil-ni-de-presion-5.jpg\" width=\"72\" height=\"10\" decoding=\"async\" data-nimg=\"future\" loading=\"lazy\"><span>El Tigre no est\u00e1 preocupado por el presente del equipo. (Prensa Velez)<\/span><\/div>\n<div class=\"sc-a7166897-0 gOoLzD\" readability=\"6.5\">\n<section readability=\"3\"><picture><img alt=\"Hat-trick de Benzema, incre\u00edble jugada de Rodrygo y gol argentino en el Bernab\u00e9u\" src=\"http:\/\/hoycordobaweb.com\/wp-content\/uploads\/2023\/04\/gareca-no-vi-un-clima-hostil-ni-de-presion-6.jpg\" width=\"29\" height=\"29\" decoding=\"async\" data-nimg=\"future\" loading=\"lazy\"><\/picture>\n<p><span>Mir\u00e1 tambi\u00e9n<\/span><\/p>\n<hr>\n<h3>Hat-trick de Benzema, incre\u00edble jugada de Rodrygo y gol argentino en el Bernab\u00e9u<\/h3>\n<\/p>\n<\/section>\n<\/div>\n<div class=\"custom-text \" readability=\"39\">\n<p>Adem\u00e1s, analiz\u00f3 el encuentro ante San Lorenzo: \u00abHab\u00eda que tener paciencia por c\u00f3mo es el rival, no hab\u00eda que descuidarse. Los muchachos entregaron todo en el campo, fue muy importante y necesaria\u00bb. Y agreg\u00f3: \u00abEl partido de V\u00e9lez fue inteligente y tuvimos alg\u00fan situaci\u00f3n. Hab\u00eda que jugarlo como lo jugamos, m\u00e1s all\u00e1 que nos falt\u00f3 volumen\u00bb.<\/p>\n<\/div>\n<div class=\"custom-text \" readability=\"34\">\n<p>Tambi\u00e9n mostr\u00f3 confianza en su plantel: \u00abVeo mucha personalidad de los j\u00f3venes y nos da la pauta de que podemos contar con ellos. Enfrentamos equipos de mucho oficio y eso tiene cosas importantes. Buscamos que en cada l\u00ednea haya contenci\u00f3n de experiencia\u00bb.<\/p>\n<\/div>\n<div class=\"sc-a7166897-0 gOoLzD\" readability=\"6\">\n<section readability=\"2\"><picture><img alt=\"San Lorenzo empat\u00f3 con V\u00e9lez y no aprovech\u00f3 el empate de River\" src=\"http:\/\/hoycordobaweb.com\/wp-content\/uploads\/2023\/04\/gareca-no-vi-un-clima-hostil-ni-de-presion-7.jpg\" width=\"29\" height=\"29\" decoding=\"async\" data-nimg=\"future\" loading=\"lazy\"><\/picture>\n<p><span>Mir\u00e1 tambi\u00e9n<\/span><\/p>\n<hr>\n<h3>San Lorenzo empat\u00f3 con V\u00e9lez y no aprovech\u00f3 el empate de River<\/h3>\n<\/p>\n<\/section>\n<\/div>\n<div class=\"sc-a7166897-0 gOoLzD\" readability=\"6\">\n<section readability=\"2\"><picture><img alt=\"El uno por uno de San Lorenzo ante V\u00e9lez\" src=\"http:\/\/hoycordobaweb.com\/wp-content\/uploads\/2023\/04\/gareca-no-vi-un-clima-hostil-ni-de-presion-8.jpg\" width=\"29\" height=\"29\" decoding=\"async\" data-nimg=\"future\" loading=\"lazy\"><\/picture>\n<p><span>Mir\u00e1 tambi\u00e9n<\/span><\/p>\n<hr>\n<h3>El uno por uno de San Lorenzo ante V\u00e9lez<\/h3>\n<\/p>\n<\/section>\n<\/div>\n<\/div>\n","protected":false},"excerpt":{"rendered":"<p>29\/04\/2023 19:19hs. V\u00e9lez no logra enderezar el rumbo. Igual\u00f3 0-0 ante San Lorenzo en el Estadio Jos\u00e9 Amalfitani y enlaza seis encuentros sin victorias, con cuatro empates y dos derrotas. Luego del encuentro, en conferencia de prensa, Ricardo Gareca habl\u00f3 sobre el presente del equipo y el posible enojo de los hinchas. Mir\u00e1 tambi\u00e9n Ins\u00f3lito [&hellip;]<\/p>\n","protected":false},"author":1,"featured_media":59213,"comment_status":"open","ping_status":"closed","sticky":false,"template":"","format":"standard","meta":[],"categories":[16],"tags":[],"_links":{"self":[{"href":"http:\/\/hoycordobaweb.com\/index.php\/wp-json\/wp\/v2\/posts\/59212"}],"collection":[{"href":"http:\/\/hoycordobaweb.com\/index.php\/wp-json\/wp\/v2\/posts"}],"about":[{"href":"http:\/\/hoycordobaweb.com\/index.php\/wp-json\/wp\/v2\/types\/post"}],"author":[{"embeddable":true,"href":"http:\/\/hoycordobaweb.com\/index.php\/wp-json\/wp\/v2\/users\/1"}],"replies":[{"embeddable":true,"href":"http:\/\/hoycordobaweb.com\/index.php\/wp-json\/wp\/v2\/comments?post=59212"}],"version-history":[{"count":0,"href":"http:\/\/hoycordobaweb.com\/index.php\/wp-json\/wp\/v2\/posts\/59212\/revisions"}],"wp:featuredmedia":[{"embeddable":true,"href":"http:\/\/hoycordobaweb.com\/index.php\/wp-json\/wp\/v2\/media\/59213"}],"wp:attachment":[{"href":"http:\/\/hoycordobaweb.com\/index.php\/wp-json\/wp\/v2\/media?parent=59212"}],"wp:term":[{"taxonomy":"category","embeddable":true,"href":"http:\/\/hoycordobaweb.com\/index.php\/wp-json\/wp\/v2\/categories?post=59212"},{"taxonomy":"post_tag","embeddable":true,"href":"http:\/\/hoycordobaweb.com\/index.php\/wp-json\/wp\/v2\/tags?post=59212"}],"curies":[{"name":"wp","href":"https:\/\/api.w.org\/{rel}","templated":true}]}}