{"id":59206,"date":"2023-04-29T22:35:14","date_gmt":"2023-04-29T22:35:14","guid":{"rendered":"https:\/\/www.ole.com.ar\/boca-juniors\/agustin-almendra-reserva-boca-racing_0_9ppVsdPZEs.html"},"modified":"2023-04-29T22:35:14","modified_gmt":"2023-04-29T22:35:14","slug":"almendra-estuvo-en-el-predio-de-racing-viendo-a-la-reserva","status":"publish","type":"post","link":"http:\/\/hoycordobaweb.com\/index.php\/2023\/04\/29\/almendra-estuvo-en-el-predio-de-racing-viendo-a-la-reserva\/","title":{"rendered":"Almendra estuvo en el predio de Racing viendo a la Reserva"},"content":{"rendered":"<p><img src=\"http:\/\/hoycordobaweb.com\/wp-content\/uploads\/2023\/04\/almendra-estuvo-en-el-predio-de-racing-viendo-a-la-reserva.jpg\"><\/p>\n<p><time class=\"createDate\" datetime=\"2023-04-29T19:35:14-03:00\">29\/04\/2023 19:35hs.<\/time><time class=\"modificatedDate\" datetime=\"2023\/04\/29T19:55:52-03:00\"> Actualizado al 29\/04\/2023 19:55hs.<\/time><\/p>\n<div id=\"storyBody\">\n<div class=\"custom-text \" readability=\"33.935582822086\">\n<p><a href=\"https:\/\/www.ole.com.ar\/tema\/agustin-almendra.html\" title=\"Agust\u00edn Almendra\" alt=\"Agust\u00edn Almendra\" class=\"slug\"><strong>Agust\u00edn Almendra<\/strong><\/a><strong> ya firm\u00f3 un precontrato con <\/strong><a href=\"https:\/\/www.ole.com.ar\/tema\/racing.html\" title=\"Racing\" alt=\"Racing\" class=\"slug\"><strong>Racing <\/strong><\/a><strong>y desde el 1 de julio de este a\u00f1o ser\u00e1 jugador de la Academia. <\/strong>Y de hecho, este s\u00e1bado <strong>estuvo en el Predio Tita Mattiussi viendo el partido de Reserva nada menos que \u00a1ante <\/strong><a href=\"https:\/\/www.ole.com.ar\/tema\/boca-juniors.html\" title=\"Boca Juniors\" alt=\"Boca Juniors\" class=\"slug\"><strong>Boca<\/strong><\/a><strong>! <\/strong>S\u00ed, el volante de 23 a\u00f1os presenci\u00f3 con su hija el empate 0-0 en el Torneo Proyecci\u00f3n.<\/p>\n<\/div>\n<div class=\"sc-a7166897-0 gOoLzD\" readability=\"7\">\n<section readability=\"4\"><picture><img alt=\"Con la presencia de Riquelme, Boca se llev\u00f3 la jornada de Supercl\u00e1sico en Inferiores\" src=\"http:\/\/hoycordobaweb.com\/wp-content\/uploads\/2023\/04\/almendra-estuvo-en-el-predio-de-racing-viendo-a-la-reserva-2.jpg\" width=\"29\" height=\"29\" decoding=\"async\" data-nimg=\"future\" loading=\"lazy\"><\/picture>\n<p><span>Mir\u00e1 tambi\u00e9n<\/span><\/p>\n<hr>\n<h3>Con la presencia de Riquelme, Boca se llev\u00f3 la jornada de Supercl\u00e1sico en Inferiores<\/h3>\n<\/p>\n<\/section>\n<\/div>\n<div class=\"custom-text \" readability=\"34.586102719033\">\n<p>Tiene mucho sentido su presencia. Primero que nada desde lo laboral y lo concreto: el Tita Mattiussi ser\u00e1 su nuevo h\u00e1bitat desde mitad de a\u00f1o. <strong>El pibe surgido en las Inferiores de Boca estar\u00e1 a disposici\u00f3n de <\/strong><a href=\"https:\/\/www.ole.com.ar\/tema\/fernando-gago.html\" title=\"Fernando Gago\" alt=\"Fernando Gago\" class=\"slug\"><strong>Fernando Gago<\/strong><\/a><strong>, con quienes fueron compa\u00f1eros en su paso por la Ribera (disputaron nueve partidos juntos en el 2018).<\/strong><\/p>\n<\/div>\n<div class=\"sc-a7166897-0 gOoLzD\" readability=\"6.5\">\n<section readability=\"3\"><picture><img alt=\"La tabla de la Liga: San Lorenzo empat\u00f3 con V\u00e9lez y no achic\u00f3 la diferencia con River\" src=\"http:\/\/hoycordobaweb.com\/wp-content\/uploads\/2023\/04\/almendra-estuvo-en-el-predio-de-racing-viendo-a-la-reserva-3.jpg\" width=\"29\" height=\"29\" decoding=\"async\" data-nimg=\"future\" loading=\"lazy\"><\/picture>\n<p><span>Mir\u00e1 tambi\u00e9n<\/span><\/p>\n<hr>\n<h3>La tabla de la Liga: San Lorenzo empat\u00f3 con V\u00e9lez y no achic\u00f3 la diferencia con River<\/h3>\n<\/p>\n<\/section>\n<\/div>\n<div class=\"sc-996041c8-0 dnrmTT\"><img alt=\"Agust\u00edn Almendra estuvo este s\u00e1bado en el predio Tita Mattiussi viendo el empate 0-0 entre la Reserva de Racing y de Boca (@RacingOnlineOK).\" src=\"http:\/\/hoycordobaweb.com\/wp-content\/uploads\/2023\/04\/almendra-estuvo-en-el-predio-de-racing-viendo-a-la-reserva-4.jpg\" width=\"72\" height=\"10\" decoding=\"async\" data-nimg=\"future\" loading=\"lazy\"><span>Agust\u00edn Almendra estuvo este s\u00e1bado en el predio Tita Mattiussi viendo el empate 0-0 entre la Reserva de Racing y de Boca (@RacingOnlineOK).<\/span><\/div>\n<div class=\"sc-e6588e40-0 edrUiu\">\n<div class=\"sc-e6588e40-1 eWxHOh videoText\" id=\"contentTitleundefinedWztcLb1q\"><svg fill=\"#ffffff\"><symbol id=\"play\" viewBox=\"0 0 512 512\"><path d=\"M512 256C512 397.4 397.4 512 256 512C114.6 512 0 397.4 0 256C0 114.6 114.6 0 256 0C397.4 0 512 114.6 512 256zM176 168V344C176 352.7 180.7 360.7 188.3 364.9C195.8 369.2 205.1 369 212.5 364.5L356.5 276.5C363.6 272.1 368 264.4 368 256C368 247.6 363.6 239.9 356.5 235.5L212.5 147.5C205.1 142.1 195.8 142.8 188.3 147.1C180.7 151.3 176 159.3 176 168V168z\" \/><\/symbol><use xlink:href=\"#play\" \/><\/svg><\/p>\n<div class=\"right\">\n<p>Boca Juniors<!-- --> &#8211;<!-- --> <span>29-4-2023<\/span><\/p>\n<h2 class=\"title-vid\">La acusaci\u00f3n de Closs al Consejo de Boca<\/h2>\n<\/div>\n<\/div>\n<p><span class=\"back\" id=\"spanBackundefinedWztcLb1q\"><\/span><\/div>\n<div class=\"custom-text \" readability=\"36.787234042553\">\n<p>Y por otro lado, la presencia de Almendra en el predio de Racing tambi\u00e9n tiene que ver desde lo sentimental y emocional. \u00bfPor qu\u00e9? Porque <strong>son muchos los amigos y ex compa\u00f1eros que tiene en el equipo que ahora volvi\u00f3 a conducir <\/strong><a href=\"https:\/\/www.ole.com.ar\/tema\/mariano-herron.html\" title=\"Mariano Herr\u00f3n\" alt=\"Mariano Herr\u00f3n\" class=\"slug\"><strong>Mariano Herr\u00f3n<\/strong><\/a><strong>.<\/strong> De hecho, despu\u00e9s de que fue colgado en Boca se entren\u00f3 siempre con la Reserva, aunque tambi\u00e9n con ciertas restricciones (como no hacer la pretemporada en los dos turnos con el plantel ni concentrar en el mismo hotel).<\/p>\n<\/div>\n<div class=\"sc-a7166897-0 gOoLzD\" readability=\"6\">\n<section readability=\"2\"><picture><img alt=\"Empate sin emociones entre las Reservas de Boca y Racing\" src=\"http:\/\/hoycordobaweb.com\/wp-content\/uploads\/2023\/04\/almendra-estuvo-en-el-predio-de-racing-viendo-a-la-reserva-5.jpg\" width=\"29\" height=\"29\" decoding=\"async\" data-nimg=\"future\" loading=\"lazy\"><\/picture>\n<p><span>Mir\u00e1 tambi\u00e9n<\/span><\/p>\n<hr>\n<h3>Empate sin emociones entre las Reservas de Boca y Racing<\/h3>\n<\/p>\n<\/section>\n<\/div>\n<div class=\"custom-text \" readability=\"32.759312320917\">\n<p><strong>Si la relaci\u00f3n de Almendra con el Consejo de F\u00fatbol de <\/strong><a href=\"https:\/\/www.ole.com.ar\/tema\/juan-roman-riquelme.html\" title=\"Juan Rom\u00e1n Riquelme\" alt=\"Juan Rom\u00e1n Riquelme\" class=\"slug\"><strong>Juan Rom\u00e1n Riquelme<\/strong><\/a><strong> no termin\u00f3 bien,<\/strong> motivo que lo llev\u00f3 a irse libre del club que lo vio formarse, fue porque <strong>nunca se pudo revertir aquella situaci\u00f3n que empez\u00f3 con los insultos a <\/strong><a href=\"https:\/\/www.ole.com.ar\/tema\/sebastian-battaglia.html\" title=\"Sebasti\u00e1n Battaglia\" alt=\"Sebasti\u00e1n Battaglia\" class=\"slug\"><strong>Sebasti\u00e1n Battaglia<\/strong><\/a><strong> en medio de un entrenamiento<\/strong> y que sigui\u00f3 con el propio ex DT ech\u00e1ndolo de Ezeiza.<\/p>\n<\/div>\n<div class=\"sc-a7166897-0 gOoLzD\" readability=\"6\">\n<section readability=\"2\"><picture><img alt=\"La tremenda racha que Boca debe romper con Racing en la Bombonera\" src=\"http:\/\/hoycordobaweb.com\/wp-content\/uploads\/2023\/04\/almendra-estuvo-en-el-predio-de-racing-viendo-a-la-reserva-6.jpg\" width=\"29\" height=\"29\" decoding=\"async\" data-nimg=\"future\" loading=\"lazy\"><\/picture>\n<p><span>Mir\u00e1 tambi\u00e9n<\/span><\/p>\n<hr>\n<h3>La tremenda racha que Boca debe romper con Racing en la Bombonera<\/h3>\n<\/p>\n<\/section>\n<\/div>\n<div class=\"sc-996041c8-0 dnrmTT\"><img alt=\"Agust\u00edn Almendra seguir\u00e1 su carrera en Racing. Es hincha de la Academia desde pibe.\" src=\"http:\/\/hoycordobaweb.com\/wp-content\/uploads\/2023\/04\/almendra-estuvo-en-el-predio-de-racing-viendo-a-la-reserva-7.jpg\" width=\"72\" height=\"10\" decoding=\"async\" data-nimg=\"future\" loading=\"lazy\"><span>Agust\u00edn Almendra seguir\u00e1 su carrera en Racing. Es hincha de la Academia desde pibe.<\/span><\/div>\n<div class=\"sc-e6588e40-0 edrUiu\">\n<div class=\"sc-e6588e40-1 eWxHOh videoText\" id=\"contentTitleundefinedpx7AoZjZ\"><svg fill=\"#ffffff\"><symbol id=\"play\" viewBox=\"0 0 512 512\"><path d=\"M512 256C512 397.4 397.4 512 256 512C114.6 512 0 397.4 0 256C0 114.6 114.6 0 256 0C397.4 0 512 114.6 512 256zM176 168V344C176 352.7 180.7 360.7 188.3 364.9C195.8 369.2 205.1 369 212.5 364.5L356.5 276.5C363.6 272.1 368 264.4 368 256C368 247.6 363.6 239.9 356.5 235.5L212.5 147.5C205.1 142.1 195.8 142.8 188.3 147.1C180.7 151.3 176 159.3 176 168V168z\" \/><\/symbol><use xlink:href=\"#play\" \/><\/svg><\/p>\n<div class=\"right\">\n<p>Boca Juniors<!-- --> &#8211;<!-- --> <span>29-4-2023<\/span><\/p>\n<h2 class=\"title-vid\">Almendra se fue aplaudido en la Reserva<\/h2>\n<\/div>\n<\/div>\n<p><span class=\"back\" id=\"spanBackundefinedpx7AoZjZ\"><\/span><\/div>\n<div class=\"custom-text \" readability=\"33.729357798165\">\n<p>A partir de ese momento, todo fue cuesta arriba para Almendra que debut\u00f3 en Boca en abril de 2018 y que lleg\u00f3 a jugar 69 partidos (seis goles y cuatro t\u00edtulos). Primero porque <strong>se despidi\u00f3 de la Primera, despu\u00e9s porque cuando baj\u00f3 a Reserva sufri\u00f3 una lesi\u00f3n grave y estuvo afuera mucho tiempo,<\/strong> luego porque cuando se recuper\u00f3 la relaci\u00f3n ya era irrecuperable y despu\u00e9s porque <a href=\"https:\/\/www.ole.com.ar\/boca-juniors\/almendra-decision-renovar-boca_0_Q7hhsoOm9a.html\" target=\"_blank\" rel=\"noopener noreferrer\"><strong>avis\u00f3 que no renovar\u00eda su contrato con el club.<\/strong><\/a><\/p>\n<\/div>\n<div class=\"sc-a7166897-0 gOoLzD\" readability=\"6.5\">\n<section readability=\"3\"><picture><img alt=\"La Final Eterna: Boca y Racing, otra vez cara a cara\" src=\"http:\/\/hoycordobaweb.com\/wp-content\/uploads\/2023\/04\/almendra-estuvo-en-el-predio-de-racing-viendo-a-la-reserva-8.jpg\" width=\"29\" height=\"29\" decoding=\"async\" data-nimg=\"future\" loading=\"lazy\"><\/picture>\n<p><span>Mir\u00e1 tambi\u00e9n<\/span><\/p>\n<hr>\n<h3>La Final Eterna: Boca y Racing, otra vez cara a cara<\/h3>\n<\/p>\n<\/section>\n<\/div>\n<div class=\"sc-e6588e40-0 edrUiu\">\n<div class=\"sc-e6588e40-1 eWxHOh videoText\" id=\"contentTitleundefinedtGdRNFyj\" readability=\"56\"><svg fill=\"#ffffff\"><symbol id=\"play\" viewBox=\"0 0 512 512\"><path d=\"M512 256C512 397.4 397.4 512 256 512C114.6 512 0 397.4 0 256C0 114.6 114.6 0 256 0C397.4 0 512 114.6 512 256zM176 168V344C176 352.7 180.7 360.7 188.3 364.9C195.8 369.2 205.1 369 212.5 364.5L356.5 276.5C363.6 272.1 368 264.4 368 256C368 247.6 363.6 239.9 356.5 235.5L212.5 147.5C205.1 142.1 195.8 142.8 188.3 147.1C180.7 151.3 176 159.3 176 168V168z\" \/><\/symbol><use xlink:href=\"#play\" \/><\/svg><\/p>\n<div class=\"right\" readability=\"7\">\n<p>Agust\u00edn Almendra<!-- --> &#8211;<!-- --> <span>29-4-2023<\/span><\/p>\n<h2 class=\"title-vid\">Almendra habl\u00f3 del cruce que tuvo con Battaglia<\/h2>\n<\/div>\n<\/div>\n<p><span class=\"back\" id=\"spanBackundefinedtGdRNFyj\"><\/span><\/div>\n<div class=\"sc-e6588e40-0 edrUiu\">\n<div class=\"sc-e6588e40-1 eWxHOh videoText\" id=\"contentTitleundefinedyAQ6Yc3D\"><svg fill=\"#ffffff\"><symbol id=\"play\" viewBox=\"0 0 512 512\"><path d=\"M512 256C512 397.4 397.4 512 256 512C114.6 512 0 397.4 0 256C0 114.6 114.6 0 256 0C397.4 0 512 114.6 512 256zM176 168V344C176 352.7 180.7 360.7 188.3 364.9C195.8 369.2 205.1 369 212.5 364.5L356.5 276.5C363.6 272.1 368 264.4 368 256C368 247.6 363.6 239.9 356.5 235.5L212.5 147.5C205.1 142.1 195.8 142.8 188.3 147.1C180.7 151.3 176 159.3 176 168V168z\" \/><\/symbol><use xlink:href=\"#play\" \/><\/svg><\/p>\n<div class=\"right\">\n<p>Boca Juniors<!-- --> &#8211;<!-- --> <span>29-4-2023<\/span><\/p>\n<h2 class=\"title-vid\">La bomba de Traverso sobre la pelea Battaglia-Almendra<\/h2>\n<\/div>\n<\/div>\n<p><span class=\"back\" id=\"spanBackundefinedyAQ6Yc3D\"><\/span><\/div>\n<div class=\"custom-text \" readability=\"37\">\n<p><strong>All\u00ed apareci\u00f3 Racing y el inter\u00e9s de Gago, que tambi\u00e9n estuvo este s\u00e1bado por la ma\u00f1ana viendo el partido de Reserva ante Boca.<\/strong> Y all\u00ed, siendo que adem\u00e1s en estos meses recibi\u00f3 propuestas que no prosperaron de Cruzeiro y del Rayo Vallecano, est\u00e1 su futuro.<\/p>\n<\/div>\n<div class=\"sc-a7166897-0 gOoLzD\" readability=\"6.5\">\n<section readability=\"3\"><picture><img alt=\"Boca - Racing: hora, TV y posibles formaciones\" src=\"http:\/\/hoycordobaweb.com\/wp-content\/uploads\/2023\/04\/almendra-estuvo-en-el-predio-de-racing-viendo-a-la-reserva-9.jpg\" width=\"29\" height=\"29\" decoding=\"async\" data-nimg=\"future\" loading=\"lazy\"><\/picture>\n<p><span>Mir\u00e1 tambi\u00e9n<\/span><\/p>\n<hr>\n<h3>Boca &#8211; Racing: hora, TV y posibles formaciones<\/h3>\n<\/p>\n<\/section>\n<\/div>\n<p><h2><strong>SU VIDA EN BOCA<\/strong><\/h2>\n<\/p>\n<div class=\"custom-text \" readability=\"37\">\n<p>Almendra debut\u00f3 en Boca el 15 de abril de 2018 en una derrota 1-0 ante Independiente y enseguida lo se\u00f1alaron como una gran promesa. Siendo muy joven, se gan\u00f3 un lugar en la consideraci\u00f3n de Barros Schelotto y tambi\u00e9n la comparaci\u00f3n con Paul Pogba. Incluso, el ex presidente <strong>Daniel Angelici reconoci\u00f3 tiempo atr\u00e1s que rechaz\u00f3 por el pibe una oferta de 18.000.000 de d\u00f3lares del N\u00e1poli.<\/strong><\/p>\n<\/div>\n<div class=\"sc-a7166897-0 gOoLzD\" readability=\"6\">\n<section readability=\"2\"><picture><img alt=\"Boca liquid\u00f3 a Pe\u00f1arol y avanz\u00f3 a cuartos\" src=\"http:\/\/hoycordobaweb.com\/wp-content\/uploads\/2023\/04\/almendra-estuvo-en-el-predio-de-racing-viendo-a-la-reserva-10.jpg\" width=\"29\" height=\"29\" decoding=\"async\" data-nimg=\"future\" loading=\"lazy\"><\/picture>\n<p><span>Mir\u00e1 tambi\u00e9n<\/span><\/p>\n<hr>\n<h3>Boca liquid\u00f3 a Pe\u00f1arol y avanz\u00f3 a cuartos<\/h3>\n<\/p>\n<\/section>\n<\/div>\n<div class=\"sc-e6588e40-0 edrUiu\">\n<div class=\"sc-e6588e40-1 eWxHOh videoText\" id=\"contentTitleundefinedeUJqtjkp\"><svg fill=\"#ffffff\"><symbol id=\"play\" viewBox=\"0 0 512 512\"><path d=\"M512 256C512 397.4 397.4 512 256 512C114.6 512 0 397.4 0 256C0 114.6 114.6 0 256 0C397.4 0 512 114.6 512 256zM176 168V344C176 352.7 180.7 360.7 188.3 364.9C195.8 369.2 205.1 369 212.5 364.5L356.5 276.5C363.6 272.1 368 264.4 368 256C368 247.6 363.6 239.9 356.5 235.5L212.5 147.5C205.1 142.1 195.8 142.8 188.3 147.1C180.7 151.3 176 159.3 176 168V168z\" \/><\/symbol><use xlink:href=\"#play\" \/><\/svg><\/p>\n<div class=\"right\">\n<p>Boca Juniors<!-- --> &#8211;<!-- --> <span>29-4-2023<\/span><\/p>\n<h2 class=\"title-vid\">El golazo de Almendra en la Reserva<\/h2>\n<\/div>\n<\/div>\n<p><span class=\"back\" id=\"spanBackundefinedeUJqtjkp\"><\/span><\/div>\n<div class=\"sc-e6588e40-0 edrUiu\">\n<div class=\"sc-e6588e40-1 eWxHOh videoText\" id=\"contentTitleundefinedqZrMWkkL\" readability=\"56\"><svg fill=\"#ffffff\"><symbol id=\"play\" viewBox=\"0 0 512 512\"><path d=\"M512 256C512 397.4 397.4 512 256 512C114.6 512 0 397.4 0 256C0 114.6 114.6 0 256 0C397.4 0 512 114.6 512 256zM176 168V344C176 352.7 180.7 360.7 188.3 364.9C195.8 369.2 205.1 369 212.5 364.5L356.5 276.5C363.6 272.1 368 264.4 368 256C368 247.6 363.6 239.9 356.5 235.5L212.5 147.5C205.1 142.1 195.8 142.8 188.3 147.1C180.7 151.3 176 159.3 176 168V168z\" \/><\/symbol><use xlink:href=\"#play\" \/><\/svg><\/p>\n<div class=\"right\" readability=\"7\">\n<p>Agust\u00edn Almendra<!-- --> &#8211;<!-- --> <span>29-4-2023<\/span><\/p>\n<h2 class=\"title-vid\">Qu\u00e9 dijo Almendra sobre las declaraciones de Benedetto en su contra<\/h2>\n<\/div>\n<\/div>\n<p><span class=\"back\" id=\"spanBackundefinedqZrMWkkL\"><\/span><\/div>\n<div class=\"custom-text \" readability=\"41\">\n<p>Durante la pandemia, el juvenil entr\u00f3 en un baj\u00f3n y empez\u00f3 a ausentarse de los entrenamientos. Boca, a la vez, rechaz\u00f3 varias ofertas que ten\u00eda para salir y eso lo afect\u00f3 m\u00e1s. <strong>Al punto de pensar en el retiro. <\/strong>Reci\u00e9n en 2021 logr\u00f3 recuperarse y volver en un gran nivel, convirti\u00e9ndose en una pieza clave en el tramo final del ciclo de Miguel Russo y el inicio de Battaglia, dando lugar a la famosa MVA por Medina, Varela y Almendra.<\/p>\n<\/div>\n<div class=\"sc-a7166897-0 gOoLzD\" readability=\"6.5\">\n<section readability=\"3\"><picture><img alt=\"Los concentrados en Racing, con presencia de dos juveniles\" src=\"http:\/\/hoycordobaweb.com\/wp-content\/uploads\/2023\/04\/almendra-estuvo-en-el-predio-de-racing-viendo-a-la-reserva-11.jpg\" width=\"29\" height=\"29\" decoding=\"async\" data-nimg=\"future\" loading=\"lazy\"><\/picture>\n<p><span>Mir\u00e1 tambi\u00e9n<\/span><\/p>\n<hr>\n<h3>Los concentrados en Racing, con presencia de dos juveniles<\/h3>\n<\/p>\n<\/section>\n<\/div>\n<div class=\"custom-text \" readability=\"37\">\n<p>En la pretemporada de enero de 2022 se dieron las diferencias por Battaglia, que quer\u00eda cambiarlo de puesto por la vuelta de Pol Fern\u00e1ndez, y las primeras tensiones. As\u00ed fue que en todo el a\u00f1o jug\u00f3 apenas dos partidos en Primera y s\u00f3lo pudo sumar minutos -en muy buen nivel- en la Reserva. <strong>Hasta que en julio decidi\u00f3 no renovar y no volvi\u00f3 a aparecer con la camiseta de Boca. S\u00f3lo estuvo entren\u00e1ndose con el plantel de Herr\u00f3n. A la espera de esta salida. A Racing.<\/strong><\/p>\n<\/div>\n<div class=\"sc-a7166897-0 gOoLzD\" readability=\"6\">\n<section readability=\"2\"><picture><img alt=\"Atento Boca: c\u00f3mo llega Colo Colo al duelo por Libertadores\" src=\"http:\/\/hoycordobaweb.com\/wp-content\/uploads\/2023\/04\/almendra-estuvo-en-el-predio-de-racing-viendo-a-la-reserva-12.jpg\" width=\"29\" height=\"29\" decoding=\"async\" data-nimg=\"future\" loading=\"lazy\"><\/picture>\n<p><span>Mir\u00e1 tambi\u00e9n<\/span><\/p>\n<hr>\n<h3>Atento Boca: c\u00f3mo llega Colo Colo al duelo por Libertadores<\/h3>\n<\/p>\n<\/section>\n<\/div>\n<div class=\"sc-a7166897-0 gOoLzD\" readability=\"6\">\n<section readability=\"2\"><picture><img alt=\"\u00c1rbitro contra Colo Colo: mal recuerdo para Boca\" src=\"http:\/\/hoycordobaweb.com\/wp-content\/uploads\/2023\/04\/almendra-estuvo-en-el-predio-de-racing-viendo-a-la-reserva-13.jpg\" width=\"29\" height=\"29\" decoding=\"async\" data-nimg=\"future\" loading=\"lazy\"><\/picture>\n<p><span>Mir\u00e1 tambi\u00e9n<\/span><\/p>\n<hr>\n<h3>\u00c1rbitro contra Colo Colo: mal recuerdo para Boca<\/h3>\n<\/p>\n<\/section>\n<\/div>\n<div class=\"sc-e6588e40-0 edrUiu\">\n<div class=\"sc-e6588e40-1 eWxHOh videoText\" id=\"contentTitleundefinedl9Iq4A2m\" readability=\"56\"><svg fill=\"#ffffff\"><symbol id=\"play\" viewBox=\"0 0 512 512\"><path d=\"M512 256C512 397.4 397.4 512 256 512C114.6 512 0 397.4 0 256C0 114.6 114.6 0 256 0C397.4 0 512 114.6 512 256zM176 168V344C176 352.7 180.7 360.7 188.3 364.9C195.8 369.2 205.1 369 212.5 364.5L356.5 276.5C363.6 272.1 368 264.4 368 256C368 247.6 363.6 239.9 356.5 235.5L212.5 147.5C205.1 142.1 195.8 142.8 188.3 147.1C180.7 151.3 176 159.3 176 168V168z\" \/><\/symbol><use xlink:href=\"#play\" \/><\/svg><\/p>\n<div class=\"right\" readability=\"7\">\n<p>Agust\u00edn Almendra<!-- --> &#8211;<!-- --> <span>29-4-2023<\/span><\/p>\n<h2 class=\"title-vid\">El momento en el que Almendra sale de la cancha<\/h2>\n<\/div>\n<\/div>\n<p><span class=\"back\" id=\"spanBackundefinedl9Iq4A2m\"><\/span><\/div>\n<div class=\"sc-e6588e40-0 edrUiu\">\n<div class=\"sc-e6588e40-1 eWxHOh videoText\" id=\"contentTitleundefinedYEadiixN\"><svg fill=\"#ffffff\"><symbol id=\"play\" viewBox=\"0 0 512 512\"><path d=\"M512 256C512 397.4 397.4 512 256 512C114.6 512 0 397.4 0 256C0 114.6 114.6 0 256 0C397.4 0 512 114.6 512 256zM176 168V344C176 352.7 180.7 360.7 188.3 364.9C195.8 369.2 205.1 369 212.5 364.5L356.5 276.5C363.6 272.1 368 264.4 368 256C368 247.6 363.6 239.9 356.5 235.5L212.5 147.5C205.1 142.1 195.8 142.8 188.3 147.1C180.7 151.3 176 159.3 176 168V168z\" \/><\/symbol><use xlink:href=\"#play\" \/><\/svg><\/p>\n<div class=\"right\">\n<p>Boca Juniors<!-- --> &#8211;<!-- --> <span>29-4-2023<\/span><\/p>\n<h2 class=\"title-vid\">Jorge Berm\u00fadez se refiri\u00f3 a la situaci\u00f3n de Almendra<\/h2>\n<\/div>\n<\/div>\n<p><span class=\"back\" id=\"spanBackundefinedYEadiixN\"><\/span><\/div>\n<\/div>\n","protected":false},"excerpt":{"rendered":"<p>29\/04\/2023 19:35hs. Actualizado al 29\/04\/2023 19:55hs. Agust\u00edn Almendra ya firm\u00f3 un precontrato con Racing y desde el 1 de julio de este a\u00f1o ser\u00e1 jugador de la Academia. Y de hecho, este s\u00e1bado estuvo en el Predio Tita Mattiussi viendo el partido de Reserva nada menos que \u00a1ante Boca! S\u00ed, el volante de 23 a\u00f1os [&hellip;]<\/p>\n","protected":false},"author":1,"featured_media":59207,"comment_status":"open","ping_status":"closed","sticky":false,"template":"","format":"standard","meta":[],"categories":[16],"tags":[],"_links":{"self":[{"href":"http:\/\/hoycordobaweb.com\/index.php\/wp-json\/wp\/v2\/posts\/59206"}],"collection":[{"href":"http:\/\/hoycordobaweb.com\/index.php\/wp-json\/wp\/v2\/posts"}],"about":[{"href":"http:\/\/hoycordobaweb.com\/index.php\/wp-json\/wp\/v2\/types\/post"}],"author":[{"embeddable":true,"href":"http:\/\/hoycordobaweb.com\/index.php\/wp-json\/wp\/v2\/users\/1"}],"replies":[{"embeddable":true,"href":"http:\/\/hoycordobaweb.com\/index.php\/wp-json\/wp\/v2\/comments?post=59206"}],"version-history":[{"count":0,"href":"http:\/\/hoycordobaweb.com\/index.php\/wp-json\/wp\/v2\/posts\/59206\/revisions"}],"wp:featuredmedia":[{"embeddable":true,"href":"http:\/\/hoycordobaweb.com\/index.php\/wp-json\/wp\/v2\/media\/59207"}],"wp:attachment":[{"href":"http:\/\/hoycordobaweb.com\/index.php\/wp-json\/wp\/v2\/media?parent=59206"}],"wp:term":[{"taxonomy":"category","embeddable":true,"href":"http:\/\/hoycordobaweb.com\/index.php\/wp-json\/wp\/v2\/categories?post=59206"},{"taxonomy":"post_tag","embeddable":true,"href":"http:\/\/hoycordobaweb.com\/index.php\/wp-json\/wp\/v2\/tags?post=59206"}],"curies":[{"name":"wp","href":"https:\/\/api.w.org\/{rel}","templated":true}]}}