{"id":59184,"date":"2023-04-28T18:10:21","date_gmt":"2023-04-28T18:10:21","guid":{"rendered":"https:\/\/fono.fcm.unc.edu.ar\/?p=10704"},"modified":"2023-04-28T18:10:21","modified_gmt":"2023-04-28T18:10:21","slug":"60-aniversario-nueva-maternidad-provincial-como-centro-formador-de-estudiantes-de-la-lic-en-fonoaudiologia","status":"publish","type":"post","link":"http:\/\/hoycordobaweb.com\/index.php\/2023\/04\/28\/60-aniversario-nueva-maternidad-provincial-como-centro-formador-de-estudiantes-de-la-lic-en-fonoaudiologia\/","title":{"rendered":"60\u00b0 Aniversario \u2013 Nueva Maternidad Provincial como centro formador de estudiantes de la Lic. en Fonoaudiolog\u00eda"},"content":{"rendered":"<h2 class=\"fusion-post-title\">60\u00b0 Aniversario \u2013 Nueva Maternidad Provincial como centro formador de estudiantes de la Lic. en Fonoaudiolog\u00eda<\/h2>\n<div class=\"post-content\" readability=\"41\">\n<p><img loading=\"lazy\" class=\"alignright size-fusion-400 wp-image-10705\" src=\"https:\/\/fono.fcm.unc.edu.ar\/wp-content\/uploads\/sites\/14\/2023\/04\/WhatsApp-Image-2023-04-28-at-10.35.02-400x400.jpeg\" alt width=\"400\" height=\"400\" srcset=\"https:\/\/fono.fcm.unc.edu.ar\/wp-content\/uploads\/sites\/14\/2023\/04\/WhatsApp-Image-2023-04-28-at-10.35.02-66x66.jpeg 66w, https:\/\/fono.fcm.unc.edu.ar\/wp-content\/uploads\/sites\/14\/2023\/04\/WhatsApp-Image-2023-04-28-at-10.35.02-150x150.jpeg 150w, https:\/\/fono.fcm.unc.edu.ar\/wp-content\/uploads\/sites\/14\/2023\/04\/WhatsApp-Image-2023-04-28-at-10.35.02-200x200.jpeg 200w, https:\/\/fono.fcm.unc.edu.ar\/wp-content\/uploads\/sites\/14\/2023\/04\/WhatsApp-Image-2023-04-28-at-10.35.02-300x300.jpeg 300w, https:\/\/fono.fcm.unc.edu.ar\/wp-content\/uploads\/sites\/14\/2023\/04\/WhatsApp-Image-2023-04-28-at-10.35.02-400x400.jpeg 400w, https:\/\/fono.fcm.unc.edu.ar\/wp-content\/uploads\/sites\/14\/2023\/04\/WhatsApp-Image-2023-04-28-at-10.35.02-600x600.jpeg 600w, https:\/\/fono.fcm.unc.edu.ar\/wp-content\/uploads\/sites\/14\/2023\/04\/WhatsApp-Image-2023-04-28-at-10.35.02-768x768.jpeg 768w, https:\/\/fono.fcm.unc.edu.ar\/wp-content\/uploads\/sites\/14\/2023\/04\/WhatsApp-Image-2023-04-28-at-10.35.02-800x800.jpeg 800w, https:\/\/fono.fcm.unc.edu.ar\/wp-content\/uploads\/sites\/14\/2023\/04\/WhatsApp-Image-2023-04-28-at-10.35.02-1024x1024.jpeg 1024w, https:\/\/fono.fcm.unc.edu.ar\/wp-content\/uploads\/sites\/14\/2023\/04\/WhatsApp-Image-2023-04-28-at-10.35.02.jpeg 1080w\" sizes=\"(max-width: 400px) 100vw, 400px\">Como parte del crecimiento acad\u00e9mico de nuestros estudiantes que realizan sus pr\u00e1cticas en diversos centros formadores, acompa\u00f1amos la mudanza del nuevo edificio con el nuevo proyecto de la Maternidad Provincial, en el cual nuestras practicantes se han ensamblado en el proceso de mudanza, observando todas las implicancias que son parte de la salud p\u00fablica, no solamente en lo edilicio, sino tambi\u00e9n en c\u00f3mo se sostienen los servicios y c\u00f3mo se piensa una salud m\u00e1s inclusiva.<br \/>Felicitamos a las colegas instructoras de \u00e1rea, Licenciada Carolina Guerra y Licenciada Daniela Palomeque.<\/p>\n<\/p><\/div>\n","protected":false},"excerpt":{"rendered":"<p>60\u00b0 Aniversario \u2013 Nueva Maternidad Provincial como centro formador de estudiantes de la Lic. en Fonoaudiolog\u00eda Como parte del crecimiento acad\u00e9mico de nuestros estudiantes que realizan sus pr\u00e1cticas en diversos centros formadores, acompa\u00f1amos la mudanza del nuevo edificio con el nuevo proyecto de la Maternidad Provincial, en el cual nuestras practicantes se han ensamblado en [&hellip;]<\/p>\n","protected":false},"author":1,"featured_media":0,"comment_status":"closed","ping_status":"closed","sticky":false,"template":"","format":"standard","meta":[],"categories":[1],"tags":[],"_links":{"self":[{"href":"http:\/\/hoycordobaweb.com\/index.php\/wp-json\/wp\/v2\/posts\/59184"}],"collection":[{"href":"http:\/\/hoycordobaweb.com\/index.php\/wp-json\/wp\/v2\/posts"}],"about":[{"href":"http:\/\/hoycordobaweb.com\/index.php\/wp-json\/wp\/v2\/types\/post"}],"author":[{"embeddable":true,"href":"http:\/\/hoycordobaweb.com\/index.php\/wp-json\/wp\/v2\/users\/1"}],"replies":[{"embeddable":true,"href":"http:\/\/hoycordobaweb.com\/index.php\/wp-json\/wp\/v2\/comments?post=59184"}],"version-history":[{"count":0,"href":"http:\/\/hoycordobaweb.com\/index.php\/wp-json\/wp\/v2\/posts\/59184\/revisions"}],"wp:attachment":[{"href":"http:\/\/hoycordobaweb.com\/index.php\/wp-json\/wp\/v2\/media?parent=59184"}],"wp:term":[{"taxonomy":"category","embeddable":true,"href":"http:\/\/hoycordobaweb.com\/index.php\/wp-json\/wp\/v2\/categories?post=59184"},{"taxonomy":"post_tag","embeddable":true,"href":"http:\/\/hoycordobaweb.com\/index.php\/wp-json\/wp\/v2\/tags?post=59184"}],"curies":[{"name":"wp","href":"https:\/\/api.w.org\/{rel}","templated":true}]}}