{"id":59160,"date":"2023-04-28T22:11:57","date_gmt":"2023-04-28T22:11:57","guid":{"rendered":"https:\/\/www.ole.com.ar\/fuera-de-juego\/quien-es-quien-alejandro-garnacho-novia-hermano-padre-madre_0_Zslmt5YH6N.html"},"modified":"2023-04-28T22:11:57","modified_gmt":"2023-04-28T22:11:57","slug":"quien-es-quien-en-el-mundo-garnacho","status":"publish","type":"post","link":"http:\/\/hoycordobaweb.com\/index.php\/2023\/04\/28\/quien-es-quien-en-el-mundo-garnacho\/","title":{"rendered":"Qui\u00e9n es qui\u00e9n en el mundo Garnacho"},"content":{"rendered":"<p><img src=\"http:\/\/hoycordobaweb.com\/wp-content\/uploads\/2023\/04\/quien-es-quien-en-el-mundo-garnacho.jpg\"><\/p>\n<p><time class=\"createDate\" datetime=\"2023-04-28T19:11:57-03:00\">28\/04\/2023 19:11hs.<\/time><time class=\"modificatedDate\" datetime=\"2023\/04\/28T19:11:57-03:00\"><\/time><\/p>\n<div id=\"storyBody\">\n<div class=\"custom-text \" readability=\"31.547703180212\">\n<p>Este viernes, <a href=\"https:\/\/www.ole.com.ar\/tema\/alejandro-garnacho.html\" title=\"Alejandro Garnacho\" alt=\"Alejandro Garnacho\" class=\"slug\"><strong>Alejandro Garnacho<\/strong><\/a> firm\u00f3 la extensi\u00f3n de su contrato en <a href=\"https:\/\/www.ole.com.ar\/tema\/manchester-united.html\" title=\"Manchester United\" alt=\"Manchester United\" class=\"slug\">Manchester United<\/a> y estar\u00e1 vinculado hasta 2028. En una jornada especial para el delantero argentino, hubo varias publicaciones de sus familiares en las redes sociales. <strong>\u00bfQui\u00e9n es qui\u00e9n de sus seres queridos?<\/strong><\/p>\n<\/div>\n<div class=\"custom-text \" readability=\"41\">\n<p>Hay Garnacho para rato. El delantero, criado en las canteras del Getafe y el Atl\u00e9tico de Madrid, lleg\u00f3 a las categor\u00edas inferiores del United en 2020 y desde entonces ha disputado 31 partidos con el primer equipo, pese a tener apenas 18 a\u00f1os. Adem\u00e1s, ya gan\u00f3 su primer t\u00edtulo, la Carabao Cup, donde fue clave para su equipo.<\/p>\n<\/div>\n<div class=\"custom-text \" readability=\"40\">\n<p><strong>\u201cCuando llegu\u00e9 a este incre\u00edble club, so\u00f1aba con lograr mi debut, jugar en Old Trafford, marcar mi primer gol y ganar trofeos con este escudo en el pecho. <\/strong>Me siento muy orgulloso y emocionado de ya haber vivido estos momentos,<strong> junto con mi familia que me ha apoyado en cada paso del camino\u00bb<\/strong>, coment\u00f3 Garnacho luego de extender su v\u00ednculo con el club ingl\u00e9s.<\/p>\n<\/div>\n<div class=\"custom-text \" readability=\"37\">\n<p>Adem\u00e1s, agreg\u00f3: \u00abTodos nos sentimos honrados de tener esta oportunidad de continuar nuestro viaje en el Manchester United y ya comenc\u00e9 a trabajar para lograr el pr\u00f3ximo conjunto de objetivos y ambiciones. El entrenador y su cuerpo t\u00e9cnico me han ayudado a mejorar en todos los sentidos y con su apoyo me estoy desarrollando cada d\u00eda para ayudar al equipo a tener \u00e9xito. <strong>Estoy disfrutando el futuro y no puedo esperar para crear m\u00e1s recuerdos especiales con este grupo, frente a nuestros incre\u00edbles seguidores<\/strong>\u00ab.<\/p>\n<\/div>\n<p><h2><strong>\u00bfQui\u00e9n es qui\u00e9n en el mundo Garnacho?<\/strong><\/h2>\n<\/p>\n<div class=\"custom-text \" readability=\"34\">\n<p>Horas despu\u00e9s de estampar la firma, el propio futbolista y sus seres queridos compartieron algunas postales del lindo momento vivido en Old Trafford. <\/p>\n<\/div>\n<div class=\"sc-996041c8-0 dnrmTT\"><img alt=\"Alejandro junto a su pareja.\" src=\"http:\/\/hoycordobaweb.com\/wp-content\/uploads\/2023\/04\/quien-es-quien-en-el-mundo-garnacho-2.jpg\" width=\"72\" height=\"10\" decoding=\"async\" data-nimg=\"future\" loading=\"lazy\"><span>Alejandro junto a su pareja.<\/span><\/div>\n<div class=\"custom-text \" readability=\"37\">\n<p>El atacante de la Selecci\u00f3n Argentina se tom\u00f3 una foto con sus acompa\u00f1antes. Estuvo junto a <strong>Roberto<\/strong> y <strong>Alex Garnacho<\/strong>,<strong> su hermano y su padre respectivamente<\/strong>, y tambi\u00e9n con <strong>su madre Patricia Ferreyra Fern\u00e1ndez<\/strong>, de origen argentino.<\/p>\n<\/div>\n<div class=\"sc-996041c8-0 dnrmTT\"><img alt=\"De izquierda a derecha: Rober (hermano), Patricia (madre) y Alex (padre).\" src=\"http:\/\/hoycordobaweb.com\/wp-content\/uploads\/2023\/04\/quien-es-quien-en-el-mundo-garnacho-3.jpg\" width=\"72\" height=\"10\" decoding=\"async\" data-nimg=\"future\" loading=\"lazy\"><span>De izquierda a derecha: Rober (hermano), Patricia (madre) y Alex (padre).<\/span><\/div>\n<div class=\"custom-text \" readability=\"40\">\n<p><strong>Tambi\u00e9n pos\u00f3 junto a su novia, Eva Garc\u00eda<\/strong>, quien frecuentemente sube videos a la plataforma Tik Tok junto a Alejandro. Claro, tambi\u00e9n estuvieron acompa\u00f1ando desde la familia de Eva. <strong>Garnacho pos\u00f3 junto a Mar\u00eda Garc\u00eda, su cu\u00f1ada, y sus suegros, Pedro Garc\u00eda y Marian Figueroa. <\/strong><\/p>\n<\/div>\n<div class=\"sc-996041c8-0 dnrmTT\"><img alt=\"De izquierda a derecha: Mar\u00eda (cu\u00f1ada), Eva (novia), Pedro (suegro) y Marian (suegra).\" src=\"http:\/\/hoycordobaweb.com\/wp-content\/uploads\/2023\/04\/quien-es-quien-en-el-mundo-garnacho-4.jpg\" width=\"72\" height=\"10\" decoding=\"async\" data-nimg=\"future\" loading=\"lazy\"><span>De izquierda a derecha: Mar\u00eda (cu\u00f1ada), Eva (novia), Pedro (suegro) y Marian (suegra).<\/span><\/div>\n<p><h2><strong>\u00bfGarnacho se queda sin Mundial Sub 20?<\/strong><\/h2>\n<\/p>\n<div class=\"custom-text \" readability=\"36\">\n<p>A la par de esta gran noticia, el extremo argentino recibi\u00f3 una que no es de su agrado. Javier Mascherano se encuentra realizando un viaje por Europa para convencer a los clubes de que cedan a los jugadores para el Mundial Sub 20, pero Erik ten Hag no estar\u00eda de acuerdo.<\/p>\n<\/div>\n<div class=\"custom-text \" readability=\"39\">\n<p><strong>\u201c\u00bfVan a permitirle a Garnacho ir al torneo Sub 20 con Argentina?\u201d<\/strong>, le preguntaron en la conferencia de prensa. <strong>\u00abNo, la verdad que no lo veo\u00bb<\/strong>, respondi\u00f3 tajante el t\u00e9cnico neerland\u00e9s, luego del empate 2 a 2 de su equipo frente a Tottenham, por la Premier League.<\/p>\n<\/div>\n<\/div>\n","protected":false},"excerpt":{"rendered":"<p>28\/04\/2023 19:11hs. Este viernes, Alejandro Garnacho firm\u00f3 la extensi\u00f3n de su contrato en Manchester United y estar\u00e1 vinculado hasta 2028. En una jornada especial para el delantero argentino, hubo varias publicaciones de sus familiares en las redes sociales. \u00bfQui\u00e9n es qui\u00e9n de sus seres queridos? Hay Garnacho para rato. El delantero, criado en las canteras [&hellip;]<\/p>\n","protected":false},"author":1,"featured_media":59161,"comment_status":"open","ping_status":"closed","sticky":false,"template":"","format":"standard","meta":[],"categories":[16],"tags":[],"_links":{"self":[{"href":"http:\/\/hoycordobaweb.com\/index.php\/wp-json\/wp\/v2\/posts\/59160"}],"collection":[{"href":"http:\/\/hoycordobaweb.com\/index.php\/wp-json\/wp\/v2\/posts"}],"about":[{"href":"http:\/\/hoycordobaweb.com\/index.php\/wp-json\/wp\/v2\/types\/post"}],"author":[{"embeddable":true,"href":"http:\/\/hoycordobaweb.com\/index.php\/wp-json\/wp\/v2\/users\/1"}],"replies":[{"embeddable":true,"href":"http:\/\/hoycordobaweb.com\/index.php\/wp-json\/wp\/v2\/comments?post=59160"}],"version-history":[{"count":0,"href":"http:\/\/hoycordobaweb.com\/index.php\/wp-json\/wp\/v2\/posts\/59160\/revisions"}],"wp:featuredmedia":[{"embeddable":true,"href":"http:\/\/hoycordobaweb.com\/index.php\/wp-json\/wp\/v2\/media\/59161"}],"wp:attachment":[{"href":"http:\/\/hoycordobaweb.com\/index.php\/wp-json\/wp\/v2\/media?parent=59160"}],"wp:term":[{"taxonomy":"category","embeddable":true,"href":"http:\/\/hoycordobaweb.com\/index.php\/wp-json\/wp\/v2\/categories?post=59160"},{"taxonomy":"post_tag","embeddable":true,"href":"http:\/\/hoycordobaweb.com\/index.php\/wp-json\/wp\/v2\/tags?post=59160"}],"curies":[{"name":"wp","href":"https:\/\/api.w.org\/{rel}","templated":true}]}}