{"id":59047,"date":"2023-04-26T21:38:04","date_gmt":"2023-04-26T21:38:04","guid":{"rendered":"https:\/\/www.ole.com.ar\/racing\/fifa-matias-rojas-racing-copa-libertadores_0_61UjT83PHJ.html"},"modified":"2023-04-26T21:38:04","modified_gmt":"2023-04-26T21:38:04","slug":"la-fifa-destaco-el-golazo-de-matias-rojas-ante-nublense-por-libertadores","status":"publish","type":"post","link":"http:\/\/hoycordobaweb.com\/index.php\/2023\/04\/26\/la-fifa-destaco-el-golazo-de-matias-rojas-ante-nublense-por-libertadores\/","title":{"rendered":"La FIFA destac\u00f3 el golazo de Mat\u00edas Rojas ante \u00d1ublense por Libertadores"},"content":{"rendered":"<p><img src=\"http:\/\/hoycordobaweb.com\/wp-content\/uploads\/2023\/04\/la-fifa-destaco-el-golazo-de-matias-rojas-ante-nublense-por-libertadores.jpg\"><\/p>\n<p><time class=\"createDate\" datetime=\"2023-04-26T18:38:04-03:00\">26\/04\/2023 18:38hs.<\/time><time class=\"modificatedDate\" datetime=\"2023\/04\/26T18:38:04-03:00\"><\/time><\/p>\n<div id=\"storyBody\">\n<div class=\"sc-a7166897-0 gOoLzD\" readability=\"6\">\n<section readability=\"2\"><picture><img alt=\"Otra mala en Boca y S\u00faper alerta: se lesion\u00f3 Briasco\" src=\"http:\/\/hoycordobaweb.com\/wp-content\/uploads\/2023\/04\/la-fifa-destaco-el-golazo-de-matias-rojas-ante-nublense-por-libertadores-2.jpg\" width=\"29\" height=\"29\" decoding=\"async\" data-nimg=\"future\" loading=\"lazy\"><\/picture>\n<p><span>Mir\u00e1 tambi\u00e9n<\/span><\/p>\n<hr>\n<h3>Otra mala en Boca y S\u00faper alerta: se lesion\u00f3 Briasco<\/h3>\n<\/p>\n<\/section>\n<\/div>\n<div class=\"custom-text \" readability=\"32.116618075802\">\n<p><strong>La FIFA reconoci\u00f3 y destac\u00f3 el gol del mediocampista paraguayo Mat\u00edas Rojas de 62 metros <\/strong>que le convirti\u00f3 al \u00d1ublense de Chile por la primera fecha de la fase de grupos de la <a href=\"https:\/\/www.ole.com.ar\/tema\/copa-libertadores.html\" title=\"Copa Libertadores\" alt=\"Copa Libertadores\" class=\"slug\"><strong>Copa Libertadores<\/strong> <\/a>2023 con la camiseta de <a href=\"https:\/\/www.ole.com.ar\/tema\/racing.html\" title=\"Racing\" alt=\"Racing\" class=\"slug\">Racing<\/a>. As\u00ed, p<strong>odr\u00eda estar nominado al <\/strong><a href=\"https:\/\/www.ole.com.ar\/tema\/premios-puskas.html\" title=\"Premios Pusk\u00e1s\" alt=\"Premios Pusk\u00e1s\" class=\"slug\"><strong>Premio Pusk\u00e1s<\/strong><\/a> de fin de a\u00f1o tras este gui\u00f1o de la m\u00e1xima entidad del f\u00fatbol.<\/p>\n<\/div>\n<div class=\"sc-e6588e40-0 edrUiu\">\n<div class=\"sc-e6588e40-1 eWxHOh videoText\" id=\"contentTitleundefinedHgK41ays\"><svg fill=\"#ffffff\"><symbol id=\"play\" viewBox=\"0 0 512 512\"><path d=\"M512 256C512 397.4 397.4 512 256 512C114.6 512 0 397.4 0 256C0 114.6 114.6 0 256 0C397.4 0 512 114.6 512 256zM176 168V344C176 352.7 180.7 360.7 188.3 364.9C195.8 369.2 205.1 369 212.5 364.5L356.5 276.5C363.6 272.1 368 264.4 368 256C368 247.6 363.6 239.9 356.5 235.5L212.5 147.5C205.1 142.1 195.8 142.8 188.3 147.1C180.7 151.3 176 159.3 176 168V168z\" \/><\/symbol><use xlink:href=\"#play\" \/><\/svg><\/p>\n<div class=\"right\">\n<p>Racing<!-- --> &#8211;<!-- --> <span>26-4-2023<\/span><\/p>\n<h2 class=\"title-vid\">Mat\u00edas Rojas marc\u00f3 un golazo incre\u00edble desde mitad de cancha<\/h2>\n<\/div>\n<\/div>\n<p><span class=\"back\" id=\"spanBackundefinedHgK41ays\"><\/span><\/div>\n<div class=\"custom-text \" readability=\"35\">\n<p>A trav\u00e9s de un hilo de Twitter que fue compartido en la cuenta oficial de la FIFA<strong>, se destac\u00f3 el golazo del 10 de la Academia en el certamen de equipos m\u00e1s importantes del continente sudamericano.<\/strong> Tambi\u00e9n se mostraron otros que podr\u00edan participar del premio.<\/p>\n<\/div>\n<div class=\"custom-text \" readability=\"40\">\n<p><strong>\u00abEste incre\u00edble gol desde lejos de Mat\u00edas Rojas\u00bb,<\/strong> <strong>es lo que public\u00f3 la FIFA, que arranc\u00f3 el hilo de goles aclarando que son aspirantes a quedarse con el Premio Pusk\u00e1s<\/strong>. Igualmente, falta mucho para que finalice la temporada, con la posible aparici\u00f3n de otras joyitas. De todas formas, ser\u00e1 complicado igualar la obra de arte de Rojas<\/p>\n<\/div>\n<div class=\"sc-996041c8-0 dnrmTT\"><img alt=\"AMDEP266. SANTIAGO DE CHILE (CHILE), 27\/03\/2023.- Mat\u00edas Rojas de Paraguay celebra un gol hoy, en un partido amistoso internacional entre las selecciones de Chile y Paraguay en el estadio Nacional en Santiago de Chile (Chile). EFE\/ Elvis Gonz\u00e1lez\" src=\"http:\/\/hoycordobaweb.com\/wp-content\/uploads\/2023\/04\/la-fifa-destaco-el-golazo-de-matias-rojas-ante-nublense-por-libertadores-3.jpg\" width=\"72\" height=\"10\" decoding=\"async\" data-nimg=\"future\" loading=\"lazy\"><span>AMDEP266. SANTIAGO DE CHILE (CHILE), 27\/03\/2023.- Mat\u00edas Rojas de Paraguay celebra un gol hoy, en un partido amistoso internacional entre las selecciones de Chile y Paraguay en el estadio Nacional en Santiago de Chile (Chile). EFE\/ Elvis Gonz\u00e1lez<\/span><\/div>\n<div class=\"sc-a7166897-0 gOoLzD\" readability=\"6\">\n<section readability=\"2\"><picture><img alt=\"Gago y una liviandad peligrosa\" src=\"http:\/\/hoycordobaweb.com\/wp-content\/uploads\/2023\/04\/la-fifa-destaco-el-golazo-de-matias-rojas-ante-nublense-por-libertadores-4.jpg\" width=\"29\" height=\"29\" decoding=\"async\" data-nimg=\"future\" loading=\"lazy\"><\/picture>\n<p><span>Mir\u00e1 tambi\u00e9n<\/span><\/p>\n<hr>\n<h3>Gago y una liviandad peligrosa<\/h3>\n<\/p>\n<\/section>\n<\/div>\n<p><h2>\u00bfQu\u00e9 es el Premio Pusk\u00e1s?<\/h2>\n<\/p>\n<div class=\"custom-text \" readability=\"37\">\n<p><strong>El Premio Pusk\u00e1s de la FIFA se concede al futbolista que se dictamina que ha marcado el gol m\u00e1s relevante est\u00e9ticamente, independientemente de la competici\u00f3n, del sexo del autor o de su nacionalidad; siempre que el gol no haya sido producto de la suerte o de un error y que se haya caracterizado por su juego limpio.<\/strong><\/p>\n<\/div>\n<div class=\"sc-a7166897-0 gOoLzD\" readability=\"6\">\n<section readability=\"2\"><picture><img alt=\"Toloza en el Twitch de Ol\u00e9: &quot;En Buenos Aires te queda todo lejos&quot;\" src=\"http:\/\/hoycordobaweb.com\/wp-content\/uploads\/2023\/04\/la-fifa-destaco-el-golazo-de-matias-rojas-ante-nublense-por-libertadores-5.jpg\" width=\"29\" height=\"29\" decoding=\"async\" data-nimg=\"future\" loading=\"lazy\"><\/picture>\n<p><span>Mir\u00e1 tambi\u00e9n<\/span><\/p>\n<hr>\n<h3>Toloza en el Twitch de Ol\u00e9: \u00abEn Buenos Aires te queda todo lejos\u00bb<\/h3>\n<\/p>\n<\/section>\n<\/div>\n<\/div>\n","protected":false},"excerpt":{"rendered":"<p>26\/04\/2023 18:38hs. Mir\u00e1 tambi\u00e9n Otra mala en Boca y S\u00faper alerta: se lesion\u00f3 Briasco La FIFA reconoci\u00f3 y destac\u00f3 el gol del mediocampista paraguayo Mat\u00edas Rojas de 62 metros que le convirti\u00f3 al \u00d1ublense de Chile por la primera fecha de la fase de grupos de la Copa Libertadores 2023 con la camiseta de Racing. [&hellip;]<\/p>\n","protected":false},"author":1,"featured_media":59048,"comment_status":"open","ping_status":"closed","sticky":false,"template":"","format":"standard","meta":[],"categories":[16],"tags":[],"_links":{"self":[{"href":"http:\/\/hoycordobaweb.com\/index.php\/wp-json\/wp\/v2\/posts\/59047"}],"collection":[{"href":"http:\/\/hoycordobaweb.com\/index.php\/wp-json\/wp\/v2\/posts"}],"about":[{"href":"http:\/\/hoycordobaweb.com\/index.php\/wp-json\/wp\/v2\/types\/post"}],"author":[{"embeddable":true,"href":"http:\/\/hoycordobaweb.com\/index.php\/wp-json\/wp\/v2\/users\/1"}],"replies":[{"embeddable":true,"href":"http:\/\/hoycordobaweb.com\/index.php\/wp-json\/wp\/v2\/comments?post=59047"}],"version-history":[{"count":0,"href":"http:\/\/hoycordobaweb.com\/index.php\/wp-json\/wp\/v2\/posts\/59047\/revisions"}],"wp:featuredmedia":[{"embeddable":true,"href":"http:\/\/hoycordobaweb.com\/index.php\/wp-json\/wp\/v2\/media\/59048"}],"wp:attachment":[{"href":"http:\/\/hoycordobaweb.com\/index.php\/wp-json\/wp\/v2\/media?parent=59047"}],"wp:term":[{"taxonomy":"category","embeddable":true,"href":"http:\/\/hoycordobaweb.com\/index.php\/wp-json\/wp\/v2\/categories?post=59047"},{"taxonomy":"post_tag","embeddable":true,"href":"http:\/\/hoycordobaweb.com\/index.php\/wp-json\/wp\/v2\/tags?post=59047"}],"curies":[{"name":"wp","href":"https:\/\/api.w.org\/{rel}","templated":true}]}}