{"id":59039,"date":"2023-04-26T19:42:00","date_gmt":"2023-04-26T19:42:00","guid":{"rendered":"http:\/\/hoycordobaweb.com\/index.php\/2023\/04\/26\/brasil-suspende-telegram-por-negar-datos-sobre-neonazis-y-antisemitas\/"},"modified":"2023-04-26T19:42:00","modified_gmt":"2023-04-26T19:42:00","slug":"brasil-suspende-telegram-por-negar-datos-sobre-neonazis-y-antisemitas","status":"publish","type":"post","link":"http:\/\/hoycordobaweb.com\/index.php\/2023\/04\/26\/brasil-suspende-telegram-por-negar-datos-sobre-neonazis-y-antisemitas\/","title":{"rendered":"Brasil suspende Telegram por negar datos sobre neonazis y antisemitas"},"content":{"rendered":"<p><img src=\"http:\/\/hoycordobaweb.com\/wp-content\/uploads\/2023\/04\/brasil-suspende-telegram-por-negar-datos-sobre-neonazis-y-antisemitas.jpg\"><\/p>\n<figure class=\"mb-3\"><img loading=\"lazy\" data-src=\"http:\/\/hoycordobaweb.com\/wp-content\/uploads\/2023\/04\/brasil-suspende-telegram-por-negar-datos-sobre-neonazis-y-antisemitas-2.jpg\" src=\"https:\/\/www.telam.com.ar\/assets\/img\/not_image.png\" class=\" lazy \" width=\"100%\" height=\"100%\" alt=\"Telam SE\"><figcaption><\/figcaption><\/figure>\n<p>La Justicia de Brasil orden\u00f3 este mi\u00e9rcoles <strong>suspender el servicio de Telegram <\/strong>despu\u00e9s de que la aplicaci\u00f3n de mensajes se neg\u00f3 a entregar a la Polic\u00eda Federal datos concretos sobre <strong>grupos de tendencia neonazi y antisemita<\/strong>.<\/p>\n<p>Ahora, de acuerdo con la Direcci\u00f3n de Inteligencia de la Polic\u00eda Federal, las principales empresas de telefon\u00eda del pa\u00eds -Vivo, Claro, Tim, Oi, Google y Apple- recibir\u00e1n una carta en la que se solicitar\u00e1 que retiren Telegram de sus tiendas de apps.<\/p>\n<p>Las autoridades brasile\u00f1as impusieron tambi\u00e9n a la plataforma una <strong>multa de un mill\u00f3n de reales (en torno a 180.000 euros) por cada d\u00eda que la empresa no haya facilitado los datos sobre miembros y administradores de un grupo con contenido neonazi.<\/strong><\/p>\n<p>En el marco de una investigaci\u00f3n \u00absobre grupos nazis y neonazis que act\u00faan en las redes sociales (&#8230;) la justicia acept\u00f3 que la red que no est\u00e1 cumpliendo las decisiones, en este caso Telegram, reciba una multa de un mill\u00f3n de reales por d\u00eda y la suspensi\u00f3n temporaria de las actividades\u00bb, afirm\u00f3 a periodistas el ministro de Justicia y Seguridad de Brasil, Fl\u00e1vio Dino, en un video divulgado por su asesor\u00eda.<\/p>\n<p>Seg\u00fan la Polic\u00eda Federal, esta solicitud para entregar datos fue presentada tras un ataque a una escuela en Aracruz a comienzos de abril en el que fallecieron cuatro personas.<\/p>\n<p>Las investigaciones determinaron entonces que <strong>el autor de la masacre era miembro de grupos de perfil antisemita en Telegram<\/strong>.<\/p>\n<p>Tras esto, el juez del del Supremo Tribunal Federal, Alexandre de Moraes, apel\u00f3 al Gobierno a tomar medidas para controlar los discursos de odio en redes sociales.<\/p>\n<p>Las autoridades de Brasil han mantenido en los \u00faltimos meses una relaci\u00f3n tensa con la propia compa\u00f1\u00eda de mensajer\u00eda, a la que ya en periodo electoral instaron a controlar la difusi\u00f3n de informaciones falsas. <\/p>\n","protected":false},"excerpt":{"rendered":"<p>La Justicia de Brasil orden\u00f3 este mi\u00e9rcoles suspender el servicio de Telegram despu\u00e9s de que la aplicaci\u00f3n de mensajes se neg\u00f3 a entregar a la Polic\u00eda Federal datos concretos sobre grupos de tendencia neonazi y antisemita. Ahora, de acuerdo con la Direcci\u00f3n de Inteligencia de la Polic\u00eda Federal, las principales empresas de telefon\u00eda del pa\u00eds [&hellip;]<\/p>\n","protected":false},"author":1,"featured_media":59040,"comment_status":"open","ping_status":"closed","sticky":false,"template":"","format":"standard","meta":[],"categories":[24],"tags":[],"_links":{"self":[{"href":"http:\/\/hoycordobaweb.com\/index.php\/wp-json\/wp\/v2\/posts\/59039"}],"collection":[{"href":"http:\/\/hoycordobaweb.com\/index.php\/wp-json\/wp\/v2\/posts"}],"about":[{"href":"http:\/\/hoycordobaweb.com\/index.php\/wp-json\/wp\/v2\/types\/post"}],"author":[{"embeddable":true,"href":"http:\/\/hoycordobaweb.com\/index.php\/wp-json\/wp\/v2\/users\/1"}],"replies":[{"embeddable":true,"href":"http:\/\/hoycordobaweb.com\/index.php\/wp-json\/wp\/v2\/comments?post=59039"}],"version-history":[{"count":0,"href":"http:\/\/hoycordobaweb.com\/index.php\/wp-json\/wp\/v2\/posts\/59039\/revisions"}],"wp:featuredmedia":[{"embeddable":true,"href":"http:\/\/hoycordobaweb.com\/index.php\/wp-json\/wp\/v2\/media\/59040"}],"wp:attachment":[{"href":"http:\/\/hoycordobaweb.com\/index.php\/wp-json\/wp\/v2\/media?parent=59039"}],"wp:term":[{"taxonomy":"category","embeddable":true,"href":"http:\/\/hoycordobaweb.com\/index.php\/wp-json\/wp\/v2\/categories?post=59039"},{"taxonomy":"post_tag","embeddable":true,"href":"http:\/\/hoycordobaweb.com\/index.php\/wp-json\/wp\/v2\/tags?post=59039"}],"curies":[{"name":"wp","href":"https:\/\/api.w.org\/{rel}","templated":true}]}}