{"id":58996,"date":"2023-04-25T21:15:46","date_gmt":"2023-04-25T21:15:46","guid":{"rendered":"https:\/\/www.ole.com.ar\/futbol-internacional\/espana\/beccacece-elche-descenso_0_raGIIB5axB.html"},"modified":"2023-04-25T21:15:46","modified_gmt":"2023-04-25T21:15:46","slug":"beccacece-admitio-que-fue-al-elche-para-ascender","status":"publish","type":"post","link":"http:\/\/hoycordobaweb.com\/index.php\/2023\/04\/25\/beccacece-admitio-que-fue-al-elche-para-ascender\/","title":{"rendered":"Beccacece admiti\u00f3 que fue al Elche para ascender"},"content":{"rendered":"<p><img src=\"http:\/\/hoycordobaweb.com\/wp-content\/uploads\/2023\/04\/beccacece-admitio-que-fue-al-elche-para-ascender.jpg\"><\/p>\n<p><time class=\"createDate\" datetime=\"2023-04-25T18:15:46-03:00\">25\/04\/2023 18:15hs.<\/time><time class=\"modificatedDate\" datetime=\"2023\/04\/25T18:15:46-03:00\"><\/time><\/p>\n<div id=\"storyBody\">\n<div class=\"custom-text \" readability=\"35.668711656442\">\n<p><strong>\u00abSab\u00eda que hab\u00eda un 99% de chances de descender\u00bb<\/strong>. As\u00ed, <a href=\"https:\/\/www.ole.com.ar\/tema\/sebastian-beccacece.html\" title=\"Sebasti\u00e1n Beccacece\" alt=\"Sebasti\u00e1n Beccacece\" class=\"slug\"><strong>Sebasti\u00e1n Beccacece<\/strong><\/a> admiti\u00f3 que lleg\u00f3 al Elche con la intenci\u00f3n de ascender una vez consumado lo inevitable, que es una cuesti\u00f3n inevitable: el regreso a Segunda Divisi\u00f3n. De hecho, el Elche sum\u00f3 13 puntos en 30 fechas y solo resta la confirmaci\u00f3n matem\u00e1tica.<\/p>\n<\/div>\n<div class=\"custom-text \" readability=\"48\">\n<p>El ex Racing, Independiente y Defensa y Justicia argument\u00f3 as\u00ed su situaci\u00f3n: \u00ab<strong>Yo vine a un lugar que sab\u00eda que estaba de esta manera. No me sorprendi\u00f3 nada.<\/strong> Estoy trabajando en fortalecer los funcionamientos. En lo individual observo mejoras, no en los resultados. Entiendo los enojos. Ojal\u00e1 le podamos dar una alegr\u00eda al hincha, ganando un partido, eso desean los jugadores, trabajan para eso. Hay rivales que te superan, o son mejores, a veces nos encontramos con nuestros l\u00edmites. Somos personas. No es apretar un bot\u00f3n y se borra lo malo. Me enfoco en lo que viene, sin desentenderme de la molestia que genera una nueva derrota. <strong>Yo vine a construir para lo que viene.<\/strong> Si no hubiera esperado que se consumara, pero yo no soy as\u00ed, el f\u00fatbol es para asumir responsabilidades, para dar la cara. Yo vine a unir, a comprender a los futbolistas, porque siento eso\u00bb.<\/p>\n<\/div>\n<div class=\"sc-a7166897-0 gOoLzD\" readability=\"6.5\">\n<section readability=\"3\"><picture><img alt=\"Con la vuelta del Dibu Mart\u00ednez, Aston Villa gan\u00f3 y sue\u00f1a con la Europa League\" src=\"http:\/\/hoycordobaweb.com\/wp-content\/uploads\/2023\/04\/beccacece-admitio-que-fue-al-elche-para-ascender-2.jpg\" width=\"29\" height=\"29\" decoding=\"async\" data-nimg=\"future\" loading=\"lazy\"><\/picture>\n<p><span>Mir\u00e1 tambi\u00e9n<\/span><\/p>\n<hr>\n<h3>Con la vuelta del Dibu Mart\u00ednez, Aston Villa gan\u00f3 y sue\u00f1a con la Europa League<\/h3>\n<\/p>\n<\/section>\n<\/div>\n<div class=\"custom-text \" readability=\"37\">\n<p>\u00abYo vine a comprender al hincha. Voy a trabajar uniendo. Cuando tengamos la posibilidad de armado para nuestra nueva etapa s\u00ed ser evaluado por los resultados.<strong> Tengo claro que si no salen las cosas lo que va a pasar, porque tengo 20 a\u00f1os ac\u00e1. Estoy centrado en consolidar las bases para lo que viene\u00bb, agreg\u00f3.<\/strong><\/p>\n<\/div>\n<div class=\"sc-a7166897-0 gOoLzD\" readability=\"6.5\">\n<section readability=\"3\"><picture><img alt=\"La incre\u00edble historia de Taty Castellanos: de la espina de no venir a River a los cuatro goles al Real Madrid\" src=\"http:\/\/hoycordobaweb.com\/wp-content\/uploads\/2023\/04\/beccacece-admitio-que-fue-al-elche-para-ascender-3.jpg\" width=\"29\" height=\"29\" decoding=\"async\" data-nimg=\"future\" loading=\"lazy\"><\/picture>\n<p><span>Mir\u00e1 tambi\u00e9n<\/span><\/p>\n<hr>\n<h3>La incre\u00edble historia de Taty Castellanos: de la espina de no venir a River a los cuatro goles al Real Madrid<\/h3>\n<\/p>\n<\/section>\n<\/div>\n<div class=\"custom-text \" readability=\"36\">\n<p>\u00abMi sentir va vinculado con lo que tengo porque s\u00e9 que lo pueden hacer los futbolistas. Nunca har\u00eda algo sin pensar en lo que tengo, si se adapta a lo que siento voy. Como considero que lo que tengo va hacia lo que siento. Creo que es lo m\u00e1s conveniente\u00bb, sostuvo Becca.<\/p>\n<\/div>\n<div class=\"custom-text \" readability=\"44\">\n<p>El Elche visitar\u00e1 este mi\u00e9rcoles, a las 17.00, al Celta en Vigo. Becca dirigi\u00f3 cuatro partidos al equipo de Alicante, con cuatro derrotas, Barcelona, Osasuna, Girona y Valencia. Pero su proyecto es el regreso para 2024. Dicen que Mauro \u00d3bolo, ex delantero de Belgrano, ser\u00eda el director deportivo puesto por Cristian Bragarnik, el gerenciador del Elche.<\/p>\n<\/div>\n<\/div>\n","protected":false},"excerpt":{"rendered":"<p>25\/04\/2023 18:15hs. \u00abSab\u00eda que hab\u00eda un 99% de chances de descender\u00bb. As\u00ed, Sebasti\u00e1n Beccacece admiti\u00f3 que lleg\u00f3 al Elche con la intenci\u00f3n de ascender una vez consumado lo inevitable, que es una cuesti\u00f3n inevitable: el regreso a Segunda Divisi\u00f3n. De hecho, el Elche sum\u00f3 13 puntos en 30 fechas y solo resta la confirmaci\u00f3n matem\u00e1tica. [&hellip;]<\/p>\n","protected":false},"author":1,"featured_media":58997,"comment_status":"open","ping_status":"closed","sticky":false,"template":"","format":"standard","meta":[],"categories":[16],"tags":[],"_links":{"self":[{"href":"http:\/\/hoycordobaweb.com\/index.php\/wp-json\/wp\/v2\/posts\/58996"}],"collection":[{"href":"http:\/\/hoycordobaweb.com\/index.php\/wp-json\/wp\/v2\/posts"}],"about":[{"href":"http:\/\/hoycordobaweb.com\/index.php\/wp-json\/wp\/v2\/types\/post"}],"author":[{"embeddable":true,"href":"http:\/\/hoycordobaweb.com\/index.php\/wp-json\/wp\/v2\/users\/1"}],"replies":[{"embeddable":true,"href":"http:\/\/hoycordobaweb.com\/index.php\/wp-json\/wp\/v2\/comments?post=58996"}],"version-history":[{"count":0,"href":"http:\/\/hoycordobaweb.com\/index.php\/wp-json\/wp\/v2\/posts\/58996\/revisions"}],"wp:featuredmedia":[{"embeddable":true,"href":"http:\/\/hoycordobaweb.com\/index.php\/wp-json\/wp\/v2\/media\/58997"}],"wp:attachment":[{"href":"http:\/\/hoycordobaweb.com\/index.php\/wp-json\/wp\/v2\/media?parent=58996"}],"wp:term":[{"taxonomy":"category","embeddable":true,"href":"http:\/\/hoycordobaweb.com\/index.php\/wp-json\/wp\/v2\/categories?post=58996"},{"taxonomy":"post_tag","embeddable":true,"href":"http:\/\/hoycordobaweb.com\/index.php\/wp-json\/wp\/v2\/tags?post=58996"}],"curies":[{"name":"wp","href":"https:\/\/api.w.org\/{rel}","templated":true}]}}