{"id":58974,"date":"2023-04-25T20:12:41","date_gmt":"2023-04-25T20:12:41","guid":{"rendered":"http:\/\/hoycordobaweb.com\/index.php\/2023\/04\/25\/robert-de-niro-atrae-talento-a-su-proxima-serie-en-netflix-serielizados\/"},"modified":"2023-04-25T20:12:41","modified_gmt":"2023-04-25T20:12:41","slug":"robert-de-niro-atrae-talento-a-su-proxima-serie-en-netflix-serielizados","status":"publish","type":"post","link":"http:\/\/hoycordobaweb.com\/index.php\/2023\/04\/25\/robert-de-niro-atrae-talento-a-su-proxima-serie-en-netflix-serielizados\/","title":{"rendered":"Robert De Niro atrae talento a su pr\u00f3xima serie en <b>Netflix<\/b> &#8211; Serielizados"},"content":{"rendered":"<p>&#39;Zero Day&#39;, el thriller pol\u00edtico que ser\u00e1 la primera serie de Robert De Niro para <b>Netflix<\/b>, ha conseguido cuatro fichajes de relumbr\u00f3n. <\/p>\n","protected":false},"excerpt":{"rendered":"<p>&#39;Zero Day&#39;, el thriller pol\u00edtico que ser\u00e1 la primera serie de Robert De Niro para Netflix, ha conseguido cuatro fichajes de relumbr\u00f3n.<\/p>\n","protected":false},"author":1,"featured_media":0,"comment_status":"closed","ping_status":"closed","sticky":false,"template":"","format":"standard","meta":[],"categories":[23],"tags":[],"_links":{"self":[{"href":"http:\/\/hoycordobaweb.com\/index.php\/wp-json\/wp\/v2\/posts\/58974"}],"collection":[{"href":"http:\/\/hoycordobaweb.com\/index.php\/wp-json\/wp\/v2\/posts"}],"about":[{"href":"http:\/\/hoycordobaweb.com\/index.php\/wp-json\/wp\/v2\/types\/post"}],"author":[{"embeddable":true,"href":"http:\/\/hoycordobaweb.com\/index.php\/wp-json\/wp\/v2\/users\/1"}],"replies":[{"embeddable":true,"href":"http:\/\/hoycordobaweb.com\/index.php\/wp-json\/wp\/v2\/comments?post=58974"}],"version-history":[{"count":0,"href":"http:\/\/hoycordobaweb.com\/index.php\/wp-json\/wp\/v2\/posts\/58974\/revisions"}],"wp:attachment":[{"href":"http:\/\/hoycordobaweb.com\/index.php\/wp-json\/wp\/v2\/media?parent=58974"}],"wp:term":[{"taxonomy":"category","embeddable":true,"href":"http:\/\/hoycordobaweb.com\/index.php\/wp-json\/wp\/v2\/categories?post=58974"},{"taxonomy":"post_tag","embeddable":true,"href":"http:\/\/hoycordobaweb.com\/index.php\/wp-json\/wp\/v2\/tags?post=58974"}],"curies":[{"name":"wp","href":"https:\/\/api.w.org\/{rel}","templated":true}]}}