{"id":58969,"date":"2023-04-25T09:49:00","date_gmt":"2023-04-25T09:49:00","guid":{"rendered":"https:\/\/fm-comunicar.com.ar\/contenido\/20169\/esta-semana-habra-jornadas-especiales-de-vacunacion-por-la-semana-de-las-america"},"modified":"2023-04-25T09:49:00","modified_gmt":"2023-04-25T09:49:00","slug":"semana-de-vacunacion-de-las-americas-habra-jornadas-especiales-de-inmunizacion","status":"publish","type":"post","link":"http:\/\/hoycordobaweb.com\/index.php\/2023\/04\/25\/semana-de-vacunacion-de-las-americas-habra-jornadas-especiales-de-inmunizacion\/","title":{"rendered":"Semana de Vacunaci\u00f3n de las Am\u00e9ricas: habr\u00e1 jornadas especiales de inmunizaci\u00f3n"},"content":{"rendered":"<p>Ser\u00e1n este martes en el Dispensario del Lote XI \u00a0y el viernes en los centros de salud de Lote XV y Malabrigo. Se completar\u00e1n calendarios con vacunas antigripales, contra el Covid, neumon\u00eda, hepatitis B, entre otras.<img src=\"http:\/\/hoycordobaweb.com\/wp-content\/uploads\/2023\/04\/semana-de-vacunacion-de-las-americas-habra-jornadas-especiales-de-inmunizacion.jpg\"><\/p>\n","protected":false},"excerpt":{"rendered":"<p>Ser\u00e1n este martes en el Dispensario del Lote XI \u00a0y el viernes en los centros de salud de Lote XV y Malabrigo. Se completar\u00e1n calendarios con vacunas antigripales, contra el Covid, neumon\u00eda, hepatitis B, entre otras.<\/p>\n","protected":false},"author":1,"featured_media":58970,"comment_status":"closed","ping_status":"closed","sticky":false,"template":"","format":"standard","meta":[],"categories":[18],"tags":[],"_links":{"self":[{"href":"http:\/\/hoycordobaweb.com\/index.php\/wp-json\/wp\/v2\/posts\/58969"}],"collection":[{"href":"http:\/\/hoycordobaweb.com\/index.php\/wp-json\/wp\/v2\/posts"}],"about":[{"href":"http:\/\/hoycordobaweb.com\/index.php\/wp-json\/wp\/v2\/types\/post"}],"author":[{"embeddable":true,"href":"http:\/\/hoycordobaweb.com\/index.php\/wp-json\/wp\/v2\/users\/1"}],"replies":[{"embeddable":true,"href":"http:\/\/hoycordobaweb.com\/index.php\/wp-json\/wp\/v2\/comments?post=58969"}],"version-history":[{"count":0,"href":"http:\/\/hoycordobaweb.com\/index.php\/wp-json\/wp\/v2\/posts\/58969\/revisions"}],"wp:featuredmedia":[{"embeddable":true,"href":"http:\/\/hoycordobaweb.com\/index.php\/wp-json\/wp\/v2\/media\/58970"}],"wp:attachment":[{"href":"http:\/\/hoycordobaweb.com\/index.php\/wp-json\/wp\/v2\/media?parent=58969"}],"wp:term":[{"taxonomy":"category","embeddable":true,"href":"http:\/\/hoycordobaweb.com\/index.php\/wp-json\/wp\/v2\/categories?post=58969"},{"taxonomy":"post_tag","embeddable":true,"href":"http:\/\/hoycordobaweb.com\/index.php\/wp-json\/wp\/v2\/tags?post=58969"}],"curies":[{"name":"wp","href":"https:\/\/api.w.org\/{rel}","templated":true}]}}