{"id":58965,"date":"2023-04-25T13:59:25","date_gmt":"2023-04-25T13:59:25","guid":{"rendered":"https:\/\/www.espinof.com\/actores-y-actrices\/ahi-que-te-tiembla-pulso-ricardo-darin-recordo-hormiguero-cuando-conocio-a-steven-spielberg-aclaro-daria-salto-a-hollywood"},"modified":"2023-04-25T13:59:25","modified_gmt":"2023-04-25T13:59:25","slug":"ahi-si-que-te-tiembla-el-pulso-ricardo-darin-recordo-en-el-hormiguero-cuando-conocio-a-steven-spielberg-y-aclaro-si-daria-el-salto-a-hollywood","status":"publish","type":"post","link":"http:\/\/hoycordobaweb.com\/index.php\/2023\/04\/25\/ahi-si-que-te-tiembla-el-pulso-ricardo-darin-recordo-en-el-hormiguero-cuando-conocio-a-steven-spielberg-y-aclaro-si-daria-el-salto-a-hollywood\/","title":{"rendered":"\u00abAh\u00ed s\u00ed que te tiembla el pulso\u00bb. Ricardo Dar\u00edn record\u00f3 en &#8216;El Hormiguero&#8217; cuando conoci\u00f3 a Steven Spielberg y aclar\u00f3 si dar\u00eda el salto a Hollywood"},"content":{"rendered":"<p><a href=\"https:\/\/www.espinof.com\/tag\/el-hormiguero\">&#8216;El Hormiguero&#8217;<\/a> recibi\u00f3 este lunes la visita de Ricardo Dar\u00edn. El int\u00e9rprete argentino habl\u00f3 de <a href=\"https:\/\/www.espinof.com\/festival-san-sebastian\/festival-san-sebastian-2022-argentina-1985-encuentra-punto-medio-perfecto-drama-judicial-comedia-ricardo-darin-excelso\">&#8216;Argentina, 1985&#8217;<\/a>, una de sus \u00faltimas pel\u00edculas que <strong>le ha llevado a coincidir ni m\u00e1s ni menos que con Steven Spielberg<\/strong>.<\/p>\n<p><!-- BREAK 1 --><\/p>\n<h2>\u00abUn tipo de gran sensibilidad\u00bb<\/h2>\n<p>Ricardo Dar\u00edn acudi\u00f3 anoche a &#8216;El Hormiguero&#8217; para hablar de &#8216;Argentina, 1985&#8217;, el estupendo thriller de Santiago Mitre en el que los personajes de Dar\u00edn y Peter Lanzani <strong>llevan a juicio a los altos mandos de una de las dictaduras m\u00e1s sangrientas de Argentina<\/strong>. En Espa\u00f1a, la pel\u00edcula est\u00e1 disponible a trav\u00e9s de <a class=\"js-ecommerce\" href=\"https:\/\/www.espinof.com\/redirect?url=https%3A%2F%2Fwww.primevideo.com%2Fdetail%2FArgentina-1985%2F0U3X7URM9HIE7L8OYI27ZS77YN&amp;category=actores-y-actrices\" data-vars-affiliate-url=\"https:\/\/www.espinof.com\/redirect?url=https%3A%2F%2Fwww.primevideo.com%2Fdetail%2FArgentina-1985%2F0U3X7URM9HIE7L8OYI27ZS77YN&amp;category=actores-y-actrices\">Amazon Prime Video<\/a>.<\/p>\n<p><!-- BREAK 2 --> <\/p>\n<p>En el programa, Dar\u00edn record\u00f3 la gala de los <a href=\"https:\/\/www.espinof.com\/listas\/ganadores-oscars-2023-lista-completa-premiados-oscar-2023\">Premios \u00d3scar<\/a> de este a\u00f1o, donde &#8216;Argentina, 1985&#8217; estaba nominada a Mejor Pel\u00edcula Extranjera. All\u00ed <strong>se les acerc\u00f3 Steven Spielberg para contarles lo mucho que le hab\u00eda gustado la pel\u00edcula<\/strong>:<\/p>\n<p><!-- BREAK 3 --><\/p>\n<blockquote><p>Nos sorprendi\u00f3 su humanidad. Se acerc\u00f3, me felicit\u00f3 y se qued\u00f3 hablando con nosotros 10 minutos. Me pareci\u00f3 un tipo con una gran sensibilidad, muy relajado, muy calmo y eso se le agradece much\u00edsimo.<\/p><\/blockquote>\n<div class=\"article-asset article-asset-normal article-asset-center\">\n<div class=\"desvio-container\">\n<div class=\"desvio\">\n<div class=\"desvio-figure js-desvio-figure\"> <a href=\"https:\/\/www.espinof.com\/actores-y-actrices\/cuando-ana-obregon-hizo-paella-a-steven-spielberg-fue-repugnante-se-comio\"> <img alt=\"Cuando Ana Obreg\u00f3n hizo una paella a Steven Spielberg: &quot;Fue repugnante, pero se la comi\u00f3&quot;\" src=\"http:\/\/hoycordobaweb.com\/wp-content\/uploads\/2023\/04\/ahi-si-que-te-tiembla-el-pulso-ricardo-darin-recordo-en-el-hormiguero-cuando-conocio-a-steven-spielberg-y-aclaro-si-daria-el-salto-a-hollywood.jpg\"> <\/a> <\/div><\/div><\/div>\n<\/div>\n<p>Con respecto a esto, el presentador record\u00f3 las veces que Dar\u00edn ha rechazado papeles para Hollywood y le pregunt\u00f3 si se animar\u00eda a hacerlo en caso de que Spielberg se lo propusiera: <strong>\u00abBueno, ah\u00ed s\u00ed que te tiembla un poco el pulso. Depende de para qu\u00e9, claro\u00bb<\/strong> reconoci\u00f3 el actor.<\/p>\n<p><!-- BREAK 4 --><\/p>\n<p>Tambi\u00e9n hablaron del tema de cumplir a\u00f1os: \u00ab\u00bfAlguna vez notas que te tratan con m\u00e1s edad de la que t\u00fa sientes por dentro?\u00bb le pregunt\u00f3 Motos, a lo que Dar\u00edn respondi\u00f3 respondi\u00f3 afirmativamente y a\u00f1adi\u00f3: <strong>\u00abSe puede nacer viejo y morir joven\u00bb<\/strong>.<\/p>\n<p><!-- BREAK 5 --><\/p>\n<p>En Espinof | <a href=\"https:\/\/www.espinof.com\/listas\/que-ver-cuatro-peliculas-juicios-imprescindibles-anos-noventa-que-tienes-disponible-streaming\">4 pel\u00edculas de juicios imprescindibles de los a\u00f1os 90 que est\u00e1n disponibles en streaming<\/a><\/p>\n<p><!-- BREAK 6 --> <\/p>\n","protected":false},"excerpt":{"rendered":"<p>&#8216;El Hormiguero&#8217; recibi\u00f3 este lunes la visita de Ricardo Dar\u00edn. El int\u00e9rprete argentino habl\u00f3 de &#8216;Argentina, 1985&#8217;, una de sus \u00faltimas pel\u00edculas que le ha llevado a coincidir ni m\u00e1s ni menos que con Steven Spielberg. \u00abUn tipo de gran sensibilidad\u00bb Ricardo Dar\u00edn acudi\u00f3 anoche a &#8216;El Hormiguero&#8217; para hablar de &#8216;Argentina, 1985&#8217;, el estupendo [&hellip;]<\/p>\n","protected":false},"author":1,"featured_media":58966,"comment_status":"open","ping_status":"closed","sticky":false,"template":"","format":"standard","meta":[],"categories":[10],"tags":[],"_links":{"self":[{"href":"http:\/\/hoycordobaweb.com\/index.php\/wp-json\/wp\/v2\/posts\/58965"}],"collection":[{"href":"http:\/\/hoycordobaweb.com\/index.php\/wp-json\/wp\/v2\/posts"}],"about":[{"href":"http:\/\/hoycordobaweb.com\/index.php\/wp-json\/wp\/v2\/types\/post"}],"author":[{"embeddable":true,"href":"http:\/\/hoycordobaweb.com\/index.php\/wp-json\/wp\/v2\/users\/1"}],"replies":[{"embeddable":true,"href":"http:\/\/hoycordobaweb.com\/index.php\/wp-json\/wp\/v2\/comments?post=58965"}],"version-history":[{"count":0,"href":"http:\/\/hoycordobaweb.com\/index.php\/wp-json\/wp\/v2\/posts\/58965\/revisions"}],"wp:featuredmedia":[{"embeddable":true,"href":"http:\/\/hoycordobaweb.com\/index.php\/wp-json\/wp\/v2\/media\/58966"}],"wp:attachment":[{"href":"http:\/\/hoycordobaweb.com\/index.php\/wp-json\/wp\/v2\/media?parent=58965"}],"wp:term":[{"taxonomy":"category","embeddable":true,"href":"http:\/\/hoycordobaweb.com\/index.php\/wp-json\/wp\/v2\/categories?post=58965"},{"taxonomy":"post_tag","embeddable":true,"href":"http:\/\/hoycordobaweb.com\/index.php\/wp-json\/wp\/v2\/tags?post=58965"}],"curies":[{"name":"wp","href":"https:\/\/api.w.org\/{rel}","templated":true}]}}